{"id":568244,"date":"2024-10-22T00:41:57","date_gmt":"2024-10-22T04:41:57","guid":{"rendered":"https:\/\/diariodominicano.com\/?p=568244"},"modified":"2024-10-22T00:44:39","modified_gmt":"2024-10-22T04:44:39","slug":"condenan-a-expresidente-peruano-alejandro-toledo-a-20-anos-de-carcel-por-recibir-sobornos-de-odebrecht","status":"publish","type":"post","link":"https:\/\/diariodominicano.com\/?p=568244","title":{"rendered":"Condenan a expresidente peruano Alejandro Toledo a 20 a\u00f1os de c\u00e1rcel por recibir sobornos de Odebrecht"},"content":{"rendered":"\n<p>El expresidente peruano Alejandro Toledo comparece ante un tribunal para recibir sentencia durante su juicio por cargos de corrupci\u00f3n relacionados con la empresa brasile\u00f1a Odebrecht, en Lima, Per\u00fa, el 21 de octubre de 2024<\/p>\n\n\n\n<p>octubre 21, 2024<\/p>\n\n\n\n<ul class=\"wp-block-list\">\n<li><a href=\"https:\/\/www.vozdeamerica.com\/author\/voz-de-america-redaccion\/p_kym\">Voz de Am\u00e9rica &#8211; Redacci\u00f3n<\/a><\/li>\n<\/ul>\n\n\n\n<p><a href=\"https:\/\/www.vozdeamerica.com\/a\/condenan-a-expresidente-peruano-alejandro-toledo-a-20-anios-de-carcel-por-recibir-sobornos-de-odebrecht\/7830906.html#comments\">&nbsp;Vea comentarios<\/a><\/p>\n\n\n\n<p>El expresidente peruano Alejando Toledo fue sentenciado a m\u00e1s de 20 a\u00f1os de prisi\u00f3n por corrupci\u00f3n.<\/p>\n\n\n\n<p>La justicia peruana conden\u00f3 el lunes al expresidente Alejandro Toledo a 20 a\u00f1os y seis meses de c\u00e1rcel por aceptar sobornos de la constructora brasile\u00f1a Odebrecht a cambio de adjudicarle una millonaria obra de infraestructura.<\/p>\n\n\n\n<p>El tribunal a cargo del proceso lo sentenci\u00f3, adem\u00e1s, con tres a\u00f1os de inhabilitaci\u00f3n para ejercer cargo p\u00fablico, tal como lo hab\u00eda solicitado la fiscal\u00eda.<\/p>\n\n\n\n<p>Toledo es el segundo exmandatario peruano condenado por corrupci\u00f3n, luego de que el recientemente fallecido Alberto Fujimori (1990-2000) recibi\u00f3 en 2009 tres sentencias por ese delito, aparte de otra como autor mediato de 25 asesinatos.<\/p>\n\n\n\n<p>Pero Toledo es el primer expresidente condenado en el conocido como caso Odebrecht, en el que est\u00e1n siendo investigados otros tres exmandatarios peruanos: Ollanta Humala, Mart\u00edn Vizcarra y Pedro Pablo Kuczynski. El expresidente Alan Garc\u00eda se suicid\u00f3 en medio de las investigaciones por el mismo caso, que tambi\u00e9n&nbsp;<em><strong><a href=\"https:\/\/www.vozdeamerica.com\/a\/justicia-peru-juicio-lavado-activos-keiko-fujimori\/7680671.html\" target=\"_blank\" rel=\"noreferrer noopener\">salpica a la excandidata Keiko Fujimori.<\/a><\/strong><\/em><\/p>\n\n\n\n<p><a href=\"https:\/\/www.vozdeamerica.com\/a\/peru-6-presidentes-en-7-anios-por-que-no-logra-salir-de-su-crisis-politica-\/7628680.html\"><\/a><\/p>\n\n\n\n<p><a href=\"https:\/\/www.vozdeamerica.com\/a\/peru-6-presidentes-en-7-anios-por-que-no-logra-salir-de-su-crisis-politica-\/7628680.html\">Tambi\u00e9n lea<\/a><\/p>\n\n\n\n<h4 class=\"wp-block-heading\"><a href=\"https:\/\/www.vozdeamerica.com\/a\/peru-6-presidentes-en-7-anios-por-que-no-logra-salir-de-su-crisis-politica-\/7628680.html\">Seis presidentes en 7 a\u00f1os: \u00bfPor qu\u00e9 Per\u00fa no logra salir de su crisis pol\u00edtica?<\/a><\/h4>\n\n\n\n<p>\u00abEsta es una sentencia hist\u00f3rica\u00bb, dijo a los periodistas el fiscal Domingo P\u00e9rez tras conocerse el fallo contra Toledo, que consider\u00f3 como un \u00abmensaje de que no puede haber impunidad en nuestro pa\u00eds, que los cr\u00edmenes y la corrupci\u00f3n se castigan\u00bb.<\/p>\n\n\n\n<p>Por su parte, el abogado del exmandatario, Roberto Su, asegur\u00f3 que apelar\u00e1n a la sentencia y pedir\u00e1 arresto domiciliario. Adem\u00e1s, dijo que Toledo \u00abestaba preparado para decisiones como esta. Es un hombre fuerte\u00bb.<\/p>\n\n\n\n<p>Toledo, que gobern\u00f3 entre el 2001 y 2006, recibi\u00f3 seg\u00fan la fiscal\u00eda, hasta 35 millones de d\u00f3lares en sobornos de Odebrecht, ahora conocida como Novonor, para permitir que la empresa ganara una licitaci\u00f3n p\u00fablica para construir 650 kil\u00f3metros de una carretera que actualmente une la costa sur de Per\u00fa con una zona amaz\u00f3nica de Brasil.<\/p>\n\n\n\n<p>Esa parte de la carretera costaba al inicio 507 millones de d\u00f3lares, pero Per\u00fa termin\u00f3 pagando 1.255 millones de d\u00f3lares.<\/p>\n\n\n\n<p><a href=\"https:\/\/www.vozdeamerica.com\/a\/alejandro-toledo-reaparece-en-juicio-por-corrupcion-en-sala-exclusiva-para-expresidentes-de-peru\/7819389.html\"><\/a><\/p>\n\n\n\n<p><a href=\"https:\/\/www.vozdeamerica.com\/a\/alejandro-toledo-reaparece-en-juicio-por-corrupcion-en-sala-exclusiva-para-expresidentes-de-peru\/7819389.html\">Tambi\u00e9n lea<\/a><\/p>\n\n\n\n<h4 class=\"wp-block-heading\"><a href=\"https:\/\/www.vozdeamerica.com\/a\/alejandro-toledo-reaparece-en-juicio-por-corrupcion-en-sala-exclusiva-para-expresidentes-de-peru\/7819389.html\">Alejandro Toledo reaparece en juicio en sala exclusiva para expresidentes de Per\u00fa<\/a><\/h4>\n\n\n\n<p>Toledo, de 78 a\u00f1os, neg\u00f3 en el juicio que dur\u00f3 un a\u00f1o los cargos de lavado de activos y colusi\u00f3n y en su intervenci\u00f3n la semana pasada pidi\u00f3 al tribunal que, en caso de una condena, lo dejen cumplirla en su domicilio para recuperarse de un c\u00e1ncer.<\/p>\n\n\n\n<p>\u00abLes pido por favor, d\u00e9jenme curar o morir en mi casa\u00bb, dijo tras clamar dram\u00e1ticamente su inocencia ante los jueces. Los fiscales hab\u00edan pedido 20 a\u00f1os y seis meses de prisi\u00f3n.<\/p>\n\n\n\n<p>La condena fue anunciada en una sala acondicionada en un peque\u00f1o penal de Lima,&nbsp;<strong><em><a href=\"https:\/\/www.vozdeamerica.com\/a\/peru-inaugura-sala-judicial-junto-a-carcel-de-expresidentes\/7750293.html\" target=\"_blank\" rel=\"noreferrer noopener\">construida para albergar a exmandatarios del pa\u00eds andino<\/a><\/em><\/strong>, donde Toledo est\u00e1 recluido de forma preventiva desde abril del 2023 cuando fue extraditado de Estados Unidos.<\/p>\n\n\n\n<p>Toledo, economista becado en la Universidad de San Francisco y que tuvo una maestr\u00eda de la Universidad de Stanford, en Estados Unidos, firm\u00f3 a finales de su mandato el 2006 el contrato con Odebrecht para la construcci\u00f3n de la carretera, obra que se concret\u00f3 en los gobiernos de Garc\u00eda y Humala.<\/p>\n\n\n\n<p>Odebrecht, en su momento una de las mayores constructoras de la regi\u00f3n, reconoci\u00f3 en 2016 que pag\u00f3 sobornos para ganar obras p\u00fablica en Brasil y en sus filiales de Am\u00e9rica Latina.<\/p>\n\n\n\n<p>El exmandatario, de origen andino y que de ni\u00f1o fue lustrabotas, fue detenido en Estados Unidos en el 2019 tras una solicitud de Per\u00fa para su extradici\u00f3n. Un a\u00f1o antes hab\u00eda salido del pa\u00eds y la justicia lo declar\u00f3 pr\u00f3fugo.<\/p>\n\n\n\n<p>En el juicio los fiscales contaron con los testimonios clave, entre otros, el del&nbsp;<a href=\"https:\/\/www.vozdeamerica.com\/a\/exejecutivo-de-odebrecht-confirma-en-juicio-aportes-para-expresidentes-de-peru\/7258779.html\" target=\"_blank\" rel=\"noreferrer noopener\"><strong><em>exejecutivo de Odebrecht Jorge Barata<\/em><\/strong>&nbsp;<\/a>y del excolaborador del exmandatario Josef Maiman. Ambos testificaron ante los jueces que Toledo recibi\u00f3 sobornos.<\/p>\n\n\n\n<p><em>[Con informaci\u00f3n de Reuters y AP]<\/em><\/p>\n\n\n\n<p>#Diariodominicano.com<\/p>\n\n\n\n<p><\/p>\n","protected":false},"excerpt":{"rendered":"<p>El expresidente peruano Alejandro Toledo comparece ante un tribunal para recibir sentencia durante su juicio por cargos de corrupci\u00f3n relacionados con la empresa brasile\u00f1a Odebrecht, en Lima, Per\u00fa, el 21 de octubre de 2024 octubre 21, 2024 &nbsp;Vea comentarios El expresidente peruano Alejando Toledo fue sentenciado a m\u00e1s de 20 a\u00f1os de prisi\u00f3n por corrupci\u00f3n. [&hellip;]<\/p>\n","protected":false},"author":28,"featured_media":568245,"comment_status":"closed","ping_status":"closed","sticky":false,"template":"","format":"standard","meta":{"footnotes":""},"categories":[23,24],"tags":[],"class_list":["post-568244","post","type-post","status-publish","format-standard","has-post-thumbnail","hentry","category-internacional","category-justicia-y-derecho"],"_links":{"self":[{"href":"https:\/\/diariodominicano.com\/index.php?rest_route=\/wp\/v2\/posts\/568244","targetHints":{"allow":["GET"]}}],"collection":[{"href":"https:\/\/diariodominicano.com\/index.php?rest_route=\/wp\/v2\/posts"}],"about":[{"href":"https:\/\/diariodominicano.com\/index.php?rest_route=\/wp\/v2\/types\/post"}],"author":[{"embeddable":true,"href":"https:\/\/diariodominicano.com\/index.php?rest_route=\/wp\/v2\/users\/28"}],"replies":[{"embeddable":true,"href":"https:\/\/diariodominicano.com\/index.php?rest_route=%2Fwp%2Fv2%2Fcomments&post=568244"}],"version-history":[{"count":2,"href":"https:\/\/diariodominicano.com\/index.php?rest_route=\/wp\/v2\/posts\/568244\/revisions"}],"predecessor-version":[{"id":568247,"href":"https:\/\/diariodominicano.com\/index.php?rest_route=\/wp\/v2\/posts\/568244\/revisions\/568247"}],"wp:featuredmedia":[{"embeddable":true,"href":"https:\/\/diariodominicano.com\/index.php?rest_route=\/wp\/v2\/media\/568245"}],"wp:attachment":[{"href":"https:\/\/diariodominicano.com\/index.php?rest_route=%2Fwp%2Fv2%2Fmedia&parent=568244"}],"wp:term":[{"taxonomy":"category","embeddable":true,"href":"https:\/\/diariodominicano.com\/index.php?rest_route=%2Fwp%2Fv2%2Fcategories&post=568244"},{"taxonomy":"post_tag","embeddable":true,"href":"https:\/\/diariodominicano.com\/index.php?rest_route=%2Fwp%2Fv2%2Ftags&post=568244"}],"curies":[{"name":"wp","href":"https:\/\/api.w.org\/{rel}","templated":true}]}}