{"id":568219,"date":"2024-10-21T23:58:12","date_gmt":"2024-10-22T03:58:12","guid":{"rendered":"https:\/\/diariodominicano.com\/?p=568219"},"modified":"2024-10-21T23:58:19","modified_gmt":"2024-10-22T03:58:19","slug":"liberan-a-periodista-guatemalteco-jose-ruben-zamora-tras-2-anos-de-prision-sin-condena","status":"publish","type":"post","link":"https:\/\/diariodominicano.com\/?p=568219","title":{"rendered":"Liberan a periodista guatemalteco Jos\u00e9 Rub\u00e9n Zamora tras 2 a\u00f1os de prisi\u00f3n sin condena"},"content":{"rendered":"\n<p>Jos\u00e9 Rub\u00e9n Zamora Marroqu\u00edn, fundador del ahora desaparecido el Peri\u00f3dico, es recibido despu\u00e9s de ser liberado de prisi\u00f3n despu\u00e9s de que un juez dictamin\u00f3 que permanecer\u00e1 bajo arresto domiciliario en la Ciudad de Guatemala, Guatemala, el 19 de octubre de 2024. REUTERS<\/p>\n\n\n\n<p>octubre 21, 2024<\/p>\n\n\n\n<ul class=\"wp-block-list\">\n<li><a href=\"https:\/\/www.vozdeamerica.com\/author\/associated-press\/v_kyr\">Associated Press<\/a><\/li>\n\n\n\n<li><\/li>\n<\/ul>\n\n\n\n<p><a href=\"https:\/\/www.vozdeamerica.com\/a\/liberan-a-periodista-guatemalteco-jose-ruben-zamora-tras-2-anios-de-prision-sin-condena\/7830114.html#comments\">&nbsp;Vea comentarios<\/a><\/p>\n\n\n\n<p>El periodista guatemalteco Jos\u00e9 Rub\u00e9n Zamora sali\u00f3 de la c\u00e1rcel despu\u00e9s de dos a\u00f1os, luego de que un juez ordenara cambiar la prisi\u00f3n preventiva que guardaba desde julio de 2022 por el arresto domiciliar.<\/p>\n\n\n\n<p>CIUDAD DE GUATEMALA \u2014&nbsp;<\/p>\n\n\n\n<p>El periodista guatemalteco Jos\u00e9 Rub\u00e9n Zamora fue liberado luego que la v\u00edspera un juez ordenara su arresto domiciliar en lugar de la prisi\u00f3n preventiva que ten\u00eda desde julio de 2022.<\/p>\n\n\n\n<p>\u201cEstoy agradecido por la solidaridad de todos. Sin ustedes yo hubiera sido olvidado (en prisi\u00f3n)\u201d afirm\u00f3 el periodista de 68 a\u00f1os, despu\u00e9s de su excarcelaci\u00f3n la tarde del s\u00e1bado.<\/p>\n\n\n\n<p>\u201cCreo que van a tratar de encerrarme otra vez. Si me van a volver a traer, los voy a esperar en mi casa otra vez y voy a volver a venir aqu\u00ed (a prisi\u00f3n). Este tipo de acciones los est\u00e1 acabando a ellos y no a m\u00ed, tengo el esp\u00edritu, el coraje y la fe para seguir. Ellos van a terminar primero que yo\u201d a\u00f1adi\u00f3.<\/p>\n\n\n\n<p><a href=\"https:\/\/www.vozdeamerica.com\/a\/reporte-detalla-abusos-poder-ministerio-publico-guatemalteco\/7814928.html\"><\/a><\/p>\n\n\n\n<p><a href=\"https:\/\/www.vozdeamerica.com\/a\/reporte-detalla-abusos-poder-ministerio-publico-guatemalteco\/7814928.html\">Tambi\u00e9n lea<\/a><\/p>\n\n\n\n<h4 class=\"wp-block-heading\"><a href=\"https:\/\/www.vozdeamerica.com\/a\/reporte-detalla-abusos-poder-ministerio-publico-guatemalteco\/7814928.html\">Reporte detalla abusos de poder del Ministerio P\u00fablico guatemalteco<\/a><\/h4>\n\n\n\n<p>Con una sonrisa en el rostro, vistiendo una camisa blanca y un pantal\u00f3n de mezclilla y esta vez sin esposas en las manos, Zamora abandon\u00f3 la prisi\u00f3n civil y militar de Mariscal Zavala, acompa\u00f1ado de amigos y familiares, rumbo a su casa \u2014resguardado por polic\u00edas.<\/p>\n\n\n\n<p>\u00abLos casos carecen de sustento, me imagino que van a seguir invent\u00e1ndose m\u00e1s\u00bb, subray\u00f3 el periodista sobre la criminalizaci\u00f3n que ha denunciado en su contra por parte de la fiscal\u00eda, dirigida por la fiscal general Consuelo Porras.<\/p>\n\n\n\n<p>A su salida habl\u00f3 un poco del futuro y de lo que espera hacer estando en libertad.<\/p>\n\n\n\n<p>\u201cDebemos de dejar atr\u00e1s a los fascistas, los comunistas ya no existen, Guatemala merece una agenda de decencia, donde no haya corrupci\u00f3n ni impunidad\u201d, sostuvo Zamora al abandonar la prisi\u00f3n.<\/p>\n\n\n\n<p>Algunos amigos aplaudieron, quemaron cohetillos y ondearon una bandera guatemalteca como muestra de apoyo.<\/p>\n\n\n\n<p>El periodista dijo que piensa tomarse las cosas con calma, dormir ocho horas seguidas por primera vez en dos a\u00f1os y realizarse ex\u00e1menes m\u00e9dicos de sus pulmones, pues la celda donde dorm\u00eda estaba llena de hongos.<\/p>\n\n\n\n<p>La fiscal\u00eda acusa al periodista de dos casos distintos, uno por lavado de dinero donde le habr\u00eda pedido a un amigo que bancarizara unos 38,000 d\u00f3lares, que eran producto de una donaci\u00f3n para El Peri\u00f3dico, el medio de comunicaci\u00f3n del que era presidente. El medio se especializaba en temas de corrupci\u00f3n y tuvo que cerrar su puertas luego de la detenci\u00f3n del periodista.<\/p>\n\n\n\n<p><a href=\"https:\/\/www.vozdeamerica.com\/a\/congreso-guatemala-elige-nueva-corte-suprema-renovacion-cuestionado-poder-judicial-\/7809616.html\"><\/a><\/p>\n\n\n\n<p><a href=\"https:\/\/www.vozdeamerica.com\/a\/congreso-guatemala-elige-nueva-corte-suprema-renovacion-cuestionado-poder-judicial-\/7809616.html\">Tambi\u00e9n lea<\/a><\/p>\n\n\n\n<h4 class=\"wp-block-heading\"><a href=\"https:\/\/www.vozdeamerica.com\/a\/congreso-guatemala-elige-nueva-corte-suprema-renovacion-cuestionado-poder-judicial-\/7809616.html\">Congreso de Guatemala elige a la nueva Corte Suprema en renovaci\u00f3n del cuestionado poder judicial<\/a><\/h4>\n\n\n\n<p>La defensa de Zamora ha dicho que \u00e9l mismo no bancariz\u00f3 el dinero porque la persona que hab\u00eda donado el dinero no quer\u00eda recibir represalias por financiar el medio. El dinero nunca entr\u00f3 al sistema bancario.<\/p>\n\n\n\n<p>Tras la acusaci\u00f3n, Zamora fue condenado a seis a\u00f1os de prisi\u00f3n pero la sentencia fue anulada por fallas en el debido proceso. El tribunal que conoce su casa le dio medidas sustitutivas a la prisi\u00f3n, pero no puede abandonarla por un segundo caso en su contra.<\/p>\n\n\n\n<p>La fiscal\u00eda entonces le hizo un segundo caso en que le acusa de conspiraci\u00f3n para obstruir la justicia por supuestamente mentir en el primer caso en su contra. A \u00e9ste le agreg\u00f3 otra acusaci\u00f3n de falsificar documentos por presuntamente no firmar las boletas migratorias que usaba para salir del pa\u00eds.<\/p>\n\n\n\n<p>En una entrevista con The Associated Press en mayo, el periodista cont\u00f3 que hab\u00eda sido torturado en prisi\u00f3n durante la gesti\u00f3n del expresidente Alejandro Giammattei (2020-2024), con quien mantuvo una fuerte confrontaci\u00f3n tras efectuar varias publicaciones e investigaciones de corrupci\u00f3n en su gobierno.<\/p>\n\n\n\n<p>Zamora es reconocido en el mundo period\u00edstico por haber presidido un medio que destap\u00f3 varios casos de corrupci\u00f3n en Guatemala. Es considerado una importante figura del periodismo contra la corrupci\u00f3n en Latinoam\u00e9rica.<\/p>\n\n\n\n<p>Su esposa y su hijo tuvieron que dejar el pa\u00eds, pues corr\u00edan el riesgo de ser perseguidos.<\/p>\n\n\n\n<p>Ocho periodistas y columnistas del medio fueron perseguidos por la fiscal\u00eda por publicar art\u00edculos sobre acusaciones de corrupci\u00f3n de jueces y fiscales. Todos est\u00e1n exiliados.<\/p>\n\n\n\n<p>#Ruben Zamora<\/p>\n\n\n\n<p>#Diariodominicano.com<\/p>\n","protected":false},"excerpt":{"rendered":"<p>Jos\u00e9 Rub\u00e9n Zamora Marroqu\u00edn, fundador del ahora desaparecido el Peri\u00f3dico, es recibido despu\u00e9s de ser liberado de prisi\u00f3n despu\u00e9s de que un juez dictamin\u00f3 que permanecer\u00e1 bajo arresto domiciliario en la Ciudad de Guatemala, Guatemala, el 19 de octubre de 2024. REUTERS octubre 21, 2024 &nbsp;Vea comentarios El periodista guatemalteco Jos\u00e9 Rub\u00e9n Zamora sali\u00f3 de [&hellip;]<\/p>\n","protected":false},"author":28,"featured_media":568220,"comment_status":"closed","ping_status":"closed","sticky":false,"template":"","format":"standard","meta":{"footnotes":""},"categories":[36,23,24],"tags":[],"class_list":["post-568219","post","type-post","status-publish","format-standard","has-post-thumbnail","hentry","category-hombresmujeresycosas","category-internacional","category-justicia-y-derecho"],"_links":{"self":[{"href":"https:\/\/diariodominicano.com\/index.php?rest_route=\/wp\/v2\/posts\/568219","targetHints":{"allow":["GET"]}}],"collection":[{"href":"https:\/\/diariodominicano.com\/index.php?rest_route=\/wp\/v2\/posts"}],"about":[{"href":"https:\/\/diariodominicano.com\/index.php?rest_route=\/wp\/v2\/types\/post"}],"author":[{"embeddable":true,"href":"https:\/\/diariodominicano.com\/index.php?rest_route=\/wp\/v2\/users\/28"}],"replies":[{"embeddable":true,"href":"https:\/\/diariodominicano.com\/index.php?rest_route=%2Fwp%2Fv2%2Fcomments&post=568219"}],"version-history":[{"count":1,"href":"https:\/\/diariodominicano.com\/index.php?rest_route=\/wp\/v2\/posts\/568219\/revisions"}],"predecessor-version":[{"id":568221,"href":"https:\/\/diariodominicano.com\/index.php?rest_route=\/wp\/v2\/posts\/568219\/revisions\/568221"}],"wp:featuredmedia":[{"embeddable":true,"href":"https:\/\/diariodominicano.com\/index.php?rest_route=\/wp\/v2\/media\/568220"}],"wp:attachment":[{"href":"https:\/\/diariodominicano.com\/index.php?rest_route=%2Fwp%2Fv2%2Fmedia&parent=568219"}],"wp:term":[{"taxonomy":"category","embeddable":true,"href":"https:\/\/diariodominicano.com\/index.php?rest_route=%2Fwp%2Fv2%2Fcategories&post=568219"},{"taxonomy":"post_tag","embeddable":true,"href":"https:\/\/diariodominicano.com\/index.php?rest_route=%2Fwp%2Fv2%2Ftags&post=568219"}],"curies":[{"name":"wp","href":"https:\/\/api.w.org\/{rel}","templated":true}]}}