{"id":568175,"date":"2024-10-21T23:24:55","date_gmt":"2024-10-22T03:24:55","guid":{"rendered":"https:\/\/diariodominicano.com\/?p=568175"},"modified":"2024-10-22T03:52:29","modified_gmt":"2024-10-22T07:52:29","slug":"isfodosu-celebra-el-174-aniversario-del-natalicio-de-salome-urena-con-ofrenda-floral-y-un-conversatorio","status":"publish","type":"post","link":"https:\/\/diariodominicano.com\/?p=568175","title":{"rendered":"ISFODOSU celebra el 174 aniversario del natalicio de Salom\u00e9 Ure\u00f1a con ofrenda floral y un conversatorio"},"content":{"rendered":"\n<p><em>El Instituto Superior de Formaci\u00f3n Docente Salom\u00e9 Ure\u00f1a, ISFODOSU, realiz\u00f3 una ofrenda floral en conjunto con los poetas de la Semana Internacional de la Poes\u00eda y un conversatorio con estudiantes y maestros<\/em><\/p>\n\n\n\n<p>Santo Domingo. &#8211; El Instituto Superior de Formaci\u00f3n Docente Salom\u00e9 Ure\u00f1a, ISFODOSU, celebr\u00f3 el 174 aniversario del natalicio de Salom\u00e9 Ure\u00f1a con una caminata que inici\u00f3 en la Fortaleza Ozama y concluy\u00f3 con una ofrenda floral en el Pante\u00f3n de la Patria, y con un conversatorio donde se puso de relieve sus facetas de educadora y poeta.<\/p>\n\n\n\n<figure class=\"wp-block-image size-large\"><img loading=\"lazy\" decoding=\"async\" width=\"1024\" height=\"683\" src=\"https:\/\/diariodominicano.com\/wp-content\/uploads\/2024\/10\/Ofrenda-floral-conversatorio-1024x683.jpeg\" alt=\"\" class=\"wp-image-568313\" srcset=\"https:\/\/diariodominicano.com\/wp-content\/uploads\/2024\/10\/Ofrenda-floral-conversatorio-1024x683.jpeg 1024w, https:\/\/diariodominicano.com\/wp-content\/uploads\/2024\/10\/Ofrenda-floral-conversatorio-300x200.jpeg 300w, https:\/\/diariodominicano.com\/wp-content\/uploads\/2024\/10\/Ofrenda-floral-conversatorio-768x512.jpeg 768w, https:\/\/diariodominicano.com\/wp-content\/uploads\/2024\/10\/Ofrenda-floral-conversatorio-1536x1024.jpeg 1536w, https:\/\/diariodominicano.com\/wp-content\/uploads\/2024\/10\/Ofrenda-floral-conversatorio-2048x1365.jpeg 2048w, https:\/\/diariodominicano.com\/wp-content\/uploads\/2024\/10\/Ofrenda-floral-conversatorio-816x544.jpeg 816w\" sizes=\"auto, (max-width: 1024px) 100vw, 1024px\" \/><\/figure>\n\n\n\n<p>El homenaje a la insigne educadora, considerada la madre de la educaci\u00f3n moderna y de la poes\u00eda dominicana, por quien se celebra cada a\u00f1o el D\u00eda Nacional del Poeta, se realiz\u00f3 con conjunto con los poetas de la Semana Internacional de la Poes\u00eda.<\/p>\n\n\n\n<p>La caminata y la ofrenda fue encabezada por la rectora del ISFODOSU, Dra. Nurys del Carmen Gonz\u00e1lez, y los escritores Mateo Morrison y Basilio Belliard, de la Semana de la Poes\u00eda.<\/p>\n\n\n\n<p>La Dra. Gonz\u00e1lez reivindic\u00f3 la figura de Salom\u00e9 por ser la inspiraci\u00f3n para que ese Instituto Superior asuma con ah\u00ednco la labor de formar maestros de excelencia para las aulas dominicanas.<\/p>\n\n\n\n<p>\u201cNos esforzamos, por formar maestros de excelencia que busquen siempre seguir el ejemplo de Salom\u00e9. Mujer valiente, visionaria, investigadora y educadora incansable, que abri\u00f3 la puerta a la mujer dominicana para formarse, y se ocup\u00f3 de formar a una generaci\u00f3n de maestras ilustres\u201d, destac\u00f3 la Rectora.<\/p>\n\n\n\n<p>Asimismo, Gonz\u00e1lez adelant\u00f3 que el ISFODOSU pondr\u00e1 a circular un poemario de Salom\u00e9 Ure\u00f1a, en el marco de la Feria Internacional del Libro de Santo Domingo, dentro de su nueva serie de Cl\u00e1sicos Dominicanos. Serie Poes\u00eda.<\/p>\n\n\n\n<figure class=\"wp-block-image size-large\"><img loading=\"lazy\" decoding=\"async\" width=\"1024\" height=\"683\" src=\"https:\/\/diariodominicano.com\/wp-content\/uploads\/2024\/10\/Ofrenda-floral-y-conversatorio-1024x683.jpeg\" alt=\"\" class=\"wp-image-568314\" srcset=\"https:\/\/diariodominicano.com\/wp-content\/uploads\/2024\/10\/Ofrenda-floral-y-conversatorio-1024x683.jpeg 1024w, https:\/\/diariodominicano.com\/wp-content\/uploads\/2024\/10\/Ofrenda-floral-y-conversatorio-300x200.jpeg 300w, https:\/\/diariodominicano.com\/wp-content\/uploads\/2024\/10\/Ofrenda-floral-y-conversatorio-768x512.jpeg 768w, https:\/\/diariodominicano.com\/wp-content\/uploads\/2024\/10\/Ofrenda-floral-y-conversatorio-816x544.jpeg 816w, https:\/\/diariodominicano.com\/wp-content\/uploads\/2024\/10\/Ofrenda-floral-y-conversatorio.jpeg 1080w\" sizes=\"auto, (max-width: 1024px) 100vw, 1024px\" \/><\/figure>\n\n\n\n<p>De su lado, el escritor Mateo Morrison, a quien este a\u00f1o se le dedica la Feria del Libro, destac\u00f3 a Salom\u00e9 como la voz m\u00e1s alta de la literatura latinoamericana del siglo XIX.<\/p>\n\n\n\n<p><strong>Salom\u00e9, una voz imprescindible en el tiempo<\/strong><\/p>\n\n\n\n<p>Posteriormente, en las instalaciones del campus del ISFODOSU en Santo Domingo, Recinto F\u00e9lix Evaristo Mej\u00eda, la entidad realiz\u00f3 el conversatorio \u201cSalom\u00e9, una voz imprescindible en el tiempo\u201d, con la participaci\u00f3n de los profesores de literatura Sandra Alvarado y Valent\u00edn Amaro, quienes abordaron la faceta de educadora y feminista de Salom\u00e9, y su faceta como poeta.<\/p>\n\n\n\n<p>Los estudiantes de la carrera de Lengua Espa\u00f1ola y Literatura para la Educaci\u00f3n Secundaria, Indimar Ventura, Neihel Lorenzoy, Rosalina Reyes, compartieron sus an\u00e1lisis literarios de los poemas \u201cA mi Patria\u201d, \u201cAngustias\u201d y \u201cMi Pedro\u201d.<\/p>\n\n\n\n<p>Al cierre de la actividad, el ISFODOSU homenaje\u00f3 a la ilustre educadora dominicana Ruth Nolasco, por su trascendencia en la formaci\u00f3n en lengua y literatura en el pa\u00eds, haciendo entrega de un retrato de autor\u00eda del artista Jos\u00e9 Segura.<\/p>\n\n\n\n<p><strong>Roger Leon Sanchez<\/strong>&nbsp;&lt;roger.leon@isfodosu.edu.do&gt;<\/p>\n\n\n\n<p>#ISFODOSU celebra el 174 aniversario educadora Salome Ure\u00f1a<\/p>\n\n\n\n<p>#Diariodominicano.com<\/p>\n\n\n\n<p><\/p>\n","protected":false},"excerpt":{"rendered":"<p>El Instituto Superior de Formaci\u00f3n Docente Salom\u00e9 Ure\u00f1a, ISFODOSU, realiz\u00f3 una ofrenda floral en conjunto con los poetas de la Semana Internacional de la Poes\u00eda y un conversatorio con estudiantes y maestros Santo Domingo. &#8211; El Instituto Superior de Formaci\u00f3n Docente Salom\u00e9 Ure\u00f1a, ISFODOSU, celebr\u00f3 el 174 aniversario del natalicio de Salom\u00e9 Ure\u00f1a con una [&hellip;]<\/p>\n","protected":false},"author":7,"featured_media":568311,"comment_status":"closed","ping_status":"closed","sticky":false,"template":"","format":"standard","meta":{"footnotes":""},"categories":[21,26],"tags":[551],"class_list":["post-568175","post","type-post","status-publish","format-standard","has-post-thumbnail","hentry","category-cultura","category-efemerides","tag-isfodosu"],"_links":{"self":[{"href":"https:\/\/diariodominicano.com\/index.php?rest_route=\/wp\/v2\/posts\/568175","targetHints":{"allow":["GET"]}}],"collection":[{"href":"https:\/\/diariodominicano.com\/index.php?rest_route=\/wp\/v2\/posts"}],"about":[{"href":"https:\/\/diariodominicano.com\/index.php?rest_route=\/wp\/v2\/types\/post"}],"author":[{"embeddable":true,"href":"https:\/\/diariodominicano.com\/index.php?rest_route=\/wp\/v2\/users\/7"}],"replies":[{"embeddable":true,"href":"https:\/\/diariodominicano.com\/index.php?rest_route=%2Fwp%2Fv2%2Fcomments&post=568175"}],"version-history":[{"count":4,"href":"https:\/\/diariodominicano.com\/index.php?rest_route=\/wp\/v2\/posts\/568175\/revisions"}],"predecessor-version":[{"id":568382,"href":"https:\/\/diariodominicano.com\/index.php?rest_route=\/wp\/v2\/posts\/568175\/revisions\/568382"}],"wp:featuredmedia":[{"embeddable":true,"href":"https:\/\/diariodominicano.com\/index.php?rest_route=\/wp\/v2\/media\/568311"}],"wp:attachment":[{"href":"https:\/\/diariodominicano.com\/index.php?rest_route=%2Fwp%2Fv2%2Fmedia&parent=568175"}],"wp:term":[{"taxonomy":"category","embeddable":true,"href":"https:\/\/diariodominicano.com\/index.php?rest_route=%2Fwp%2Fv2%2Fcategories&post=568175"},{"taxonomy":"post_tag","embeddable":true,"href":"https:\/\/diariodominicano.com\/index.php?rest_route=%2Fwp%2Fv2%2Ftags&post=568175"}],"curies":[{"name":"wp","href":"https:\/\/api.w.org\/{rel}","templated":true}]}}