{"id":568173,"date":"2024-10-21T21:45:22","date_gmt":"2024-10-22T01:45:22","guid":{"rendered":"https:\/\/diariodominicano.com\/?p=568173"},"modified":"2024-10-22T00:27:22","modified_gmt":"2024-10-22T04:27:22","slug":"infotep-y-creso-firman-acuerdo-para-la-formacion-de-atletas-paralimpicos","status":"publish","type":"post","link":"https:\/\/diariodominicano.com\/?p=568173","title":{"rendered":"INFOTEP y CRESO firman acuerdo para la formaci\u00f3n de atletas\u00a0paral\u00edmpicos"},"content":{"rendered":"\n<p>Santo Domingo. \u2013El Instituto Nacional de Formaci\u00f3n T\u00e9cnico Profesional (INFOTEP) firm\u00f3 un significativo acuerdo con el Programa Creando Sue\u00f1os Ol\u00edmpicos (CRESO), en presencia del Comit\u00e9 Paral\u00edmpico Internacional (CPI), para implementar un innovador plan de formaci\u00f3n y capacitaci\u00f3n dirigido a atletas dominicanos.<\/p>\n\n\n\n<p>Este convenio, que tiene una vigencia de tres a\u00f1os y es renovable, busca desarrollar programas de formaci\u00f3n t\u00e9cnico-profesional que fortalezcan las habilidades y competencias t\u00e9cnicas, sociales y administrativas de los atletas, permiti\u00e9ndoles as\u00ed emprender negocios o acceder al mercado laboral.<\/p>\n\n\n\n<figure class=\"wp-block-gallery has-nested-images columns-default is-cropped wp-block-gallery-1 is-layout-flex wp-block-gallery-is-layout-flex\">\n<figure class=\"wp-block-image size-large\"><img loading=\"lazy\" decoding=\"async\" width=\"1024\" height=\"682\" data-id=\"568177\" src=\"https:\/\/diariodominicano.com\/wp-content\/uploads\/2024\/10\/Felipe-Vicini-presidente-de-CRESO-1024x682.jpg\" alt=\"\" class=\"wp-image-568177\" srcset=\"https:\/\/diariodominicano.com\/wp-content\/uploads\/2024\/10\/Felipe-Vicini-presidente-de-CRESO-1024x682.jpg 1024w, https:\/\/diariodominicano.com\/wp-content\/uploads\/2024\/10\/Felipe-Vicini-presidente-de-CRESO-300x200.jpg 300w, https:\/\/diariodominicano.com\/wp-content\/uploads\/2024\/10\/Felipe-Vicini-presidente-de-CRESO-768x512.jpg 768w, https:\/\/diariodominicano.com\/wp-content\/uploads\/2024\/10\/Felipe-Vicini-presidente-de-CRESO-1536x1024.jpg 1536w, https:\/\/diariodominicano.com\/wp-content\/uploads\/2024\/10\/Felipe-Vicini-presidente-de-CRESO-2048x1365.jpg 2048w, https:\/\/diariodominicano.com\/wp-content\/uploads\/2024\/10\/Felipe-Vicini-presidente-de-CRESO-816x544.jpg 816w\" sizes=\"auto, (max-width: 1024px) 100vw, 1024px\" \/><\/figure>\n<\/figure>\n\n\n\n<p>Las formaciones abarcar\u00e1n diversas \u00e1reas, incluyendo carreras 4.0, tecnolog\u00eda, idiomas, turismo, salud, gastronom\u00eda y desarrollo de habilidades gerenciales.<\/p>\n\n\n\n<p>El profesor Rafael Santos Bad\u00eda, Director General del INFOTEP, expres\u00f3: \u201cPara el INFOTEP es una prioridad ofrecer nuestros servicios de formaci\u00f3n de manera integralmente inclusiva. Este acuerdo tambi\u00e9n prestar\u00e1 especial inter\u00e9s en potenciar las oportunidades para nuestros atletas paral\u00edmpicos, fortaleciendo sus competencias personales y laborales\u201d.<\/p>\n\n\n\n<figure class=\"wp-block-gallery has-nested-images columns-default is-cropped wp-block-gallery-2 is-layout-flex wp-block-gallery-is-layout-flex\">\n<figure class=\"wp-block-image size-large\"><img loading=\"lazy\" decoding=\"async\" width=\"1024\" height=\"682\" data-id=\"568176\" src=\"https:\/\/diariodominicano.com\/wp-content\/uploads\/2024\/10\/Durante-la-firma-INFOTEP-CRESO-1024x682.jpg\" alt=\"\" class=\"wp-image-568176\" srcset=\"https:\/\/diariodominicano.com\/wp-content\/uploads\/2024\/10\/Durante-la-firma-INFOTEP-CRESO-1024x682.jpg 1024w, https:\/\/diariodominicano.com\/wp-content\/uploads\/2024\/10\/Durante-la-firma-INFOTEP-CRESO-300x200.jpg 300w, https:\/\/diariodominicano.com\/wp-content\/uploads\/2024\/10\/Durante-la-firma-INFOTEP-CRESO-768x512.jpg 768w, https:\/\/diariodominicano.com\/wp-content\/uploads\/2024\/10\/Durante-la-firma-INFOTEP-CRESO-1536x1024.jpg 1536w, https:\/\/diariodominicano.com\/wp-content\/uploads\/2024\/10\/Durante-la-firma-INFOTEP-CRESO-2048x1365.jpg 2048w, https:\/\/diariodominicano.com\/wp-content\/uploads\/2024\/10\/Durante-la-firma-INFOTEP-CRESO-816x544.jpg 816w\" sizes=\"auto, (max-width: 1024px) 100vw, 1024px\" \/><\/figure>\n<\/figure>\n\n\n\n<p>\u201cCon este acuerdo, los atletas dominicanos se valorizan, el pa\u00eds prospera, y las metas de inclusividad y oportunidades alcanzan nuevos niveles de calidad y fortalecimiento ciudadano\u201d, concluy\u00f3 Santos Bad\u00eda.<\/p>\n\n\n\n<p>El presidente de CRESO, Felipe Vicini, exhort\u00f3 a los atletas aprovechar las excepcionales capacitaciones que les ofrecer\u00e1 el INFOTEP, lo que les garantizar\u00e1, afirm\u00f3, mejores oportunidades de acceso a empleos de calidad.<\/p>\n\n\n\n<figure class=\"wp-block-gallery has-nested-images columns-default is-cropped wp-block-gallery-3 is-layout-flex wp-block-gallery-is-layout-flex\">\n<figure class=\"wp-block-image size-large\"><img loading=\"lazy\" decoding=\"async\" width=\"1024\" height=\"682\" data-id=\"568179\" src=\"https:\/\/diariodominicano.com\/wp-content\/uploads\/2024\/10\/INFOTEP-y-CRESO-firman-acuerdo-para-la-formacion-atletas-paralimpicos-1024x682.jpg\" alt=\"\" class=\"wp-image-568179\" srcset=\"https:\/\/diariodominicano.com\/wp-content\/uploads\/2024\/10\/INFOTEP-y-CRESO-firman-acuerdo-para-la-formacion-atletas-paralimpicos-1024x682.jpg 1024w, https:\/\/diariodominicano.com\/wp-content\/uploads\/2024\/10\/INFOTEP-y-CRESO-firman-acuerdo-para-la-formacion-atletas-paralimpicos-300x200.jpg 300w, https:\/\/diariodominicano.com\/wp-content\/uploads\/2024\/10\/INFOTEP-y-CRESO-firman-acuerdo-para-la-formacion-atletas-paralimpicos-768x512.jpg 768w, https:\/\/diariodominicano.com\/wp-content\/uploads\/2024\/10\/INFOTEP-y-CRESO-firman-acuerdo-para-la-formacion-atletas-paralimpicos-1536x1024.jpg 1536w, https:\/\/diariodominicano.com\/wp-content\/uploads\/2024\/10\/INFOTEP-y-CRESO-firman-acuerdo-para-la-formacion-atletas-paralimpicos-2048x1365.jpg 2048w, https:\/\/diariodominicano.com\/wp-content\/uploads\/2024\/10\/INFOTEP-y-CRESO-firman-acuerdo-para-la-formacion-atletas-paralimpicos-816x544.jpg 816w\" sizes=\"auto, (max-width: 1024px) 100vw, 1024px\" \/><\/figure>\n<\/figure>\n\n\n\n<p>\u201cSin educaci\u00f3n no hay pa\u00eds, con este acuerdo, estamos aportando nuestro granito de \u00e1rea para que la Rep\u00fablica Dominicana sea un mejor pa\u00eds\u201d expres\u00f3 Vicini.<\/p>\n\n\n\n<p>La firma de este convenio estuvo encabezada, adem\u00e1s, por el presidente del Comit\u00e9 Paral\u00edmpico Internacional (CPI),&nbsp;<a href=\"https:\/\/www.google.com\/search?sca_esv=875cca400690ed1e&amp;rlz=1C1GCEU_esDO1031DO1031&amp;sxsrf=ADLYWIKk6LtgWOO9DJW8T8TDF7NPTw5jBw:1729529691498&amp;q=Andrew+Parsons&amp;si=ACC90nwLLwns5sISZcdzuISy7t-NHozt8Cbt6G3WNQfC9ekAgBDU0U0sSvMWFN8mZ8TSku_pgL1VkuxOor0afOC9LMhP8CIlruI-Q37DGmmp6HGEb10pUMJVz0B0zORoWHY7oPoeK89tYXRkQF0Rql3tpuvzD0iv_cP86wIlFf8cliGfKY7wK5qKIhGIBiIXeb2lqRBoG7tC3LxlzCrfYdjh_QnzazALhw%3D%3D&amp;sa=X&amp;ved=2ahUKEwjQn4-X-J-JAxVUTTABHTYgMmQQmxMoAHoECDIQAg\" target=\"_blank\" rel=\"noreferrer noopener\">Andrew Parsons<\/a>&nbsp;y&nbsp;&nbsp;<em>Eladio Agramonte<\/em>, presidente del Comit\u00e9 Paral\u00edmpico Dominicano.<\/p>\n\n\n\n<p><strong>Sobre el acuerdo<\/strong><\/p>\n\n\n\n<p>El acuerdo establece que el INFOTEP facilitar\u00e1 las capacitaciones de acuerdo con las necesidades del CRESO, matricular\u00e1 a los candidatos seleccionados y ofrecer\u00e1 asesor\u00eda t\u00e9cnica en planificaci\u00f3n estrat\u00e9gica. Por su parte, el CRESO coordinar\u00e1 la log\u00edstica necesaria y proporcionar\u00e1 informaci\u00f3n relevante para el desarrollo del proyecto.<\/p>\n\n\n\n<p>El Comit\u00e9 Paral\u00edmpico Internacional apoyar\u00e1 el desarrollo de iniciativas que impulsen a los atletas a lo largo de su carrera deportiva y en su vida posterior, fortaleciendo as\u00ed la inclusi\u00f3n en la gesti\u00f3n del INFOTEP y el CRESO.<\/p>\n\n\n\n<p>Este convenio marca un paso importante hacia la formaci\u00f3n integral de los atletas, asegurando que reciban las herramientas necesarias para una vida productiva e independiente, y que su impacto trascienda las fronteras.<\/p>\n\n\n\n<p>&#8212;<\/p>\n\n\n\n<figure class=\"wp-block-table\"><table><tbody><tr><td><br><img loading=\"lazy\" decoding=\"async\" src=\"https:\/\/lh4.googleusercontent.com\/hGsGybEAPzLaYOinsWB1YfWBTYaI9IvPFPoLCEl1s9T7lfN9S_4pW43qcKaYrtrXhh1W8Xw-WOVSO9OcuQ9AfH6W55y6FSWWtt9-BHtxaOJHST22Fmkw6GJKFOrLEuO6tFymPu1RbsZBcfCxjs_wJVw\" width=\"108\" height=\"80\"><strong><\/strong><\/td><td><strong>Desir\u00e9e Mart\u00ednez&nbsp;Directora |&nbsp;&nbsp;Direcci\u00f3n de Comunicaciones&nbsp;<\/strong><br><strong>O.&nbsp;809-566-4161.&nbsp;Ext. 2338&nbsp;|F.829-806-2542<\/strong><br><strong>C\/Paseo de los Aviadores No.3, <\/strong><br><strong>Ensanche MirafloresDistrito Nacional, Rep\u00fablica Dominicana. <\/strong><br><a href=\"https:\/\/www.infotep.gob.do\/\" target=\"_blank\" rel=\"noreferrer noopener\"><strong>INFOTEP&nbsp;<\/strong><\/a><\/td><\/tr><\/tbody><\/table><figcaption class=\"wp-element-caption\">#INFOTEP y CRESO <\/figcaption><\/figure>\n\n\n\n<p>#Diariodominicano.com<\/p>\n\n\n\n<p><\/p>\n","protected":false},"excerpt":{"rendered":"<p>Santo Domingo. \u2013El Instituto Nacional de Formaci\u00f3n T\u00e9cnico Profesional (INFOTEP) firm\u00f3 un significativo acuerdo con el Programa Creando Sue\u00f1os Ol\u00edmpicos (CRESO), en presencia del Comit\u00e9 Paral\u00edmpico Internacional (CPI), para implementar un innovador plan de formaci\u00f3n y capacitaci\u00f3n dirigido a atletas dominicanos. Este convenio, que tiene una vigencia de tres a\u00f1os y es renovable, busca desarrollar [&hellip;]<\/p>\n","protected":false},"author":7,"featured_media":568180,"comment_status":"closed","ping_status":"closed","sticky":false,"template":"","format":"standard","meta":{"footnotes":""},"categories":[17],"tags":[547,94],"class_list":["post-568173","post","type-post","status-publish","format-standard","has-post-thumbnail","hentry","category-deportes","tag-creso","tag-infotep"],"_links":{"self":[{"href":"https:\/\/diariodominicano.com\/index.php?rest_route=\/wp\/v2\/posts\/568173","targetHints":{"allow":["GET"]}}],"collection":[{"href":"https:\/\/diariodominicano.com\/index.php?rest_route=\/wp\/v2\/posts"}],"about":[{"href":"https:\/\/diariodominicano.com\/index.php?rest_route=\/wp\/v2\/types\/post"}],"author":[{"embeddable":true,"href":"https:\/\/diariodominicano.com\/index.php?rest_route=\/wp\/v2\/users\/7"}],"replies":[{"embeddable":true,"href":"https:\/\/diariodominicano.com\/index.php?rest_route=%2Fwp%2Fv2%2Fcomments&post=568173"}],"version-history":[{"count":2,"href":"https:\/\/diariodominicano.com\/index.php?rest_route=\/wp\/v2\/posts\/568173\/revisions"}],"predecessor-version":[{"id":568237,"href":"https:\/\/diariodominicano.com\/index.php?rest_route=\/wp\/v2\/posts\/568173\/revisions\/568237"}],"wp:featuredmedia":[{"embeddable":true,"href":"https:\/\/diariodominicano.com\/index.php?rest_route=\/wp\/v2\/media\/568180"}],"wp:attachment":[{"href":"https:\/\/diariodominicano.com\/index.php?rest_route=%2Fwp%2Fv2%2Fmedia&parent=568173"}],"wp:term":[{"taxonomy":"category","embeddable":true,"href":"https:\/\/diariodominicano.com\/index.php?rest_route=%2Fwp%2Fv2%2Fcategories&post=568173"},{"taxonomy":"post_tag","embeddable":true,"href":"https:\/\/diariodominicano.com\/index.php?rest_route=%2Fwp%2Fv2%2Ftags&post=568173"}],"curies":[{"name":"wp","href":"https:\/\/api.w.org\/{rel}","templated":true}]}}