{"id":56815,"date":"2020-02-04T00:50:38","date_gmt":"2020-02-04T00:50:38","guid":{"rendered":"http:\/\/diariodominicano.ddns.net\/?p=56815"},"modified":"2020-02-04T00:50:38","modified_gmt":"2020-02-04T00:50:38","slug":"duarte-pide-a-su-familia-aportar-a-trinitarios-la-herencia-de-su-padre","status":"publish","type":"post","link":"https:\/\/diariodominicano.com\/?p=56815","title":{"rendered":"Duarte pide a su familia aportar  a trinitarios la herencia de su padre"},"content":{"rendered":"<p><body><\/p>\n<p><img decoding=\"async\" src=\"img3\/duarte4.jpg\" \/>  <\/p>\n<p><strong>Diariodominicano.com<\/strong><\/p>\n<p><strong>Duarte pide a su familia aportar  a trinitarios la herencia de su padre<\/strong><\/p>\n<p>En el a\u00f1o 1843 Juan Pablo Duarte tuvo que salir al exilio, pero desde Curazao se mantuvo entregado a la causa patri\u00f3tica.<\/p>\n<p><strong>Por H\u00e9ctor Tineo Nolasco<\/strong><\/p>\n<p><strong>Diariodominicano.com<\/strong><\/p>\n<p><strong>CURAZAO, el  4 de febrero de 1844, <\/strong>Juan Pablo Duarte, exiliado en Curazao, escribi\u00f3 una carta a su familia en la que le pidi\u00f3 vender los bienes que les dej\u00f3 su padre Juan Jos\u00e9 Duarte, para poner los recursos a disposici\u00f3n de los trinitarios para contribuir a la fundaci\u00f3n de la Rep\u00fablica Dominicana.<\/p>\n<\/p>\n<p>   En el a\u00f1o 1843 Juan Pablo Duarte tuvo que salir al exilio, pero desde Curazao se mantuvo entregado a la causa patri\u00f3tica.<\/p>\n<\/p>\n<p>     Su padre  muri\u00f3 cuando \u00e9l se encontraba en Curazao, pero el hecho en lugar de desanimarlo,  lo estimul\u00f3 a seguir  adelante para retornar a honrar los restos de su progenitor.<\/p>\n<\/p>\n<p>    Desde Curazao orden\u00f3 a su familia vender los bienes que recibi\u00f3 en heredad para ponerlos  a la disposici\u00f3n de la causa de la independencia. El objetivo se logr\u00f3 el 27 de febrero de 1844, cuando fue proclamada  la Rep\u00fablica Dominicana.<\/p>\n<\/p>\n<p>    Duarte regres\u00f3 luego de proclamada la Rep\u00fablica, pero no busc\u00f3 reconocimiento como premio por su obra. Sin embargo, al poco tiempo fue traicionado por los conservadores que tomaron el control pol\u00edtico de la naciente Rep\u00fablica.<\/p>\n<\/p>\n<\/p>\n<h6> 2020-02-04 00:50:38 <\/h6>\n<p><!--\n<link rel=\"stylesheet\" href=\"css\/bootstrap.min.css\">\n\n\n<ul class=\"pagination\">\n\t    \n\t\n\n<li >\n\t<a href='?page_no=869'>Previous<\/a>\n\t<\/li>\n\n\n       \n    \n\n<li><a href='?page_no=1'>1<\/a><\/li>\n\n\n\n<li><a href='?page_no=2'>2<\/a><\/li>\n\n\n\n<li><a>...<\/a><\/li>\n\n\n\n<li><a href='?page_no=868'>868<\/a><\/li>\n\n\n\n<li><a href='?page_no=869'>869<\/a><\/li>\n\n\n\n<li class='active'><a>870<\/a><\/li>\n\n\n\n<li><a href='?page_no=871'>871<\/a><\/li>\n\n\n\n<li><a href='?page_no=872'>872<\/a><\/li>\n\n\n\n<li><a>...<\/a><\/li>\n\n\n\n<li><a href='?page_no=22911'>22911<\/a><\/li>\n\n\n\n<li><a href='?page_no=22912'>22912<\/a><\/li>\n\n    \n\t\n\n<li >\n\t<a href='?page_no=871'>Next<\/a>\n\t<\/li>\n\n\n    \n\n<li><a href='?page_no=22912'>Last &rsaquo;&rsaquo;<\/a><\/li>\n\n<\/ul>\n\n\n--><br \/>\n<\/body><\/p>\n","protected":false},"excerpt":{"rendered":"<p>Diariodominicano.com Duarte pide a su familia aportar a trinitarios la herencia de su padre En el a\u00f1o 1843 Juan Pablo Duarte tuvo que salir al exilio, pero desde Curazao se mantuvo entregado a la causa patri\u00f3tica. Por H\u00e9ctor Tineo Nolasco Diariodominicano.com CURAZAO, el 4 de febrero de 1844, Juan Pablo Duarte, exiliado en Curazao, escribi\u00f3 [&hellip;]<\/p>\n","protected":false},"author":3,"featured_media":0,"comment_status":"open","ping_status":"open","sticky":false,"template":"","format":"standard","meta":{"footnotes":""},"categories":[21],"tags":[],"class_list":["post-56815","post","type-post","status-publish","format-standard","hentry","category-cultura"],"_links":{"self":[{"href":"https:\/\/diariodominicano.com\/index.php?rest_route=\/wp\/v2\/posts\/56815","targetHints":{"allow":["GET"]}}],"collection":[{"href":"https:\/\/diariodominicano.com\/index.php?rest_route=\/wp\/v2\/posts"}],"about":[{"href":"https:\/\/diariodominicano.com\/index.php?rest_route=\/wp\/v2\/types\/post"}],"author":[{"embeddable":true,"href":"https:\/\/diariodominicano.com\/index.php?rest_route=\/wp\/v2\/users\/3"}],"replies":[{"embeddable":true,"href":"https:\/\/diariodominicano.com\/index.php?rest_route=%2Fwp%2Fv2%2Fcomments&post=56815"}],"version-history":[{"count":0,"href":"https:\/\/diariodominicano.com\/index.php?rest_route=\/wp\/v2\/posts\/56815\/revisions"}],"wp:attachment":[{"href":"https:\/\/diariodominicano.com\/index.php?rest_route=%2Fwp%2Fv2%2Fmedia&parent=56815"}],"wp:term":[{"taxonomy":"category","embeddable":true,"href":"https:\/\/diariodominicano.com\/index.php?rest_route=%2Fwp%2Fv2%2Fcategories&post=56815"},{"taxonomy":"post_tag","embeddable":true,"href":"https:\/\/diariodominicano.com\/index.php?rest_route=%2Fwp%2Fv2%2Ftags&post=56815"}],"curies":[{"name":"wp","href":"https:\/\/api.w.org\/{rel}","templated":true}]}}