{"id":568100,"date":"2024-10-21T16:56:16","date_gmt":"2024-10-21T20:56:16","guid":{"rendered":"https:\/\/diariodominicano.com\/?p=568100"},"modified":"2024-10-22T00:38:41","modified_gmt":"2024-10-22T04:38:41","slug":"fcs-uasd-auspicia-jornada-sobre-historia-medicina-en-rd","status":"publish","type":"post","link":"https:\/\/diariodominicano.com\/?p=568100","title":{"rendered":"FCS UASD\u00a0 Auspicia jornada sobre historia de la medicina en RD"},"content":{"rendered":"\n<p><strong>El evento, que fue coordinado adem\u00e1s, por la Academia de Ciencias y por&nbsp;<\/strong><strong>SODOHISMED, fue dedicado al doctor Manuel de Jes\u00fas Ma\u00f1\u00f3n Arredondo<\/strong> <\/p>\n\n\n\n<p>La Facultad de Ciencias de la Salud (FCS) de la Universidad Aut\u00f3noma de Santo Domingo (UASD), en coordinaci\u00f3n con la Sociedad Dominicana de Historia de &nbsp;la Medicina, SODOHISMED, y la Academia de Ciencias de la Rep\u00fablica Dominicana (ACRD), realiz\u00f3 la jornada \u00abDoctor Manuel de Jes\u00fas Ma\u00f1\u00f3n Arredondo\u00bb, donde fueron presentadas varias conferencias sobre la historia de la medicina en el pa\u00eds.<\/p>\n\n\n\n<p>La actividad que se desarroll\u00f3 en Paraninfo doctor Defill\u00f3, fue encabezada por la vicedecana Zelandia Matos, por el director de la Escuela de Medicina, Jos\u00e9 Peralta, junto a los presidentes de SODOHISMED y ACRD, H\u00e9ctor Eusebio y Manuel Ram\u00f3n Cabrera Carbuccia, respectivamente.<\/p>\n\n\n\n<figure class=\"wp-block-gallery has-nested-images columns-default is-cropped wp-block-gallery-1 is-layout-flex wp-block-gallery-is-layout-flex\">\n<figure class=\"wp-block-image size-large\"><img loading=\"lazy\" decoding=\"async\" width=\"640\" height=\"427\" data-id=\"568109\" src=\"https:\/\/diariodominicano.com\/wp-content\/uploads\/2024\/10\/FCS-UASD-auspicia-jornada-historia-medicina-en-RD.jpg\" alt=\"\" class=\"wp-image-568109\" srcset=\"https:\/\/diariodominicano.com\/wp-content\/uploads\/2024\/10\/FCS-UASD-auspicia-jornada-historia-medicina-en-RD.jpg 640w, https:\/\/diariodominicano.com\/wp-content\/uploads\/2024\/10\/FCS-UASD-auspicia-jornada-historia-medicina-en-RD-300x200.jpg 300w\" sizes=\"auto, (max-width: 640px) 100vw, 640px\" \/><\/figure>\n<\/figure>\n\n\n\n<p>Matos expres\u00f3 que es de suma importancia hablar sobre la historia de la medicina dominicana, tem\u00e1tica que fue uno de los ejes centrales de la jornada, realizada en honor a la memoria del doctor Ma\u00f1\u00f3n Arredondo.<\/p>\n\n\n\n<p>\u00abEs importante saber de d\u00f3nde venimos para tener las herramientas que nos lleven hacia donde queremos ir, en el d\u00eda de hoy reconocidos m\u00e9dicos hablaron de historia y tocaron tambi\u00e9n temas &nbsp;sobre medicina en general\u00bb, dijo la vicedecana Matos.<\/p>\n\n\n\n<figure class=\"wp-block-gallery has-nested-images columns-default is-cropped wp-block-gallery-2 is-layout-flex wp-block-gallery-is-layout-flex\">\n<figure class=\"wp-block-image size-large\"><img loading=\"lazy\" decoding=\"async\" width=\"640\" height=\"275\" data-id=\"568108\" src=\"https:\/\/diariodominicano.com\/wp-content\/uploads\/2024\/10\/FCS-UASD-auspicia-jornada-sobre-historia-medicina-RD.jpg\" alt=\"\" class=\"wp-image-568108\" srcset=\"https:\/\/diariodominicano.com\/wp-content\/uploads\/2024\/10\/FCS-UASD-auspicia-jornada-sobre-historia-medicina-RD.jpg 640w, https:\/\/diariodominicano.com\/wp-content\/uploads\/2024\/10\/FCS-UASD-auspicia-jornada-sobre-historia-medicina-RD-300x129.jpg 300w\" sizes=\"auto, (max-width: 640px) 100vw, 640px\" \/><\/figure>\n<\/figure>\n\n\n\n<p>&nbsp;Expres\u00f3 que a trav\u00e9s de las diferentes ponencias los estudiantes&nbsp; conocieron detalles importantes de la historia m\u00e9dica del pa\u00eds y de los aportes hechos por importantes doctores para impulsar y mejorar la medicina de la naci\u00f3n dominicana.<\/p>\n\n\n\n<p>En la jornada acad\u00e9mica fueron presentadas las conferencias \u00bb Historia de la UASD centenaria\u00bb,&nbsp; \u00bb La carrera de medicina en la Universidad de Santo Domingo \u00ab, \u00bb Vida y obra del doctor Dar\u00edo Contreras\u00bb.<\/p>\n\n\n\n<figure class=\"wp-block-gallery has-nested-images columns-default is-cropped wp-block-gallery-3 is-layout-flex wp-block-gallery-is-layout-flex\">\n<figure class=\"wp-block-image size-large\"><img loading=\"lazy\" decoding=\"async\" width=\"640\" height=\"427\" data-id=\"568107\" src=\"https:\/\/diariodominicano.com\/wp-content\/uploads\/2024\/10\/FCS-UASD-auspicia-jornada-sobre-historia-medicina-en-RD-1.jpg\" alt=\"\" class=\"wp-image-568107\" srcset=\"https:\/\/diariodominicano.com\/wp-content\/uploads\/2024\/10\/FCS-UASD-auspicia-jornada-sobre-historia-medicina-en-RD-1.jpg 640w, https:\/\/diariodominicano.com\/wp-content\/uploads\/2024\/10\/FCS-UASD-auspicia-jornada-sobre-historia-medicina-en-RD-1-300x200.jpg 300w\" sizes=\"auto, (max-width: 640px) 100vw, 640px\" \/><\/figure>\n<\/figure>\n\n\n\n<p>Tambi\u00e9n se desarrollaron las ponencias \u00bb Aportes de los extranjeros a la medicina dominicana\u00bb, \u00bb Historia de los anticonceptivos junto a la salud sexual y reproductiva\u00bb, \u00bb Trastornos neuropsiqui\u00e1tricos en la adolescencia y la vejez \u00ab, \u00bb Doctor Carl-Theodor Georg: Sus aportes a la salud en la Rep\u00fablica Dominicana e&nbsp; &#8216;Historia del Cerebro\u00bb.<\/p>\n\n\n\n<p>El encuentro acad\u00e9mico cont\u00f3 con la participaci\u00f3n como disertantes de los doctores Jos\u00e9 Joaqu\u00edn Puello, Alejandro Pichardo, Tito Suero, y Miguel Montalvo y Franka Valois&nbsp;<\/p>\n\n\n\n<p><strong>SOBRE MA\u00d1\u00d3N ARREDONDO&nbsp;<\/strong><\/p>\n\n\n\n<p>El doctor Manuel de Jes\u00fas Ma\u00f1\u00f3n Arredondo, a quien fue dedicada la jornada acad\u00e9mica, fue un destacado historiador, m\u00e9dico, ge\u00f3grafo, arque\u00f3logo, ensayista, pol\u00edglota y bibli\u00f3filo, autor de varias obras entre las que se destacan: Historia Social de la Medicina, Antolog\u00eda y Arqueolog\u00eda Quisqueyanas, Historia de la Fortaleza de San Felipe, Compendio de Historia de la Medicina y Deontolog\u00eda M\u00e9dica.<\/p>\n\n\n\n<p><strong><u>Pies de fotos<\/u><\/strong><\/p>\n\n\n\n<p>1-La vicedecana de la FCS de la UASD, doctora Zelandia Matos, encabeza la mesa principal de la jornada \u00abDoctor Manuel de Jes\u00fas Ma\u00f1\u00f3n Arredondo\u00bb, donde fueron presentadas varias conferencias sobre la historia de la medicina en el pa\u00eds. Le acompa\u00f1an el director de la Escuela de Medicina, Jos\u00e9 Peralta, los presidentes de SODOHISMED y ACRD, H\u00e9ctor Eusebio y Manuel Ram\u00f3n Cabrera Carbuccia, respectivamente.<\/p>\n\n\n\n<p>2-La vicedecana de la FCS de la UASD, doctora Zelandia Matos se dirige a los presentes en la apertura de la jornada Doctor Manuel de Jes\u00fas Ma\u00f1\u00f3n Arredondo\u00bb, donde fueron presentadas varias conferencias sobre la historia de la medicina en el pa\u00eds.<\/p>\n\n\n\n<p>3-Parte de los presentes la apertura de la jornada \u201cDoctor Manuel de Jes\u00fas Ma\u00f1\u00f3n Arredondo\u00bb, donde fueron presentadas varias conferencias sobre la historia de la medicina en el pa\u00eds, la actividad se realiz\u00f3 en el paraninfo Dr. Defill\u00f3 de la Facultad de Ciencias de la Salud de la UASD.<\/p>\n\n\n\n<p>Relaciones P\u00fablicas relacionespublicas@uasd.edu.do<\/p>\n\n\n\n<p>#Diariodominicano.com<\/p>\n\n\n\n<p><\/p>\n","protected":false},"excerpt":{"rendered":"<p>El evento, que fue coordinado adem\u00e1s, por la Academia de Ciencias y por&nbsp;SODOHISMED, fue dedicado al doctor Manuel de Jes\u00fas Ma\u00f1\u00f3n Arredondo La Facultad de Ciencias de la Salud (FCS) de la Universidad Aut\u00f3noma de Santo Domingo (UASD), en coordinaci\u00f3n con la Sociedad Dominicana de Historia de &nbsp;la Medicina, SODOHISMED, y la Academia de Ciencias [&hellip;]<\/p>\n","protected":false},"author":7,"featured_media":568109,"comment_status":"closed","ping_status":"closed","sticky":false,"template":"","format":"standard","meta":{"footnotes":""},"categories":[21,36,26],"tags":[],"class_list":["post-568100","post","type-post","status-publish","format-standard","has-post-thumbnail","hentry","category-cultura","category-hombresmujeresycosas","category-efemerides"],"_links":{"self":[{"href":"https:\/\/diariodominicano.com\/index.php?rest_route=\/wp\/v2\/posts\/568100","targetHints":{"allow":["GET"]}}],"collection":[{"href":"https:\/\/diariodominicano.com\/index.php?rest_route=\/wp\/v2\/posts"}],"about":[{"href":"https:\/\/diariodominicano.com\/index.php?rest_route=\/wp\/v2\/types\/post"}],"author":[{"embeddable":true,"href":"https:\/\/diariodominicano.com\/index.php?rest_route=\/wp\/v2\/users\/7"}],"replies":[{"embeddable":true,"href":"https:\/\/diariodominicano.com\/index.php?rest_route=%2Fwp%2Fv2%2Fcomments&post=568100"}],"version-history":[{"count":3,"href":"https:\/\/diariodominicano.com\/index.php?rest_route=\/wp\/v2\/posts\/568100\/revisions"}],"predecessor-version":[{"id":568243,"href":"https:\/\/diariodominicano.com\/index.php?rest_route=\/wp\/v2\/posts\/568100\/revisions\/568243"}],"wp:featuredmedia":[{"embeddable":true,"href":"https:\/\/diariodominicano.com\/index.php?rest_route=\/wp\/v2\/media\/568109"}],"wp:attachment":[{"href":"https:\/\/diariodominicano.com\/index.php?rest_route=%2Fwp%2Fv2%2Fmedia&parent=568100"}],"wp:term":[{"taxonomy":"category","embeddable":true,"href":"https:\/\/diariodominicano.com\/index.php?rest_route=%2Fwp%2Fv2%2Fcategories&post=568100"},{"taxonomy":"post_tag","embeddable":true,"href":"https:\/\/diariodominicano.com\/index.php?rest_route=%2Fwp%2Fv2%2Ftags&post=568100"}],"curies":[{"name":"wp","href":"https:\/\/api.w.org\/{rel}","templated":true}]}}