{"id":568020,"date":"2024-10-21T15:58:55","date_gmt":"2024-10-21T19:58:55","guid":{"rendered":"https:\/\/diariodominicano.com\/?p=568020"},"modified":"2024-10-21T23:45:14","modified_gmt":"2024-10-22T03:45:14","slug":"inefi-inaugurara-primer-polideportivo-en-escuela-de-elias-pina","status":"publish","type":"post","link":"https:\/\/diariodominicano.com\/?p=568020","title":{"rendered":"INEFI anuncia inaugurar\u00e1 primer polideportivo en escuela de El\u00edas Pi\u00f1a"},"content":{"rendered":"\n<p>El techado cuenta con canchas de baloncesto, voleibol y f\u00fatbol sala construidas bajo los est\u00e1ndares oficiales de las federaciones internacionales, garantizando dimensiones y condiciones \u00f3ptimas para la pr\u00e1ctica y el desarrollo de ambos deportes a nivel competitivo<\/p>\n\n\n\n<p>GUAYABO, El\u00edas Pi\u00f1a.- El Instituto Nacional de Educaci\u00f3n F\u00edsica (INEFI) anunci\u00f3 inaugurar\u00e1 el mi\u00e9rcoles un  polideportivo en el Centro Educativo Andr\u00e9s Tolentino Tolentino, siendo esta la primera instalaci\u00f3n techada en esta provincia sure\u00f1a y que beneficiar\u00e1 a estudiantes, atletas y comunitarios de este distrito municipal.<\/p>\n\n\n\n<p>As\u00ed lo inform\u00f3 el director ejecutivo del INEFI, Alberto Rodr\u00edguez Mella, destacando que la iniciativa fue tomada gracias al presidente Luis Abinander, quien atendi\u00f3 el pedido de la poblaci\u00f3n local.<\/p>\n\n\n\n<figure class=\"wp-block-image\"><img decoding=\"async\" src=\"https:\/\/diariodominicano.com\/wp-content\/uploads\/2024\/10\/INEFI-inaugurara-primer-polideportivo-en-escuela-de-Elias-Pina-821x1024.jpeg\" alt=\"\"\/><\/figure>\n\n\n\n<p>\u201cCon un enfoque en la funcionalidad, seguridad y comodidad, el polideportivo est\u00e1 dise\u00f1ado para convertirse en un referente en la promoci\u00f3n del deporte y la recreaci\u00f3n, contribuyendo al desarrollo social y deportivo de la comunidad y del pa\u00eds\u201d, destac\u00f3.<\/p>\n\n\n\n<p>Rodr\u00edguez Mella manifest\u00f3 que ese techado ser\u00e1 un espacio adecuado y seguro para la pr\u00e1ctica deportiva y actividades recreativas, que ha sido uno de los objetivos de la instituci\u00f3n en la construcci\u00f3n de techados y estadios de b\u00e9isbol, al igual que el remozamiento de canchas en todo el territorio nacional. El INEFI entreg\u00f3 el pasado mes de julio el primer techado en una escuela del sector de Capotillo en el Distrito Nacional.<\/p>\n\n\n\n<p>\u201cLa obra beneficiar\u00e1 tanto a la comunidad educativa como a los residentes de la provincia y abarca una superficie aproximada de mil metros cuadrados; equipada con instalaciones modernas y funcionales. El mismo cuenta con un multiuso, una cancha para baloncesto, voleibol, pizarra electr\u00f3nica, ajustadas a las normativas internacionales; abanico industrial, ba\u00f1os y una sala de eventos\u201d, destac\u00f3.<\/p>\n\n\n\n<p>Resalt\u00f3 que la finalidad es utilizar el deporte como herramienta para ense\u00f1ar valores como el trabajo en equipo, la disciplina, el respeto, y la perseverancia. \u201cEstos objetivos est\u00e1n alineados con la misi\u00f3n del INEFI de promover y desarrollar el deporte y la educaci\u00f3n f\u00edsica en las escuelas, contribuyendo al bienestar y desarrollo integral de los estudiantes\u201d.<\/p>\n\n\n\n<p>Equipamiento moderno<\/p>\n\n\n\n<p>El polideportivo ha sido construido siguiendo estrictamente las normativas de seguridad y construcci\u00f3n, asegurando que la estructura sea funcional, resistente y segura para todos los usuarios.<\/p>\n\n\n\n<p>La instalaci\u00f3n cuenta con una estructura met\u00e1lica cubierta por un techo de l\u00e1minas galvanizadas, dise\u00f1ado para resistir condiciones clim\u00e1ticas adversas. La ventilaci\u00f3n est\u00e1 garantizada a trav\u00e9s de un sistema de circulaci\u00f3n de aire natural, complementado por iluminaci\u00f3n eficiente.<\/p>\n\n\n\n<p>Las gradas est\u00e1n estrat\u00e9gicamente ubicadas para ofrecer una visibilidad clara y completa del \u00e1rea de juego.<\/p>\n\n\n\n<p>La construcci\u00f3n se realiz\u00f3 sobre una base de concreto pulido, sobre la cual se instal\u00f3 un piso sint\u00e9tico especializado, dise\u00f1ado para garantizar la integridad f\u00edsica de los atletas, proporcionando una superficie segura, antideslizante y con la absorci\u00f3n de impactos adecuada para prevenir lesiones durante la pr\u00e1ctica deportiva.<\/p>\n\n\n\n<p>El polideportivo cuenta con canchas de baloncesto construidas bajo los est\u00e1ndares oficiales de la Federaci\u00f3n Internacional de Baloncesto (FIBA), garantizando dimensiones y condiciones \u00f3ptimas para la pr\u00e1ctica y el desarrollo de este deporte a nivel competitivo.<\/p>\n\n\n\n<p>Las canchas de voleibol est\u00e1n equipadas con mallas de alta calidad, ajustadas a las normativas internacionales, asegurando la durabilidad y la seguridad para los atletas que practiquen este deporte.<\/p>\n\n\n\n<p>Para asegurar un ambiente confortable, el polideportivo est\u00e1 equipado con un abanico gigante tipo industrial que permite una adecuada circulaci\u00f3n de aire, especialmente durante eventos masivos.<\/p>\n\n\n\n<p>La instalaci\u00f3n cuenta con una pizarra electr\u00f3nica de \u00faltima generaci\u00f3n, facilitando el seguimiento de los tiempos y marcadores durante los eventos deportivos, lo que mejora la experiencia tanto para los jugadores como para los espectadores.<\/p>\n\n\n\n<p>Se han construido ba\u00f1os y vestidores y espacios para el almacenamiento de pertenencias, asegurando que los atletas cuenten con todas las comodidades necesarias.<\/p>\n\n\n\n<p>El polideportivo incluye un sal\u00f3n multiuso, ideal para la pr\u00e1ctica de deportes de mesa como tenis de mesa y ajedrez, as\u00ed como para la realizaci\u00f3n de actividades recreativas y comunitarias.<\/p>\n\n\n\n<p>El sistema de iluminaci\u00f3n est\u00e1 compuesto por luces LED de alta eficiencia, distribuidas estrat\u00e9gicamente para garantizar una iluminaci\u00f3n uniforme en todas las \u00e1reas del polideportivo, permitiendo la realizaci\u00f3n de actividades deportivas tanto de d\u00eda como de noche <\/p>\n\n\n\n<p> PRENSA INEFI <a href=\"mailto:prensainefi@gmail.com\">prensainefi@gmail.com<\/a><\/p>\n\n\n\n<p><\/p>\n","protected":false},"excerpt":{"rendered":"<p>El techado cuenta con canchas de baloncesto, voleibol y f\u00fatbol sala construidas bajo los est\u00e1ndares oficiales de las federaciones internacionales, garantizando dimensiones y condiciones \u00f3ptimas para la pr\u00e1ctica y el desarrollo de ambos deportes a nivel competitivo GUAYABO, El\u00edas Pi\u00f1a.- El Instituto Nacional de Educaci\u00f3n F\u00edsica (INEFI) anunci\u00f3 inaugurar\u00e1 el mi\u00e9rcoles un polideportivo en el [&hellip;]<\/p>\n","protected":false},"author":7,"featured_media":568079,"comment_status":"closed","ping_status":"closed","sticky":false,"template":"","format":"standard","meta":{"footnotes":""},"categories":[17],"tags":[491],"class_list":["post-568020","post","type-post","status-publish","format-standard","has-post-thumbnail","hentry","category-deportes","tag-inefi"],"_links":{"self":[{"href":"https:\/\/diariodominicano.com\/index.php?rest_route=\/wp\/v2\/posts\/568020","targetHints":{"allow":["GET"]}}],"collection":[{"href":"https:\/\/diariodominicano.com\/index.php?rest_route=\/wp\/v2\/posts"}],"about":[{"href":"https:\/\/diariodominicano.com\/index.php?rest_route=\/wp\/v2\/types\/post"}],"author":[{"embeddable":true,"href":"https:\/\/diariodominicano.com\/index.php?rest_route=\/wp\/v2\/users\/7"}],"replies":[{"embeddable":true,"href":"https:\/\/diariodominicano.com\/index.php?rest_route=%2Fwp%2Fv2%2Fcomments&post=568020"}],"version-history":[{"count":3,"href":"https:\/\/diariodominicano.com\/index.php?rest_route=\/wp\/v2\/posts\/568020\/revisions"}],"predecessor-version":[{"id":568212,"href":"https:\/\/diariodominicano.com\/index.php?rest_route=\/wp\/v2\/posts\/568020\/revisions\/568212"}],"wp:featuredmedia":[{"embeddable":true,"href":"https:\/\/diariodominicano.com\/index.php?rest_route=\/wp\/v2\/media\/568079"}],"wp:attachment":[{"href":"https:\/\/diariodominicano.com\/index.php?rest_route=%2Fwp%2Fv2%2Fmedia&parent=568020"}],"wp:term":[{"taxonomy":"category","embeddable":true,"href":"https:\/\/diariodominicano.com\/index.php?rest_route=%2Fwp%2Fv2%2Fcategories&post=568020"},{"taxonomy":"post_tag","embeddable":true,"href":"https:\/\/diariodominicano.com\/index.php?rest_route=%2Fwp%2Fv2%2Ftags&post=568020"}],"curies":[{"name":"wp","href":"https:\/\/api.w.org\/{rel}","templated":true}]}}