{"id":568019,"date":"2024-10-21T15:47:34","date_gmt":"2024-10-21T19:47:34","guid":{"rendered":"https:\/\/diariodominicano.com\/?p=568019"},"modified":"2024-10-21T23:47:28","modified_gmt":"2024-10-22T03:47:28","slug":"medicalnet-celebra-su-17vo-y-5to-aniversario-de-la-puesta-en-circulacion-de-la-revista","status":"publish","type":"post","link":"https:\/\/diariodominicano.com\/?p=568019","title":{"rendered":"MEDICALNET Celebra su 17vo. Y 5to. Aniversario de la puesta en circulaci\u00f3n de revista"},"content":{"rendered":"\n<p>Santo Domingo D.N. Los Directivos de MedicalNET presidido por el Dr. Pedro Ure\u00f1a Vel\u00e1squez, acompa\u00f1ados de centenares de profesionales de la medicina especializada, distribuidos sus consultorios en sus 2 torres A y B, ubicados C\/ Rafael Augusto S\u00e1nchez #4 y 45, Ens, Piantini, seleccionaron el sal\u00f3n Churchill del Hotel Intercontinental para celebrar su 17vo. Y 5to. Aniversario y la puesta en circulaci\u00f3n de la revista MedicalNET en su 10ma edici\u00f3n; en compa\u00f1\u00eda de pacientes, invitados especial y ejecutivos de los medios de Comunicaci\u00f3n.<\/p>\n\n\n\n<figure class=\"wp-block-image\"><img decoding=\"async\" src=\"https:\/\/diariodominicano.com\/wp-content\/uploads\/2024\/10\/Pedro-Urena-Velazquez-Yenny-Urena-Jose-de-Jesus-y-Fernando-Contreras-1024x669.jpg\" alt=\"\"\/><\/figure>\n\n\n\n<p>El Dr. Pedro Ure\u00f1a Vel\u00e1squez, expres\u00f3 su satisfacci\u00f3n de haber participado en estos 17 a\u00f1os, aportando servicios m\u00e9dicos especializados. De igual forma, resalt\u00f3 el 5to. Aniversario de MedicalNET B, contando con una amplia gama de profesionales especializados de la medicina que ofrecen servicios m\u00e9dicos de diagn\u00f3sticos, terap\u00e9uticos y quir\u00fargicos con tecnolog\u00eda de punta y un personal<\/p>\n\n\n\n<p>comprometido con la salud y satisfacci\u00f3n de sus pacientes.<\/p>\n\n\n\n<figure class=\"wp-block-image\"><img decoding=\"async\" src=\"https:\/\/diariodominicano.com\/wp-content\/uploads\/2024\/10\/Mariela-Duarte-disfruta-de-los-articulos-de-los-medicos-dentro-de-la-revista-aniversario-MedicalNET-779x1024.jpg\" alt=\"\"\/><\/figure>\n\n\n\n<p>El Dr. Ure\u00f1a, por \u00faltimo, present\u00f3 NetClinic Medical Center; un moderno centro hospitalario que complementar\u00e1 los servicios de MedicalNET. El Dr. Jos\u00e9 de Jes\u00fas, Vicepresidente del Consejo, realiz\u00f3 la presentaci\u00f3n de la revista MedicalNET en su 10ma edici\u00f3n. La misma en su edici\u00f3n anual, provee a los pacientes, informaci\u00f3n importante para el cuidado y prevenci\u00f3n de enfermedades. La revista especializada MedicalNET, est\u00e1 redactada por m\u00e9dicos de ambos edificios.<\/p>\n\n\n\n<figure class=\"wp-block-image\"><img decoding=\"async\" src=\"https:\/\/diariodominicano.com\/wp-content\/uploads\/2024\/10\/Set-de-Revistas-Aniversario-MedicalNET-1024x682.jpg\" alt=\"\"\/><\/figure>\n\n\n\n<p>Rafael Reyes &lt;rafaelreyesbisono@hotmail.com&gt;<\/p>\n","protected":false},"excerpt":{"rendered":"<p>Santo Domingo D.N. Los Directivos de MedicalNET presidido por el Dr. Pedro Ure\u00f1a Vel\u00e1squez, acompa\u00f1ados de centenares de profesionales de la medicina especializada, distribuidos sus consultorios en sus 2 torres A y B, ubicados C\/ Rafael Augusto S\u00e1nchez #4 y 45, Ens, Piantini, seleccionaron el sal\u00f3n Churchill del Hotel Intercontinental para celebrar su 17vo. Y [&hellip;]<\/p>\n","protected":false},"author":7,"featured_media":568065,"comment_status":"closed","ping_status":"closed","sticky":false,"template":"","format":"standard","meta":{"footnotes":""},"categories":[25],"tags":[],"class_list":["post-568019","post","type-post","status-publish","format-standard","has-post-thumbnail","hentry","category-gente"],"_links":{"self":[{"href":"https:\/\/diariodominicano.com\/index.php?rest_route=\/wp\/v2\/posts\/568019","targetHints":{"allow":["GET"]}}],"collection":[{"href":"https:\/\/diariodominicano.com\/index.php?rest_route=\/wp\/v2\/posts"}],"about":[{"href":"https:\/\/diariodominicano.com\/index.php?rest_route=\/wp\/v2\/types\/post"}],"author":[{"embeddable":true,"href":"https:\/\/diariodominicano.com\/index.php?rest_route=\/wp\/v2\/users\/7"}],"replies":[{"embeddable":true,"href":"https:\/\/diariodominicano.com\/index.php?rest_route=%2Fwp%2Fv2%2Fcomments&post=568019"}],"version-history":[{"count":3,"href":"https:\/\/diariodominicano.com\/index.php?rest_route=\/wp\/v2\/posts\/568019\/revisions"}],"predecessor-version":[{"id":568213,"href":"https:\/\/diariodominicano.com\/index.php?rest_route=\/wp\/v2\/posts\/568019\/revisions\/568213"}],"wp:featuredmedia":[{"embeddable":true,"href":"https:\/\/diariodominicano.com\/index.php?rest_route=\/wp\/v2\/media\/568065"}],"wp:attachment":[{"href":"https:\/\/diariodominicano.com\/index.php?rest_route=%2Fwp%2Fv2%2Fmedia&parent=568019"}],"wp:term":[{"taxonomy":"category","embeddable":true,"href":"https:\/\/diariodominicano.com\/index.php?rest_route=%2Fwp%2Fv2%2Fcategories&post=568019"},{"taxonomy":"post_tag","embeddable":true,"href":"https:\/\/diariodominicano.com\/index.php?rest_route=%2Fwp%2Fv2%2Ftags&post=568019"}],"curies":[{"name":"wp","href":"https:\/\/api.w.org\/{rel}","templated":true}]}}