{"id":567983,"date":"2024-10-21T11:16:34","date_gmt":"2024-10-21T15:16:34","guid":{"rendered":"https:\/\/diariodominicano.com\/?p=567983"},"modified":"2024-10-21T11:16:38","modified_gmt":"2024-10-21T15:16:38","slug":"apoya-abinader-haya-escuchado-sobre-rf-el-43-no-voto-por-el-pasadas-elecciones","status":"publish","type":"post","link":"https:\/\/diariodominicano.com\/?p=567983","title":{"rendered":"Apoya Abinader haya escuchado sobre \u201cRF\u201d el 43% no vot\u00f3 por \u00e9l pasadas elecciones"},"content":{"rendered":"\n<p><strong>Por Ram\u00f3n Mercedes<\/strong> <\/p>\n\n\n\n<p><strong>NUEVA YORK.-<\/strong>&nbsp;El prestigioso m\u00e9dico dominicano en esta ciudad, Rafael Lantigua, declar\u00f3 que apoya 100 x 100% la decisi\u00f3n del presidente Luis Abinader, de escuchar sobre la Reforma Fiscal el 43% de los que no votaron por \u00e9l en las pasadas elecciones.<\/p>\n\n\n\n<p>Asimismo, de no imponer en el Congreso Nacional, de mayor\u00eda absoluta del PRM, el proyecto de Ley de \u201cRF\u201d, lo que, seg\u00fan dijo, demuestra que el tercer apellido del presidente es \u201cDemocracia\u201d.<\/p>\n\n\n\n<p>El reputado profesional exhorta a la oposici\u00f3n y dem\u00e1s poderes f\u00e1ticos en RD que han estado proponiendo un di\u00e1logo, que sean \u201csinceros y honestos\u201d, contribuyendo y aportando ideas para tener una \u201cReforma\u201d final de consenso.<\/p>\n\n\n\n<p>Adem\u00e1s, que todos entendamos que la \u201cRF\u201d es necesaria para elevar el nivel de desarrollo del pa\u00eds, para llevar m\u00e1s electricidad, agua, salud, mejorar la educaci\u00f3n, seguridad, transporte, salarios, ayudas sociales, unas Fuerzas Armadas y Polic\u00eda Nacional m\u00e1s robustas, entre otras necesidades que tiene la naci\u00f3n.<\/p>\n\n\n\n<p>El doctor Lantigua avala lo dicho por el mandatario, que \u201cevitar la reforma fiscal no ser\u00eda responsable ni patri\u00f3tico\u201d, y precisa que todos nos sentimos muy dominicanos, y es hora de poner en la mesa del di\u00e1logo ese gentilicio que nos otorg\u00f3 Juan Pablo Duarte y nos hace sentir tan orgullosos de seguir trabajando \u201cPor y para la Patria\u201d.<\/p>\n\n\n\n<p>Se\u00f1al\u00f3 que dicha reforma iba dirigida a garantizarle a la presente y futura generaciones de dominicanos un mejor porvenir, y espera que los que se opusieron aporten para continuar con el desarrollo sostenido que viene ejecutando el presidente, para que luego no sea tarde y \u201clloren como mujeres lo que no supieron defender como hombres\u201d.<\/p>\n\n\n\n<p>Igualmente, dijo avalar lo expresado por el mandatario de que cumple con su responsabilidad al presentar ante el pa\u00eds un plan integral de cambios estructurales que incluyen la aprobaci\u00f3n de una Ley de Responsabilidad Fiscal, que por primera vez en nuestra historia pone un objetivo de deuda a mediano plazo y un techo al gasto del Gobierno.<\/p>\n\n\n\n<p>Asimismo, \u201cesa obligaci\u00f3n que otros eludieron para proteger su popularidad pol\u00edtica, la asume el presidente con responsabilidad y valent\u00eda para garantizar la sostenibilidad de la econom\u00eda dominicana, bajo el entendido de un cambio estructural que reduzca la dependencia del endeudamiento externo y aumente la capacidad de financiar las soluciones a los problemas que afectan el pueblo dominicano\u201d.<\/p>\n","protected":false},"excerpt":{"rendered":"<p>Por Ram\u00f3n Mercedes NUEVA YORK.-&nbsp;El prestigioso m\u00e9dico dominicano en esta ciudad, Rafael Lantigua, declar\u00f3 que apoya 100 x 100% la decisi\u00f3n del presidente Luis Abinader, de escuchar sobre la Reforma Fiscal el 43% de los que no votaron por \u00e9l en las pasadas elecciones. Asimismo, de no imponer en el Congreso Nacional, de mayor\u00eda absoluta [&hellip;]<\/p>\n","protected":false},"author":7,"featured_media":567989,"comment_status":"closed","ping_status":"closed","sticky":false,"template":"","format":"standard","meta":{"footnotes":""},"categories":[23],"tags":[181],"class_list":["post-567983","post","type-post","status-publish","format-standard","has-post-thumbnail","hentry","category-internacional","tag-ramon-mercedes"],"_links":{"self":[{"href":"https:\/\/diariodominicano.com\/index.php?rest_route=\/wp\/v2\/posts\/567983","targetHints":{"allow":["GET"]}}],"collection":[{"href":"https:\/\/diariodominicano.com\/index.php?rest_route=\/wp\/v2\/posts"}],"about":[{"href":"https:\/\/diariodominicano.com\/index.php?rest_route=\/wp\/v2\/types\/post"}],"author":[{"embeddable":true,"href":"https:\/\/diariodominicano.com\/index.php?rest_route=\/wp\/v2\/users\/7"}],"replies":[{"embeddable":true,"href":"https:\/\/diariodominicano.com\/index.php?rest_route=%2Fwp%2Fv2%2Fcomments&post=567983"}],"version-history":[{"count":1,"href":"https:\/\/diariodominicano.com\/index.php?rest_route=\/wp\/v2\/posts\/567983\/revisions"}],"predecessor-version":[{"id":567997,"href":"https:\/\/diariodominicano.com\/index.php?rest_route=\/wp\/v2\/posts\/567983\/revisions\/567997"}],"wp:featuredmedia":[{"embeddable":true,"href":"https:\/\/diariodominicano.com\/index.php?rest_route=\/wp\/v2\/media\/567989"}],"wp:attachment":[{"href":"https:\/\/diariodominicano.com\/index.php?rest_route=%2Fwp%2Fv2%2Fmedia&parent=567983"}],"wp:term":[{"taxonomy":"category","embeddable":true,"href":"https:\/\/diariodominicano.com\/index.php?rest_route=%2Fwp%2Fv2%2Fcategories&post=567983"},{"taxonomy":"post_tag","embeddable":true,"href":"https:\/\/diariodominicano.com\/index.php?rest_route=%2Fwp%2Fv2%2Ftags&post=567983"}],"curies":[{"name":"wp","href":"https:\/\/api.w.org\/{rel}","templated":true}]}}