{"id":567859,"date":"2024-10-20T22:44:49","date_gmt":"2024-10-21T02:44:49","guid":{"rendered":"https:\/\/diariodominicano.com\/?p=567859"},"modified":"2024-10-21T12:49:31","modified_gmt":"2024-10-21T16:49:31","slug":"fundacion-amaury-german-honra-memoria-martires-de-la-masacre-de-la-calle-espaillat","status":"publish","type":"post","link":"https:\/\/diariodominicano.com\/?p=567859","title":{"rendered":"Fundaci\u00f3n Amaury Germ\u00e1n Honra Memoria M\u00e1rtires de la Masacre de la Calle Espaillat\u00a0\u00a0"},"content":{"rendered":"\n<p>La Fundaci\u00f3n Amaury Germ\u00e1n Aristy (FAGA), conmemor\u00f3 el 63 Aniversario de la Masacre de la Calle Espaillat, hecho horrendo ocurrido el 20 de octubre de 1961 y que propugnaba por la salida del pa\u00eds de los remanentes del trujillato y la reapertura de la Universidad de Santo Domingo.<\/p>\n\n\n\n<p>Reunidos en la calle Espaillat, esquina arzobispo Nouel, frente a una de las casas cuyos tejados fueron ocupados por decenas de&nbsp; estudiantes de la otrora Universidad de Santo Domingo y de&nbsp; liceos p\u00fablicos de la capital, sobrevivientes de la masacre l63 a\u00f1os despu\u00e9s, le rindieron homenaje p\u00f3stumo &nbsp;a los estudiantes &nbsp;m\u00e1rtires de esa gesta patri\u00f3tica del pueblo dominicano y su juventud,<\/p>\n\n\n\n<p>Uno de los sobrevivientes, Jos\u00e9 -chino-Bujosa Mieses, presidente en funciones de la Fundaci\u00f3n Amaury Germ\u00e1n Aristy tom\u00f3 la palabra para recordar el origen, los antecedentes y &nbsp;las causas&nbsp; de &nbsp;ese hecho sangriente de triste recordaci\u00f3n en la memoria hist\u00f3rica del pueblo dominicano, y en espacial, de la juventud estudiantil.<\/p>\n\n\n\n<p>Sobre los antecedentes, Bujosa Mieses record\u00f3 que el 13 de octubre, en la Universidad de Santo Domingo (USD), un grupo de estudiante, rompiendo el terror imperante en el pa\u00eds, tras el ajusticiamiento del tirano, a grito de libertad, autonom\u00eda para la universidad y fuera los profesores trujillistas se manifestaron frente a la Facultad de Medicina siendo esta la primera protesta estudiantil contra los remanentes del trujillato.<\/p>\n\n\n\n<p>Cuatro d\u00edas despu\u00e9s (17 de octubre), se produjo otra protesta, esta vez, m\u00e1s concurrida y generalizada en todo el recinto de la USD, que culmin\u00f3 con la rotura de retratos de Trujillo, derrumbe de una enorme estatua del dictador colocada frente al Alma Mater bajo el grito \u00a1Fuera los profesores trujillistas de la USD! Destacando entre ellos al rector Machado, de quien ped\u00edan su cabeza.<\/p>\n\n\n\n<p>En ese mismo d\u00eda, la protestas de la USD se generalizaron por todos los liceos de ense\u00f1anza p\u00fablica de la capital y algunos de las regiones Norte, Sur y Este en la que los estudiantes secundarios, siguiendo el ejemplo de los universitarios, fundadores de la Federaci\u00f3n de Estudiantes Dominicanos (FED), Asdr\u00fabal Dom\u00ednguez, Rafael Alburquerque, los hermanos Isa Conde, Jos\u00e9 Israel Cuello, &nbsp;entre otros en un arranque de rebeld\u00eda&nbsp; destruyeron los bustos y retratos del dictador Trujillo y sus familiares.<\/p>\n\n\n\n<p>Ante la avalancha de las protestas, el gobierno del binomio Ranfis-Balaguer decidi\u00f3 cerrar la Universidad de Santo Domingo (USD), hasta el 7 de enero del 1952, bajo el pretexto de que se aprovechar\u00eda ese tiempo para elaborar y presentar ante el Congreso nacional un anteproyecto de Ley de Autonom\u00eda y Fuero.<\/p>\n\n\n\n<p>Bujosa Mieses, dijo que esta draconiana decisi\u00f3n del gobierno tuvo como reacci\u00f3n el incremento de las protestas estudiantiles en la capital y todo el pa\u00eds, agreg\u00e1ndoseles a las consignas \u00a1Libertad, que no la hay!, \u00a1Fuera los remanentes del trujillato!, la reapertura de la USD y su autonom\u00eda.<\/p>\n\n\n\n<p>De esta manera, subray\u00f3, que el 20 de octubre las condiciones pol\u00edtica objetivas y subjetivas hab\u00edan llegado a su cl\u00edmax en la resistencia del pueblo dominicano contra los remanentes del trujillato que pretend\u00edan seguir gobernando.&nbsp;<\/p>\n\n\n\n<p>Fue as\u00ed, que desde las primeras horas de la ma\u00f1ana, del 20 de octubre, decenas de j\u00f3venes universitarios, secundarios y pobladores de barrios circundantes al centro de la ciudad, se fueron concentrando en la Calle El Conde, desde donde &nbsp;&nbsp;macharon voceando \u00a1Libertad que no la hay!, \u00a1Balaguer, mu\u00f1equito de papel!, \u00a1Fuera los Trujillo del pa\u00eds!, \u00a1Autonom\u00eda y Fuero para la USD!, entre otras consignas.<\/p>\n\n\n\n<p>Protesta que fue reforzada al sum\u00e1rsele una avalancha de estudiantes del Liceo presidente Trujillo, hoy Juan Pablo Duarte, que salieron a protestar en direcci\u00f3n al centro de la ciudad llegando hasta el Instituto de Se\u00f1oritas Salom\u00e9 Ure\u00f1a, donde invitaron a las alumnas a agregarse a la protesta.<\/p>\n\n\n\n<p>De esta manera, ya en la calle Espaillat, decidieron ocupar los tejados de las casas de la referida v\u00eda, y sus colindantes, arzobispo Nouel, Palo Hindado y Santom\u00e9 y Padre Billini, y desde sus tejados lanzaban&nbsp;&nbsp; lluvia de piedras y otros objetos contra las primeras patrullas de la polic\u00eda que se presentaron al lugar armados de fusiles m\u00e1user y ametralladoras Crist\u00f3bal.<\/p>\n\n\n\n<p>Impotentes ante la agresividad mostrada por los estudiantes, los uniformados pidieron refuerzos sum\u00e1ndoseles patrullas mixtas de polic\u00edas y guardias &nbsp;&nbsp;que se proteg\u00edan de las piedras mientras ellos disparaban balas para matar.<\/p>\n\n\n\n<p>Al no vencer la resistencia, los polis guardias, se auxiliaron de efectivos del Cuerpo de Bombero, quienes llegaron con sus escaleras para facilitar a las patullas escalar los techos convertidos en trincheras.<\/p>\n\n\n\n<p>Cerca de la 6 de la tarde, una pertinaz llovizna comenz\u00f3 a caer mientras se escuchan las r\u00e1fagas de las ametralladoras y los fusiles disparados contra j\u00f3venes que clamaban \u00a1Libertad! \u00a1Balaguer, Asesino!<\/p>\n\n\n\n<p>Las patrullas, luego de doblegar la resistencia en los tejados, desde donde lanzaron los cuerpos ensangrentados sus v\u00edctimas se introdujeron en las casas en busca de los que hab\u00edan logrado escapar a su carnicer\u00eda.<\/p>\n\n\n\n<p>&nbsp;Algunos j\u00f3venes que se ocultaron en closet, almarios y ba\u00f1os&nbsp;&nbsp; fueron abatidos y lanzados sus cuerpos desde los balcones de los apartamentos al pavimento de la calle como ocurri\u00f3 con una de sus v\u00edctimas, el estudiante Tirso Rom\u00e1n Vargas Almonte quien luego de perforar su cuerpo a balazo fue lanzado del tercer piso del edificio No. 55 de la calle Espaillat.<\/p>\n\n\n\n<p>Los que permanec\u00edan ocultos en viviendas colindantes a la calle Espaillat escuchaban&nbsp; &nbsp;los gritos desesperados de los apresados quienes eran sometidos a crueles maltratos. &nbsp;&nbsp;<\/p>\n\n\n\n<p>Al silenciarse los fusiles y el tableteo de las ametralladoras se respir\u00f3 en el ambiente un olor a p\u00f3lvora y sangre. &nbsp;Los malvados hab\u00edan vencido la resistencia de quienes dieron al mundo un ejemplo de patriotismo, coraje y valent\u00eda solo visto, once a\u00f1os despu\u00e9s cuando sucedi\u00f3 el enfrentamiento de los j\u00f3venes Amaury Germ\u00e1n Aristy, Virgilio Perdomo, Ulises Cer\u00f3n y Bienvenido Leal Prandy en aquella desigual batalla del 12 de enero de 1972, cuando cuatro valientes muchachos se enfrentaron a m\u00e1s de 2000 efectivos de la Polic\u00eda y el Ejercito armados hasta los dientes.<\/p>\n\n\n\n<p>Dos d\u00edas despu\u00e9s, de la masacre, habl\u00f3 el presidente Joaqu\u00edn Balaguer. Sus palabras &nbsp;sorprendieron &nbsp;al pa\u00eds que espera escuchar de su voz una condena contra los asesinos de la calle Espaillat. Su mensaje estuvo dirigido a felicitar a las Fuerzas Armadas y la Polic\u00eda Nacional textualmente dijo:<\/p>\n\n\n\n<p>\u201c<em>Sean mis primeras palabras para felicitar calurosamente a la Polic\u00eda Nacional por la ejemplar conducta que observ\u00f3 durante las explosiones de violencia que han ocurrido en los \u00faltimos d\u00edas en diferentes localidades del pa\u00eds. Es la primera vez, en la historia de la Rep\u00fablica, que las fuerzas encargadas de velar por el mantenimiento del orden ofrecen a la ciudadan\u00eda un ejemplo de civilidad que honrar\u00eda a los cuerpos castrenses de los pa\u00edses m\u00e1s civilizados de la tierra<\/em>\u201d \u2026\u2026.<\/p>\n\n\n\n<p>La Fundaci\u00f3n agradeci\u00f3 a todos los sobrevivientes de la masacre presentes: Romeo Llin\u00e1s, Eulalia Flores, Nicol\u00e1s Pichardo y especial al fogoso periodista y militante comunista Miguel Aponte Villegas por ser uno de los propulsores de la realizaci\u00f3n del acto en recordaci\u00f3n a los m\u00e1rtires del 20 de octubre-<\/p>\n\n\n\n<p>\u00a0Con vehemencia infinita, Aponte se empe\u00f1\u00f3 en la organizaci\u00f3n del acto, ordenando incluso el dise\u00f1o de una tarja que textualmente dice; \u00b4\u00b4Homenaje a la Juventud Dominicana. En la calle Espaillat de Ciudad Nueva a mano de esbirros de Ranfis Trujillo y Joaqu\u00edn Balaguer. 20 de octubre 1961-20 de octubre 2024. Tarja que ser\u00e1 colocada pr\u00f3ximamente en la misma calle. Adem\u00e1s, transmiti\u00f3 el acto por una de sus plataformas de alcance internacional.\u00a0 Igual gesto de apoyo y solidaridad le fue atribuido a la Comisi\u00f3n Permanente de Efem\u00e9rides Patria, siempre presente en defensa de la memoria hist\u00f3rica <\/p>\n\n\n\n<p><a href=\"mailto:chinobujosa@hotmail.com\" target=\"_blank\" rel=\"noreferrer noopener\">chinobujosa@hotmail.com<\/a> <\/p>\n","protected":false},"excerpt":{"rendered":"<p>La Fundaci\u00f3n Amaury Germ\u00e1n Aristy (FAGA), conmemor\u00f3 el 63 Aniversario de la Masacre de la Calle Espaillat, hecho horrendo ocurrido el 20 de octubre de 1961 y que propugnaba por la salida del pa\u00eds de los remanentes del trujillato y la reapertura de la Universidad de Santo Domingo. Reunidos en la calle Espaillat, esquina arzobispo [&hellip;]<\/p>\n","protected":false},"author":28,"featured_media":568006,"comment_status":"closed","ping_status":"closed","sticky":false,"template":"","format":"standard","meta":{"footnotes":""},"categories":[21,26,27],"tags":[535],"class_list":["post-567859","post","type-post","status-publish","format-standard","has-post-thumbnail","hentry","category-cultura","category-efemerides","category-portada","tag-fundacion-amaury-german"],"_links":{"self":[{"href":"https:\/\/diariodominicano.com\/index.php?rest_route=\/wp\/v2\/posts\/567859","targetHints":{"allow":["GET"]}}],"collection":[{"href":"https:\/\/diariodominicano.com\/index.php?rest_route=\/wp\/v2\/posts"}],"about":[{"href":"https:\/\/diariodominicano.com\/index.php?rest_route=\/wp\/v2\/types\/post"}],"author":[{"embeddable":true,"href":"https:\/\/diariodominicano.com\/index.php?rest_route=\/wp\/v2\/users\/28"}],"replies":[{"embeddable":true,"href":"https:\/\/diariodominicano.com\/index.php?rest_route=%2Fwp%2Fv2%2Fcomments&post=567859"}],"version-history":[{"count":2,"href":"https:\/\/diariodominicano.com\/index.php?rest_route=\/wp\/v2\/posts\/567859\/revisions"}],"predecessor-version":[{"id":568033,"href":"https:\/\/diariodominicano.com\/index.php?rest_route=\/wp\/v2\/posts\/567859\/revisions\/568033"}],"wp:featuredmedia":[{"embeddable":true,"href":"https:\/\/diariodominicano.com\/index.php?rest_route=\/wp\/v2\/media\/568006"}],"wp:attachment":[{"href":"https:\/\/diariodominicano.com\/index.php?rest_route=%2Fwp%2Fv2%2Fmedia&parent=567859"}],"wp:term":[{"taxonomy":"category","embeddable":true,"href":"https:\/\/diariodominicano.com\/index.php?rest_route=%2Fwp%2Fv2%2Fcategories&post=567859"},{"taxonomy":"post_tag","embeddable":true,"href":"https:\/\/diariodominicano.com\/index.php?rest_route=%2Fwp%2Fv2%2Ftags&post=567859"}],"curies":[{"name":"wp","href":"https:\/\/api.w.org\/{rel}","templated":true}]}}