{"id":567760,"date":"2024-10-19T23:37:45","date_gmt":"2024-10-20T03:37:45","guid":{"rendered":"https:\/\/diariodominicano.com\/?p=567760"},"modified":"2024-10-19T23:37:58","modified_gmt":"2024-10-20T03:37:58","slug":"chequea-presidente-de-cuba-restablecimiento-de-sistema-electrico","status":"publish","type":"post","link":"https:\/\/diariodominicano.com\/?p=567760","title":{"rendered":"Chequea presidente de Cuba restablecimiento de sistema el\u00e9ctrico"},"content":{"rendered":"\n<p>La Habana, 19 oct (Prensa Latina) El presidente de Cuba, Miguel D\u00edaz-Canel, cheque\u00f3 hoy los trabajos de restablecimiento del sistema electroenerg\u00e9tico, que sufri\u00f3 una nueva desconexi\u00f3n en la madrugada.<\/p>\n\n\n\n<ul class=\"wp-block-list\">\n<li><a href=\"https:\/\/www.prensa-latina.cu\/2024\/10\/19\/\"><time>octubre 19, 2024 | 20:52<\/time><\/a><\/li>\n<\/ul>\n\n\n\n<ul class=\"wp-block-list\">\n<li><a href=\"https:\/\/www.prensa-latina.cu\/2024\/10\/19\/chequea-presidente-de-cuba-restablecimiento-de-sistema-electrico\/#\"><\/a><\/li>\n\n\n\n<li><a href=\"https:\/\/www.prensa-latina.cu\/2024\/10\/19\/chequea-presidente-de-cuba-restablecimiento-de-sistema-electrico\/#\"><\/a><\/li>\n\n\n\n<li><a href=\"https:\/\/www.prensa-latina.cu\/2024\/10\/19\/chequea-presidente-de-cuba-restablecimiento-de-sistema-electrico\/#\"><\/a><\/li>\n\n\n\n<li><a href=\"https:\/\/www.prensa-latina.cu\/2024\/10\/19\/chequea-presidente-de-cuba-restablecimiento-de-sistema-electrico\/#\"><\/a><\/li>\n<\/ul>\n\n\n\n<p>Durante una reuni\u00f3n con autoridades del ramo y del Partido Comunista de Cuba, trascendi\u00f3 que el 16 por ciento de los consumidores del pa\u00eds ya cuentan con energ\u00eda el\u00e9ctrica, y se generan cerca de 500 megawatts.<\/p>\n\n\n\n<p>En las pr\u00f3ximas horas seguir\u00e1 subiendo la carga del sistema con la incorporaci\u00f3n de varias centrales termoel\u00e9ctricas y el emplazamiento de motores, seg\u00fan inform\u00f3 la Presidencia de la Rep\u00fablica en su cuenta en la red social X.<\/p>\n\n\n\n<p>En el encuentro se precis\u00f3 que la recuperaci\u00f3n se complejiza con la proximidad del hurac\u00e1n Oscar al oriente del pa\u00eds.<\/p>\n\n\n\n<p>Ante este panorama, el presidente decret\u00f3 la fase informativa para las provincias orientales y parte de las centrales, y orient\u00f3 poner en marcha todos los planes previstos para proteger vidas humanas y los recursos de la econom\u00eda.<\/p>\n\n\n\n<p>El mandatario orden\u00f3 que varios ministros se trasladen con antelaci\u00f3n al paso del hurac\u00e1n a los territorios que podr\u00edan ser impactados para, de conjunto con las autoridades locales, trazar estrategias y avanzar hacia la recuperaci\u00f3n inmediata.<\/p>\n\n\n\n<p>D\u00edaz-Canel subray\u00f3 en su cuenta en X que ya se trabaja arduamente para la protecci\u00f3n del pueblo y los recursos econ\u00f3micos, ante la inminencia del hurac\u00e1n Oscar e igualmente se atiende la situaci\u00f3n energ\u00e9tica.<\/p>\n\n\n\n<p>El mandatario inform\u00f3 por medio de esa plataforma que se comunic\u00f3 con los primeros secretarios del Partido desde Camag\u00fcey hasta Guant\u00e1namo.<\/p>\n\n\n\n<p>De acuerdo con el Instituto de Meteorolog\u00eda, en dependencia de la trayectoria de Oscar, comenzar\u00e1n a deteriorarse las condiciones del tiempo desde el domingo, aumentando gradualmente los nublados, lluvias y tormentas el\u00e9ctricas, as\u00ed como la fuerza de los vientos en las provincias orientales.<\/p>\n\n\n\n<p>gas\/mks<\/p>\n","protected":false},"excerpt":{"rendered":"<p>La Habana, 19 oct (Prensa Latina) El presidente de Cuba, Miguel D\u00edaz-Canel, cheque\u00f3 hoy los trabajos de restablecimiento del sistema electroenerg\u00e9tico, que sufri\u00f3 una nueva desconexi\u00f3n en la madrugada. Durante una reuni\u00f3n con autoridades del ramo y del Partido Comunista de Cuba, trascendi\u00f3 que el 16 por ciento de los consumidores del pa\u00eds ya cuentan [&hellip;]<\/p>\n","protected":false},"author":28,"featured_media":567761,"comment_status":"closed","ping_status":"closed","sticky":false,"template":"","format":"standard","meta":{"footnotes":""},"categories":[18,23],"tags":[],"class_list":["post-567760","post","type-post","status-publish","format-standard","has-post-thumbnail","hentry","category-economia","category-internacional"],"_links":{"self":[{"href":"https:\/\/diariodominicano.com\/index.php?rest_route=\/wp\/v2\/posts\/567760","targetHints":{"allow":["GET"]}}],"collection":[{"href":"https:\/\/diariodominicano.com\/index.php?rest_route=\/wp\/v2\/posts"}],"about":[{"href":"https:\/\/diariodominicano.com\/index.php?rest_route=\/wp\/v2\/types\/post"}],"author":[{"embeddable":true,"href":"https:\/\/diariodominicano.com\/index.php?rest_route=\/wp\/v2\/users\/28"}],"replies":[{"embeddable":true,"href":"https:\/\/diariodominicano.com\/index.php?rest_route=%2Fwp%2Fv2%2Fcomments&post=567760"}],"version-history":[{"count":1,"href":"https:\/\/diariodominicano.com\/index.php?rest_route=\/wp\/v2\/posts\/567760\/revisions"}],"predecessor-version":[{"id":567762,"href":"https:\/\/diariodominicano.com\/index.php?rest_route=\/wp\/v2\/posts\/567760\/revisions\/567762"}],"wp:featuredmedia":[{"embeddable":true,"href":"https:\/\/diariodominicano.com\/index.php?rest_route=\/wp\/v2\/media\/567761"}],"wp:attachment":[{"href":"https:\/\/diariodominicano.com\/index.php?rest_route=%2Fwp%2Fv2%2Fmedia&parent=567760"}],"wp:term":[{"taxonomy":"category","embeddable":true,"href":"https:\/\/diariodominicano.com\/index.php?rest_route=%2Fwp%2Fv2%2Fcategories&post=567760"},{"taxonomy":"post_tag","embeddable":true,"href":"https:\/\/diariodominicano.com\/index.php?rest_route=%2Fwp%2Fv2%2Ftags&post=567760"}],"curies":[{"name":"wp","href":"https:\/\/api.w.org\/{rel}","templated":true}]}}