{"id":567732,"date":"2024-10-19T19:58:17","date_gmt":"2024-10-19T23:58:17","guid":{"rendered":"https:\/\/diariodominicano.com\/?p=567732"},"modified":"2024-10-19T19:58:36","modified_gmt":"2024-10-19T23:58:36","slug":"ministerio-publico-participa-en-caminando-por-libertad-en-apoyo-a-la-lucha-contra-la-trata-de-personas","status":"publish","type":"post","link":"https:\/\/diariodominicano.com\/?p=567732","title":{"rendered":"Ministerio P\u00fablico participa en \u00abCaminando por libertad\u00bb en apoyo a la lucha contra la trata de personas"},"content":{"rendered":"\n<p><em><u>La titular de la PETT, Yoanna Bejar\u00e1n \u00c1lvarez, destac\u00f3 la importancia del mensaje de apoyo que env\u00eda esta caminata a las v\u00edctimas de este delito<\/u><\/em> <\/p>\n\n\n\n<p><strong>SANTO DOMINGO (Rep\u00fablica Dominicana).-<\/strong>&nbsp;El Ministerio P\u00fablico, a trav\u00e9s de la Procuradur\u00eda Especializada contra el Tr\u00e1fico Il\u00edcito de Migrantes y Trata de Personas (PETT), respald\u00f3 el movimiento mundial contra la trata de personas al participar este s\u00e1bado en la marcha \u00abCaminando por libertad\u00bb, efectuada este s\u00e1bado en el Parque Mirador Sur.<\/p>\n\n\n\n<p>\u201cHoy nos encontramos en el Mirador Sur caminando por la libertad, en contra de la trata de personas y el tr\u00e1fico il\u00edcito de migrantes\u201d, indic\u00f3 la titular de la PETT, Yoanna Bejar\u00e1n \u00c1lvarez, quien encabez\u00f3 la representaci\u00f3n del Ministerio P\u00fablico.<\/p>\n\n\n\n<p>La marcha, organizada por la Fundaci\u00f3n A21, la Fundaci\u00f3n Pelicanos de Amor, OUR Rescue, y con el apoyo de m\u00e1s de 40 instituciones, entre ellas la Polic\u00eda Nacional y la Armada de la Rep\u00fablica Dominicana, inici\u00f3 a las 8:00 de la ma\u00f1ana desde el kil\u00f3metro 5 del Parque Mirador Sur, en el Distrito Nacional, recorriendo dos kil\u00f3metros en completo silencio, expresando tu apoyo y solidaridad a las v\u00edctimas de este delito, que destruye vidas y familias.<\/p>\n\n\n\n<p>\u201cHoy alzamos la voz por esas v\u00edctimas de trata de personas. Por esas personas objeto de tr\u00e1fico que se encuentran en el mundo, que han sido vejadas, que han sido maltratados, que contin\u00faan siendo y no pueden alzar la voz\u201d, dijo Bejar\u00e1n sobre el reclamo en contra de este delito, que ha sido definido como la \u201cesclavitud moderna\u201d, que mantiene a millones de personas privadas de su libertad y de sus derechos en el mundo.<\/p>\n\n\n\n<p>La titular de la PETT se\u00f1al\u00f3 que esta es una muestra de uni\u00f3n y de respaldo que debe fortalecer la decisi\u00f3n de toda aquella persona que est\u00e1 bajo la esclavitud que impone este delito, de empoderase y saber que al denunciarlo contar\u00e1 con el apoyo, el respaldo y la protecci\u00f3n que necesite.<\/p>\n\n\n\n<p>\u201cNosotros estamos aqu\u00ed, alzando la voz por cada v\u00edctima que tiene temor y que no quiere presentar una denuncia, que se encuentra coartada de su libertad, estamos aqu\u00ed por ellas, para luchar unidos cada d\u00eda, para poder rescatarles, darle la mano amiga y poder trabajar d\u00eda a d\u00eda en su representaci\u00f3n\u201d, puntualiz\u00f3 Bejar\u00e1n.<\/p>\n\n\n\n<p>Quien destac\u00f3 el mensaje en el mensaje que esta marcha est\u00e1 enviando a las personas que padecen bajo el yugo de este crimen.<\/p>\n\n\n\n<p>\u201cEstamos aqu\u00ed por ellos, para decirle al mundo, que nosotros s\u00ed, como organizaciones e instituciones, estamos unidas para luchar por ellos\u201d, indic\u00f3 la representante del Ministerio P\u00fablico.<\/p>\n\n\n\n<p>.<\/p>\n\n\n\n<p><strong>Direcci\u00f3n General de Comunicaci\u00f3n, Prensa, y RRPP<\/strong><strong><\/strong><\/p>\n\n\n\n<p>Ministerio P\u00fablico.&nbsp;R.D.<\/p>\n","protected":false},"excerpt":{"rendered":"<p>La titular de la PETT, Yoanna Bejar\u00e1n \u00c1lvarez, destac\u00f3 la importancia del mensaje de apoyo que env\u00eda esta caminata a las v\u00edctimas de este delito SANTO DOMINGO (Rep\u00fablica Dominicana).-&nbsp;El Ministerio P\u00fablico, a trav\u00e9s de la Procuradur\u00eda Especializada contra el Tr\u00e1fico Il\u00edcito de Migrantes y Trata de Personas (PETT), respald\u00f3 el movimiento mundial contra la trata [&hellip;]<\/p>\n","protected":false},"author":7,"featured_media":495896,"comment_status":"closed","ping_status":"closed","sticky":false,"template":"","format":"standard","meta":{"footnotes":""},"categories":[24],"tags":[171],"class_list":["post-567732","post","type-post","status-publish","format-standard","has-post-thumbnail","hentry","category-justicia-y-derecho","tag-ministerio-publico"],"_links":{"self":[{"href":"https:\/\/diariodominicano.com\/index.php?rest_route=\/wp\/v2\/posts\/567732","targetHints":{"allow":["GET"]}}],"collection":[{"href":"https:\/\/diariodominicano.com\/index.php?rest_route=\/wp\/v2\/posts"}],"about":[{"href":"https:\/\/diariodominicano.com\/index.php?rest_route=\/wp\/v2\/types\/post"}],"author":[{"embeddable":true,"href":"https:\/\/diariodominicano.com\/index.php?rest_route=\/wp\/v2\/users\/7"}],"replies":[{"embeddable":true,"href":"https:\/\/diariodominicano.com\/index.php?rest_route=%2Fwp%2Fv2%2Fcomments&post=567732"}],"version-history":[{"count":1,"href":"https:\/\/diariodominicano.com\/index.php?rest_route=\/wp\/v2\/posts\/567732\/revisions"}],"predecessor-version":[{"id":567747,"href":"https:\/\/diariodominicano.com\/index.php?rest_route=\/wp\/v2\/posts\/567732\/revisions\/567747"}],"wp:featuredmedia":[{"embeddable":true,"href":"https:\/\/diariodominicano.com\/index.php?rest_route=\/wp\/v2\/media\/495896"}],"wp:attachment":[{"href":"https:\/\/diariodominicano.com\/index.php?rest_route=%2Fwp%2Fv2%2Fmedia&parent=567732"}],"wp:term":[{"taxonomy":"category","embeddable":true,"href":"https:\/\/diariodominicano.com\/index.php?rest_route=%2Fwp%2Fv2%2Fcategories&post=567732"},{"taxonomy":"post_tag","embeddable":true,"href":"https:\/\/diariodominicano.com\/index.php?rest_route=%2Fwp%2Fv2%2Ftags&post=567732"}],"curies":[{"name":"wp","href":"https:\/\/api.w.org\/{rel}","templated":true}]}}