{"id":56769,"date":"2020-02-04T12:01:47","date_gmt":"2020-02-04T12:01:47","guid":{"rendered":"http:\/\/diariodominicano.ddns.net\/?p=56769"},"modified":"2020-02-04T12:01:47","modified_gmt":"2020-02-04T12:01:47","slug":"cooperativa-san-jose-culmina-actividades-de-conmemoracion-del-68-aniversario-con-premiacion-de-concurso-de-cuentos","status":"publish","type":"post","link":"https:\/\/diariodominicano.com\/?p=56769","title":{"rendered":"Cooperativa San Jos\u00e9 culmina actividades de conmemoraci\u00f3n del 68 aniversario con premiaci\u00f3n de concurso de cuentos"},"content":{"rendered":"<p><body><\/p>\n<p><img decoding=\"async\" src=\"img3\/coopc1.jpg\" \/>  <\/p>\n<p>San Jos\u00e9 de las Matas, Rep\u00fablica Dominicana. &#8211; La Cooperativa San Jos\u00e9 en el contexto del cierre de la celebraci\u00f3n de su 68 aniversario y en ocasi\u00f3n de celebrarse el D\u00eda Nacional de la Juventud, desarroll\u00f3 la primera edici\u00f3n del concurso de cuentos cortos \u00abTu mano amiga de siempre\u00bb, bajo la coordinaci\u00f3n del departamento de Educaci\u00f3n de la entidad.<\/p>\n<\/p>\n<p>En el concurso participaron 51 ni\u00f1os y j\u00f3venes y resultaron ganadoras las estudiantes Miranda Rodr\u00edguez Est\u00e9vez, con el primer lugar, por su relato \u00abCooperativa San Jos\u00e9, una maravillosa realidad\u00bb y Claribel Lobera Carela, con el segundo lugar, por el cuento \u00abTu mano amiga de siempre\u00bb.<\/p>\n<\/p>\n<p>Tambi\u00e9n, L\u00eda Rodr\u00edguez Collado en tercer lugar, con la narraci\u00f3n \u00abUna idea entre amigos\u00bb y en cuarto lugar, Mildred Masiel Garc\u00eda Gonz\u00e1lez con su texto \u00abOrgullo de mi pueblo\u00bb.<\/p>\n<\/p>\n<p>El discurso central de la actividad estuvo a cargo del presidente del Consejo de Administraci\u00f3n Jos\u00e9 Abelardo Est\u00e9vez, quien expres\u00f3 su satisfacci\u00f3n y agradecimiento a los participantes de este concurso que buscaba fomentar la creaci\u00f3n literaria en ni\u00f1os y j\u00f3venes socios de la cooperativa. Mientras que, las palabras de bienvenida fueron ofrecidas por Joaqu\u00edn Hern\u00e1ndez, gerente general de la entidad, agradeciendo a todos los presentes.<\/p>\n<\/p>\n<p>La actividad desarrollada en los espacios del sal\u00f3n de Conferencias Don Luis Bison\u00f3 de Cooperativa San Jos\u00e9, cont\u00f3 con la presencia de Jos\u00e9 Abelardo Est\u00e9vez, presidente del Consejo de Administraci\u00f3n, la secretaria Yolanda Espinal y el vocal Gabriel Ferreira.<\/p>\n<\/p>\n<p>Asimismo, estuvieron presentes Juan An\u00edbal Abreu, presidente del Consejo de Vigilancia y Nelson L\u00f3pez, secretario; Julio C\u00e9sar Rodr\u00edguez, presidente del Comit\u00e9 de Cr\u00e9dito y el vocal Alfredo Jim\u00e9nez; junto a ellos Dominica Bueno, Piero Espinal, Feliciano Sierra y Haliday Saturria de la Comisi\u00f3n de Educaci\u00f3n y de la parte operativa, el gerente de negocios, Hu\u00e1scar Medrano.<\/p>\n<\/p>\n<p>Acerca de la Cooperativa San Jos\u00e9<\/p>\n<\/p>\n<p>Instituci\u00f3n de econom\u00eda solidaria, que este mes de febrero estar\u00e1 celebrando 69 a\u00f1os de servicios. Forma parte de la Asociaci\u00f3n de Instituciones Rurales de Ahorro y Cr\u00e9dito,  Inc. (AIRAC). Cuenta con una oficina principal ubicada en San Jos\u00e9 de las Matas, sucursales en Santiago, Santo Domingo, J\u00e1nico, El Rubio,  Moca y S\u00e1bana Iglesia.<\/p>\n<h6> 2020-02-04 12:01:47 <\/h6>\n<p><!--\n<link rel=\"stylesheet\" href=\"css\/bootstrap.min.css\">\n\n\n<ul class=\"pagination\">\n\t    \n\t\n\n<li >\n\t<a href='?page_no=865'>Previous<\/a>\n\t<\/li>\n\n\n       \n    \n\n<li><a href='?page_no=1'>1<\/a><\/li>\n\n\n\n<li><a href='?page_no=2'>2<\/a><\/li>\n\n\n\n<li><a>...<\/a><\/li>\n\n\n\n<li><a href='?page_no=864'>864<\/a><\/li>\n\n\n\n<li><a href='?page_no=865'>865<\/a><\/li>\n\n\n\n<li class='active'><a>866<\/a><\/li>\n\n\n\n<li><a href='?page_no=867'>867<\/a><\/li>\n\n\n\n<li><a href='?page_no=868'>868<\/a><\/li>\n\n\n\n<li><a>...<\/a><\/li>\n\n\n\n<li><a href='?page_no=22911'>22911<\/a><\/li>\n\n\n\n<li><a href='?page_no=22912'>22912<\/a><\/li>\n\n    \n\t\n\n<li >\n\t<a href='?page_no=867'>Next<\/a>\n\t<\/li>\n\n\n    \n\n<li><a href='?page_no=22912'>Last &rsaquo;&rsaquo;<\/a><\/li>\n\n<\/ul>\n\n\n--><br \/>\n<\/body><\/p>\n","protected":false},"excerpt":{"rendered":"<p>San Jos\u00e9 de las Matas, Rep\u00fablica Dominicana. &#8211; La Cooperativa San Jos\u00e9 en el contexto del cierre de la celebraci\u00f3n de su 68 aniversario y en ocasi\u00f3n de celebrarse el D\u00eda Nacional de la Juventud, desarroll\u00f3 la primera edici\u00f3n del concurso de cuentos cortos \u00abTu mano amiga de siempre\u00bb, bajo la coordinaci\u00f3n del departamento de [&hellip;]<\/p>\n","protected":false},"author":3,"featured_media":0,"comment_status":"open","ping_status":"open","sticky":false,"template":"","format":"standard","meta":{"footnotes":""},"categories":[21],"tags":[],"class_list":["post-56769","post","type-post","status-publish","format-standard","hentry","category-cultura"],"_links":{"self":[{"href":"https:\/\/diariodominicano.com\/index.php?rest_route=\/wp\/v2\/posts\/56769","targetHints":{"allow":["GET"]}}],"collection":[{"href":"https:\/\/diariodominicano.com\/index.php?rest_route=\/wp\/v2\/posts"}],"about":[{"href":"https:\/\/diariodominicano.com\/index.php?rest_route=\/wp\/v2\/types\/post"}],"author":[{"embeddable":true,"href":"https:\/\/diariodominicano.com\/index.php?rest_route=\/wp\/v2\/users\/3"}],"replies":[{"embeddable":true,"href":"https:\/\/diariodominicano.com\/index.php?rest_route=%2Fwp%2Fv2%2Fcomments&post=56769"}],"version-history":[{"count":0,"href":"https:\/\/diariodominicano.com\/index.php?rest_route=\/wp\/v2\/posts\/56769\/revisions"}],"wp:attachment":[{"href":"https:\/\/diariodominicano.com\/index.php?rest_route=%2Fwp%2Fv2%2Fmedia&parent=56769"}],"wp:term":[{"taxonomy":"category","embeddable":true,"href":"https:\/\/diariodominicano.com\/index.php?rest_route=%2Fwp%2Fv2%2Fcategories&post=56769"},{"taxonomy":"post_tag","embeddable":true,"href":"https:\/\/diariodominicano.com\/index.php?rest_route=%2Fwp%2Fv2%2Ftags&post=56769"}],"curies":[{"name":"wp","href":"https:\/\/api.w.org\/{rel}","templated":true}]}}