{"id":567689,"date":"2024-10-19T11:23:13","date_gmt":"2024-10-19T15:23:13","guid":{"rendered":"https:\/\/diariodominicano.com\/?p=567689"},"modified":"2024-10-19T11:23:29","modified_gmt":"2024-10-19T15:23:29","slug":"tormenta-tropical-nadine-se-intensifica-cerca-de-mexico","status":"publish","type":"post","link":"https:\/\/diariodominicano.com\/?p=567689","title":{"rendered":"Tormenta tropical Nadine se intensifica cerca de M\u00e9xico"},"content":{"rendered":"\n<p>diariodominicano.com<\/p>\n\n\n\n<p>Ciudad de M\u00e9xico, 19 oct (Prensa Latina) Expertos de M\u00e9xico reportaron hoy una ligera intensificaci\u00f3n de la tormenta tropical Nadine y pronosticaron un impacto del fen\u00f3meno al norte de Belice, alrededor de este mediod\u00eda.<\/p>\n\n\n\n<p>Nadine, formada a las 00:00 hora local en el mar Caribe a partir del potencial cicl\u00f3n tropical 15, mantiene un desplazamiento hacia el oeste a 15 km\/h, presi\u00f3n m\u00ednima central de 1002 hpa, vientos m\u00e1ximos sostenidos de 70 km\/h y rachas de hasta 90, seg\u00fan el m\u00e1s reciente aviso del Servicio Meteorol\u00f3gico Nacional.<\/p>\n\n\n\n<p>De acuerdo con las previsiones, su circulaci\u00f3n, en interacci\u00f3n con el frente n\u00famero 4, mantendr\u00e1 un temporal de lluvias puntuales intensas a torrenciales, las cuales podr\u00edan generar encharcamientos e inundaciones en la pen\u00ednsula de Yucat\u00e1n, as\u00ed como viento con rachas fuertes y oleaje elevado.<\/p>\n\n\n\n<p>La nota divulgada a las 06:00 detalla sobre precipitaciones puntuales torrenciales (150 a 250 mm) en las regiones de Campeche y Quintana Roo, e intensas (75 a 150 mm) en Yucat\u00e1n.<\/p>\n\n\n\n<p>Adem\u00e1s, los especialistas vaticinan rachas de vientos de 60 a 80 km\/h, oleaje de dos a cuatro metros de altura y posible formaci\u00f3n de trombas marinas en las costas de Quintana Roo, as\u00ed como oleaje de uno a tres metros y posibles trombas marinas en Campeche y Yucat\u00e1n.<\/p>\n\n\n\n<p>\u201cConforme se desplace hacia el sureste del territorio nacional incrementar\u00e1 la probabilidad de lluvias en dicha regi\u00f3n\u201d, agrega.<\/p>\n\n\n\n<p>El Servicio Meteorol\u00f3gico recomend\u00f3 a la poblaci\u00f3n extremar precauciones en las zonas de los estados mencionados y atender las indicaciones de las autoridades del Sistema Nacional de Protecci\u00f3n Civil en cada entidad.<\/p>\n\n\n\n<p>\/las<\/p>\n","protected":false},"excerpt":{"rendered":"<p>diariodominicano.com Ciudad de M\u00e9xico, 19 oct (Prensa Latina) Expertos de M\u00e9xico reportaron hoy una ligera intensificaci\u00f3n de la tormenta tropical Nadine y pronosticaron un impacto del fen\u00f3meno al norte de Belice, alrededor de este mediod\u00eda. Nadine, formada a las 00:00 hora local en el mar Caribe a partir del potencial cicl\u00f3n tropical 15, mantiene un [&hellip;]<\/p>\n","protected":false},"author":5,"featured_media":567690,"comment_status":"closed","ping_status":"closed","sticky":true,"template":"","format":"standard","meta":{"footnotes":""},"categories":[23,27],"tags":[],"class_list":["post-567689","post","type-post","status-publish","format-standard","has-post-thumbnail","hentry","category-internacional","category-portada"],"_links":{"self":[{"href":"https:\/\/diariodominicano.com\/index.php?rest_route=\/wp\/v2\/posts\/567689","targetHints":{"allow":["GET"]}}],"collection":[{"href":"https:\/\/diariodominicano.com\/index.php?rest_route=\/wp\/v2\/posts"}],"about":[{"href":"https:\/\/diariodominicano.com\/index.php?rest_route=\/wp\/v2\/types\/post"}],"author":[{"embeddable":true,"href":"https:\/\/diariodominicano.com\/index.php?rest_route=\/wp\/v2\/users\/5"}],"replies":[{"embeddable":true,"href":"https:\/\/diariodominicano.com\/index.php?rest_route=%2Fwp%2Fv2%2Fcomments&post=567689"}],"version-history":[{"count":1,"href":"https:\/\/diariodominicano.com\/index.php?rest_route=\/wp\/v2\/posts\/567689\/revisions"}],"predecessor-version":[{"id":567691,"href":"https:\/\/diariodominicano.com\/index.php?rest_route=\/wp\/v2\/posts\/567689\/revisions\/567691"}],"wp:featuredmedia":[{"embeddable":true,"href":"https:\/\/diariodominicano.com\/index.php?rest_route=\/wp\/v2\/media\/567690"}],"wp:attachment":[{"href":"https:\/\/diariodominicano.com\/index.php?rest_route=%2Fwp%2Fv2%2Fmedia&parent=567689"}],"wp:term":[{"taxonomy":"category","embeddable":true,"href":"https:\/\/diariodominicano.com\/index.php?rest_route=%2Fwp%2Fv2%2Fcategories&post=567689"},{"taxonomy":"post_tag","embeddable":true,"href":"https:\/\/diariodominicano.com\/index.php?rest_route=%2Fwp%2Fv2%2Ftags&post=567689"}],"curies":[{"name":"wp","href":"https:\/\/api.w.org\/{rel}","templated":true}]}}