{"id":567658,"date":"2024-10-19T02:39:39","date_gmt":"2024-10-19T06:39:39","guid":{"rendered":"https:\/\/diariodominicano.com\/?p=567658"},"modified":"2024-10-19T02:46:36","modified_gmt":"2024-10-19T06:46:36","slug":"fabricante-chino-de-drones-dji-demanda-a-gobierno-de-eeuu-por-inclusion-en-lista-negra-de-pentagono","status":"publish","type":"post","link":"https:\/\/diariodominicano.com\/?p=567658","title":{"rendered":"Fabricante chino de drones DJI demanda a Gobierno de EEUU por inclusi\u00f3n en lista negra de Pent\u00e1gono"},"content":{"rendered":"\n<p><em>spanish.news.cn<\/em>|<em>&nbsp;2024-10-19 12:48:30<\/em>|<\/p>\n\n\n\n<p>SHENZHEN, 19 oct (Xinhua) &#8212; El fabricante chino de drones DJI present\u00f3 hoy s\u00e1bado una demanda contra el Departamento de Defensa de Estados Unidos con la que busca ser eliminado de la lista negra de presuntas empresas militares chinas.<\/p>\n\n\n\n<p>En un anuncio enviado a Xinhua, la empresa manifiesta que la denominaci\u00f3n es err\u00f3nea y decidi\u00f3 buscar una soluci\u00f3n recurriendo al tribunal federal de Estados Unidos despu\u00e9s de m\u00e1s de 16 meses de esfuerzos para entablar di\u00e1logo con el Departamento de Defensa estadounidense.<\/p>\n\n\n\n<p>DJI a\u00f1adi\u00f3 que se ha dedicado a promover la aplicaci\u00f3n de productos de drones civiles y se opone al uso de sus productos para prop\u00f3sitos militares.<\/p>\n\n\n\n<p>\u00abEl Departamento de Defensa reconoce que DJI fabrica drones comerciales y para consumidores, no drones militares\u00bb, recalc\u00f3 la compa\u00f1\u00eda.<\/p>\n\n\n\n<p>Publicaci\u00f3n\u2003\u2003\u2003\u2003\u2003#Diariodominicano.com<\/p>\n\n\n\n<p><\/p>\n\n\n\n<p><a href=\"https:\/\/www.facebook.com\/sharer\/sharer.php?u=https:\/\/spanish.xinhuanet.com\/20241019\/afd900bd62314bdfa3c808a094f1fa3e\/c.html\" target=\"_blank\" rel=\"noreferrer noopener\"><\/a>&nbsp;<a href=\"https:\/\/twitter.com\/intent\/tweet?text=Fabricante%20chino%20de%20drones%20DJI%20demanda%20a%20Gobierno%20de%20EEUU%20por%20inclusi%C3%B3n%20en%20lista%20negra%20de%20Pent%C3%A1gono&amp;url=https:\/\/spanish.xinhuanet.com\/20241019\/afd900bd62314bdfa3c808a094f1fa3e\/c.html\" target=\"_blank\" rel=\"noreferrer noopener\"><\/a>&nbsp;<a target=\"_blank\" href=\"https:\/\/service.weibo.com\/share\/share.php?title=Fabricante%20chino%20de%20drones%20DJI%20demanda%20a%20Gobierno%20de%20EEUU%20por%20inclusi%C3%B3n%20en%20lista%20negra%20de%20Pent%C3%A1gono&amp;url=https:\/\/spanish.xinhuanet.com\/20241019\/afd900bd62314bdfa3c808a094f1fa3e\/c.html\" rel=\"noreferrer noopener\"><\/a>&nbsp;<a><\/a><\/p>\n","protected":false},"excerpt":{"rendered":"<p>spanish.news.cn|&nbsp;2024-10-19 12:48:30| SHENZHEN, 19 oct (Xinhua) &#8212; El fabricante chino de drones DJI present\u00f3 hoy s\u00e1bado una demanda contra el Departamento de Defensa de Estados Unidos con la que busca ser eliminado de la lista negra de presuntas empresas militares chinas. En un anuncio enviado a Xinhua, la empresa manifiesta que la denominaci\u00f3n es err\u00f3nea [&hellip;]<\/p>\n","protected":false},"author":28,"featured_media":0,"comment_status":"closed","ping_status":"closed","sticky":false,"template":"","format":"standard","meta":{"footnotes":""},"categories":[23,24],"tags":[],"class_list":["post-567658","post","type-post","status-publish","format-standard","hentry","category-internacional","category-justicia-y-derecho"],"_links":{"self":[{"href":"https:\/\/diariodominicano.com\/index.php?rest_route=\/wp\/v2\/posts\/567658","targetHints":{"allow":["GET"]}}],"collection":[{"href":"https:\/\/diariodominicano.com\/index.php?rest_route=\/wp\/v2\/posts"}],"about":[{"href":"https:\/\/diariodominicano.com\/index.php?rest_route=\/wp\/v2\/types\/post"}],"author":[{"embeddable":true,"href":"https:\/\/diariodominicano.com\/index.php?rest_route=\/wp\/v2\/users\/28"}],"replies":[{"embeddable":true,"href":"https:\/\/diariodominicano.com\/index.php?rest_route=%2Fwp%2Fv2%2Fcomments&post=567658"}],"version-history":[{"count":3,"href":"https:\/\/diariodominicano.com\/index.php?rest_route=\/wp\/v2\/posts\/567658\/revisions"}],"predecessor-version":[{"id":567674,"href":"https:\/\/diariodominicano.com\/index.php?rest_route=\/wp\/v2\/posts\/567658\/revisions\/567674"}],"wp:attachment":[{"href":"https:\/\/diariodominicano.com\/index.php?rest_route=%2Fwp%2Fv2%2Fmedia&parent=567658"}],"wp:term":[{"taxonomy":"category","embeddable":true,"href":"https:\/\/diariodominicano.com\/index.php?rest_route=%2Fwp%2Fv2%2Fcategories&post=567658"},{"taxonomy":"post_tag","embeddable":true,"href":"https:\/\/diariodominicano.com\/index.php?rest_route=%2Fwp%2Fv2%2Ftags&post=567658"}],"curies":[{"name":"wp","href":"https:\/\/api.w.org\/{rel}","templated":true}]}}