{"id":567611,"date":"2024-10-19T01:43:21","date_gmt":"2024-10-19T05:43:21","guid":{"rendered":"https:\/\/diariodominicano.com\/?p=567611"},"modified":"2024-10-19T01:43:27","modified_gmt":"2024-10-19T05:43:27","slug":"fundacion-celebrara-el-domingo-en-el-seibo-tradicional-caminata-contra-el-cancer-de-mama","status":"publish","type":"post","link":"https:\/\/diariodominicano.com\/?p=567611","title":{"rendered":"Fundaci\u00f3n celebrar\u00e1 el domingo en El Seibo tradicional caminata contra el c\u00e1ncer de mama"},"content":{"rendered":"\n<p>ARCHIVO: <strong>Vista de la caminata que se celebr\u00f3 el a\u00f1o pasado en el municipio de El Seibo, bajo la organi<strong>zaci\u00f3n de la Fundaci\u00f3n Un Paso por la Vida.<\/strong><\/strong><\/p>\n\n\n\n<p>El Seibo, RD.- La Fundaci\u00f3n Un Paso por la Vida celebrar\u00e1 este domingo 20 su tradicional caminata en este municipio de la provincia del mismo nombre, con el prop\u00f3sito de concienciar sobre la lucha contra el c\u00e1ncer de mama y sus acciones para prevenirlo.<\/p>\n\n\n\n<p>La caminata dar\u00e1 comienzo a las 9:00 de la ma\u00f1ana desde la parte frontal del Cuerpo de Bomberos en la avenida Manuela D\u00edez y concluir\u00e1 en el parque municipal.<\/p>\n\n\n\n<p>Ya en el parque, la fundaci\u00f3n proceder\u00e1 a su tradicional venta de comida y bebidas refrescantes para la recaudaci\u00f3n de fondos con los que suministran insumos m\u00e9dicos de menor costo, pago de transporte, alimentaci\u00f3n y otras ayudas para las personas que atraviesan por esa enfermedad.<\/p>\n\n\n\n<p>Los miembros directivos de la Fundaci\u00f3n Un Paso por la Vida expresaron sentirse muy emocionados de esta nueva oportunidad que les brinda el pueblo de El Seibo de colaborar con esta importante actividad, respaldada por las autoridades nacionales, regionales, municipales y las iglesias.<\/p>\n\n\n\n<p>La reconocida comunicadora Jatnna Tav\u00e1rez ha dado su apoyo a la caminata y dem\u00e1s actividades de la fundaci\u00f3n y, a trav\u00e9s de sus redes sociales.<\/p>\n\n\n\n<p>Jatnna destac\u00f3 la realizaci\u00f3n de la caminata y las acciones que ejecuta la Fundaci\u00f3n Un Paso por la Vida y llam\u00f3 a las mujeres a cuidarse y realizarse el tacto de manera constante.<\/p>\n\n\n\n<p>\u201cNos vamos a reunir este domingo en El Seibo, donde haremos de nuevo la diferencia. Vamos a caminar por los pacientes que tristemente sufren de c\u00e1ncer de mama, pero tambi\u00e9n por esa historia que nos har\u00e1 cantar cuando se descubre a tiempo la enfermedad. Vamos a sanarnos juntos\u201d, agreg\u00f3 en sus redes la experimentada comunicadora.<\/p>\n\n\n\n<p>francisco camilo<\/p>\n\n\n\n<p>francisco camilo ()<\/p>\n\n\n\n<p><a target=\"_blank\" href=\"mailto:camilojavier18@yahoo.com\" rel=\"noreferrer noopener\">camilojavier18@yahoo.com<\/a><\/p>\n\n\n\n<p><\/p>\n","protected":false},"excerpt":{"rendered":"<p>ARCHIVO: Vista de la caminata que se celebr\u00f3 el a\u00f1o pasado en el municipio de El Seibo, bajo la organizaci\u00f3n de la Fundaci\u00f3n Un Paso por la Vida. El Seibo, RD.- La Fundaci\u00f3n Un Paso por la Vida celebrar\u00e1 este domingo 20 su tradicional caminata en este municipio de la provincia del mismo nombre, con [&hellip;]<\/p>\n","protected":false},"author":28,"featured_media":567612,"comment_status":"closed","ping_status":"closed","sticky":false,"template":"","format":"standard","meta":{"footnotes":""},"categories":[36,20,25],"tags":[],"class_list":["post-567611","post","type-post","status-publish","format-standard","has-post-thumbnail","hentry","category-hombresmujeresycosas","category-dominicana-hoy","category-gente"],"_links":{"self":[{"href":"https:\/\/diariodominicano.com\/index.php?rest_route=\/wp\/v2\/posts\/567611","targetHints":{"allow":["GET"]}}],"collection":[{"href":"https:\/\/diariodominicano.com\/index.php?rest_route=\/wp\/v2\/posts"}],"about":[{"href":"https:\/\/diariodominicano.com\/index.php?rest_route=\/wp\/v2\/types\/post"}],"author":[{"embeddable":true,"href":"https:\/\/diariodominicano.com\/index.php?rest_route=\/wp\/v2\/users\/28"}],"replies":[{"embeddable":true,"href":"https:\/\/diariodominicano.com\/index.php?rest_route=%2Fwp%2Fv2%2Fcomments&post=567611"}],"version-history":[{"count":1,"href":"https:\/\/diariodominicano.com\/index.php?rest_route=\/wp\/v2\/posts\/567611\/revisions"}],"predecessor-version":[{"id":567613,"href":"https:\/\/diariodominicano.com\/index.php?rest_route=\/wp\/v2\/posts\/567611\/revisions\/567613"}],"wp:featuredmedia":[{"embeddable":true,"href":"https:\/\/diariodominicano.com\/index.php?rest_route=\/wp\/v2\/media\/567612"}],"wp:attachment":[{"href":"https:\/\/diariodominicano.com\/index.php?rest_route=%2Fwp%2Fv2%2Fmedia&parent=567611"}],"wp:term":[{"taxonomy":"category","embeddable":true,"href":"https:\/\/diariodominicano.com\/index.php?rest_route=%2Fwp%2Fv2%2Fcategories&post=567611"},{"taxonomy":"post_tag","embeddable":true,"href":"https:\/\/diariodominicano.com\/index.php?rest_route=%2Fwp%2Fv2%2Ftags&post=567611"}],"curies":[{"name":"wp","href":"https:\/\/api.w.org\/{rel}","templated":true}]}}