{"id":56758,"date":"2020-02-04T23:13:35","date_gmt":"2020-02-04T23:13:35","guid":{"rendered":"http:\/\/diariodominicano.ddns.net\/?p=56758"},"modified":"2020-02-04T23:13:35","modified_gmt":"2020-02-04T23:13:35","slug":"el-consul-frances-entera-a-su-gobierno-de-la-decision-de-proclamar-republica-dominicana","status":"publish","type":"post","link":"https:\/\/diariodominicano.com\/?p=56758","title":{"rendered":"El C\u00f3nsul franc\u00e9s entera a su Gobierno de la  decisi\u00f3n de proclamar Rep\u00fablica Dominicana"},"content":{"rendered":"<p><body><\/p>\n<p><img decoding=\"async\" src=\"img3\/250px-Revised_St._Denis_nomument_IMG_1911.jpg\" \/>  <\/p>\n<p>El C\u00f3nsul franc\u00e9s entera a su Gobierno de la  decisi\u00f3n de proclamar Rep\u00fablica Dominicana<\/p>\n<\/p>\n<p>SANTO DOMINGO, el  5 de febrero de 1844, el c\u00f3nsul franc\u00e9s inform\u00f3 a su Gobierno del plan de los trinitarios para proclamar a la Rep\u00fablica Dominicana.<\/p>\n<p>    \tEn un informe, fechado en Santo Domingo, el c\u00f3nsul Juchereau Saint Denys, le inform\u00f3 al Gobierno franc\u00e9s que los habitantes de Santo Domingo est\u00e1n decididos a separarse de Hait\u00ed aunque sea necesario \u00abrecurrir a las armas\u00bb.<\/p>\n<p>   \tEn el momento que se produjo el informe ya los dominicanos hab\u00edan puesto a circular el 16 de enero de 1844, el  Manifiesto de los pueblos de la parte este de la isla Espa\u00f1ola o de Santo Domingo, en el cual motivaron su prop\u00f3sito de separarse de Hait\u00ed.<\/p>\n<\/p>\n<p>    \tLos firmantes llamaron a los pueblos del Este a unirse y a sacrificar ante las aras de la patria el odio y las personalidades; \u00abque el sentimiento del inter\u00e9s p\u00fablico sea el m\u00f3vil que nos decida por la justa causa de la libertad y de la separaci\u00f3n; con ella, no disminuimos la felicidad de la Rep\u00fablica de Occidente, y hacemos la nuestra\u00bb.<\/p>\n<\/p>\n<p>    \tEn el Manifiesto dado a conocer el 16 de enero de 1844, los pr\u00f3ceres nacionales sosten\u00edan que su causa es justa y prometieron dividir la nueva Rep\u00fablica en cuatro provincias: Santo Domingo, Santiago o Cibao, Azua desde el l\u00edmite de Ocoa, y Seibo, se compondr\u00e1 el  Gobierno de un cierto n\u00famero de miembros de cada una de ellas para que as\u00ed participen proporcionalmente de su soberan\u00eda.<\/p>\n<\/p>\n<p>Asimismo, anunciaron la creaci\u00f3n de un Gobierno provisional con una junta de 11 miembros que estar\u00eda en funciones hasta que se forme la constituci\u00f3n del Estado. <\/p>\n<\/p>\n<p>       Hait\u00ed manten\u00eda ocupado el territorio donde se fund\u00f3 el Estado dominicano desde el d\u00eda 8 de febrero de 1822.<\/p>\n<\/p>\n<h6> 2020-02-04 23:13:35 <\/h6>\n<p><!--\n<link rel=\"stylesheet\" href=\"css\/bootstrap.min.css\">\n\n\n<ul class=\"pagination\">\n\t    \n\t\n\n<li >\n\t<a href='?page_no=864'>Previous<\/a>\n\t<\/li>\n\n\n       \n    \n\n<li><a href='?page_no=1'>1<\/a><\/li>\n\n\n\n<li><a href='?page_no=2'>2<\/a><\/li>\n\n\n\n<li><a>...<\/a><\/li>\n\n\n\n<li><a href='?page_no=863'>863<\/a><\/li>\n\n\n\n<li><a href='?page_no=864'>864<\/a><\/li>\n\n\n\n<li class='active'><a>865<\/a><\/li>\n\n\n\n<li><a href='?page_no=866'>866<\/a><\/li>\n\n\n\n<li><a href='?page_no=867'>867<\/a><\/li>\n\n\n\n<li><a>...<\/a><\/li>\n\n\n\n<li><a href='?page_no=22911'>22911<\/a><\/li>\n\n\n\n<li><a href='?page_no=22912'>22912<\/a><\/li>\n\n    \n\t\n\n<li >\n\t<a href='?page_no=866'>Next<\/a>\n\t<\/li>\n\n\n    \n\n<li><a href='?page_no=22912'>Last &rsaquo;&rsaquo;<\/a><\/li>\n\n<\/ul>\n\n\n--><br \/>\n<\/body><\/p>\n","protected":false},"excerpt":{"rendered":"<p>El C\u00f3nsul franc\u00e9s entera a su Gobierno de la decisi\u00f3n de proclamar Rep\u00fablica Dominicana SANTO DOMINGO, el 5 de febrero de 1844, el c\u00f3nsul franc\u00e9s inform\u00f3 a su Gobierno del plan de los trinitarios para proclamar a la Rep\u00fablica Dominicana. En un informe, fechado en Santo Domingo, el c\u00f3nsul Juchereau Saint Denys, le inform\u00f3 al [&hellip;]<\/p>\n","protected":false},"author":3,"featured_media":0,"comment_status":"open","ping_status":"open","sticky":false,"template":"","format":"standard","meta":{"footnotes":""},"categories":[21],"tags":[],"class_list":["post-56758","post","type-post","status-publish","format-standard","hentry","category-cultura"],"_links":{"self":[{"href":"https:\/\/diariodominicano.com\/index.php?rest_route=\/wp\/v2\/posts\/56758","targetHints":{"allow":["GET"]}}],"collection":[{"href":"https:\/\/diariodominicano.com\/index.php?rest_route=\/wp\/v2\/posts"}],"about":[{"href":"https:\/\/diariodominicano.com\/index.php?rest_route=\/wp\/v2\/types\/post"}],"author":[{"embeddable":true,"href":"https:\/\/diariodominicano.com\/index.php?rest_route=\/wp\/v2\/users\/3"}],"replies":[{"embeddable":true,"href":"https:\/\/diariodominicano.com\/index.php?rest_route=%2Fwp%2Fv2%2Fcomments&post=56758"}],"version-history":[{"count":0,"href":"https:\/\/diariodominicano.com\/index.php?rest_route=\/wp\/v2\/posts\/56758\/revisions"}],"wp:attachment":[{"href":"https:\/\/diariodominicano.com\/index.php?rest_route=%2Fwp%2Fv2%2Fmedia&parent=56758"}],"wp:term":[{"taxonomy":"category","embeddable":true,"href":"https:\/\/diariodominicano.com\/index.php?rest_route=%2Fwp%2Fv2%2Fcategories&post=56758"},{"taxonomy":"post_tag","embeddable":true,"href":"https:\/\/diariodominicano.com\/index.php?rest_route=%2Fwp%2Fv2%2Ftags&post=56758"}],"curies":[{"name":"wp","href":"https:\/\/api.w.org\/{rel}","templated":true}]}}