{"id":567516,"date":"2024-10-19T01:57:31","date_gmt":"2024-10-19T05:57:31","guid":{"rendered":"https:\/\/diariodominicano.com\/?p=567516"},"modified":"2024-10-19T01:58:02","modified_gmt":"2024-10-19T05:58:02","slug":"rd-sub-17-femenina-buscara-su-primera-triunfo-mundialista-este-sabado-2","status":"publish","type":"post","link":"https:\/\/diariodominicano.com\/?p=567516","title":{"rendered":"RD Sub-17 Femenina buscar\u00e1 su primera triunfo mundialista este s\u00e1bado"},"content":{"rendered":"\n<p>SANTO DOMINGO.- La Sedof\u00fatbol Sub-17 Femenina volver\u00e1 a la acci\u00f3n este s\u00e1bado 19 de octubre a partir de las 7:00 de la noche en la Copa Mundial Sub-17 Femenina de la FIFA que se celebra en la Rep\u00fablica Dominicana. Las quisqueyanas enfrentar\u00e1n a Nueva Zelanda en el Estadio Cibao FC de Santiago de los Caballeros.<\/p>\n\n\n\n<p>Ser\u00e1 la segunda presentaci\u00f3n del conjunto patrio y buscar\u00e1 su primera victoria mundialista.<\/p>\n\n\n\n<p>Las dirigidas por Betzaida Ubri esperan contar con el apoyo de la afici\u00f3n dominicana para ir en procura de lo que ser\u00eda el primer triunfo de Rep\u00fablica Dominicana en la historia de los mundiales de la FIFA en cualquier categor\u00eda bien sea femenino o masculino.<\/p>\n\n\n\n<p>Jeanery D\u00edaz y Ava Barker acumulan una tarjeta amarilla en la contienda, por lo que de recibir una cartulina m\u00e1s se perder\u00e1n el siguiente compromiso.<\/p>\n\n\n\n<p>Ambos conjuntos vienen de caer en la jornada inaugural RD 0-2 ante Ecuador y Nueva Zelanda 1-4 frente a Nigeria por lo que ser\u00e1 vital sacar los tres puntos para seguir so\u00f1ando con avanzar de ronda.<\/p>\n\n\n\n<p>El partido ser\u00e1 transmitido por CDN 37 en vivo y en se\u00f1al abierta para todo el pa\u00eds, adem\u00e1s de su&nbsp;<em>streaming<\/em>.<\/p>\n\n\n\n<p>Fedofutbol Prensa <a href=\"mailto:fedofutbolprensa2019@gmail.com\">fedofutbolprensa2019@gmail.com<\/a> <\/p>\n","protected":false},"excerpt":{"rendered":"<p>SANTO DOMINGO.- La Sedof\u00fatbol Sub-17 Femenina volver\u00e1 a la acci\u00f3n este s\u00e1bado 19 de octubre a partir de las 7:00 de la noche en la Copa Mundial Sub-17 Femenina de la FIFA que se celebra en la Rep\u00fablica Dominicana. Las quisqueyanas enfrentar\u00e1n a Nueva Zelanda en el Estadio Cibao FC de Santiago de los Caballeros. [&hellip;]<\/p>\n","protected":false},"author":7,"featured_media":567624,"comment_status":"closed","ping_status":"closed","sticky":false,"template":"","format":"standard","meta":{"footnotes":""},"categories":[17],"tags":[220],"class_list":["post-567516","post","type-post","status-publish","format-standard","has-post-thumbnail","hentry","category-deportes","tag-sub-17"],"_links":{"self":[{"href":"https:\/\/diariodominicano.com\/index.php?rest_route=\/wp\/v2\/posts\/567516","targetHints":{"allow":["GET"]}}],"collection":[{"href":"https:\/\/diariodominicano.com\/index.php?rest_route=\/wp\/v2\/posts"}],"about":[{"href":"https:\/\/diariodominicano.com\/index.php?rest_route=\/wp\/v2\/types\/post"}],"author":[{"embeddable":true,"href":"https:\/\/diariodominicano.com\/index.php?rest_route=\/wp\/v2\/users\/7"}],"replies":[{"embeddable":true,"href":"https:\/\/diariodominicano.com\/index.php?rest_route=%2Fwp%2Fv2%2Fcomments&post=567516"}],"version-history":[{"count":1,"href":"https:\/\/diariodominicano.com\/index.php?rest_route=\/wp\/v2\/posts\/567516\/revisions"}],"predecessor-version":[{"id":567625,"href":"https:\/\/diariodominicano.com\/index.php?rest_route=\/wp\/v2\/posts\/567516\/revisions\/567625"}],"wp:featuredmedia":[{"embeddable":true,"href":"https:\/\/diariodominicano.com\/index.php?rest_route=\/wp\/v2\/media\/567624"}],"wp:attachment":[{"href":"https:\/\/diariodominicano.com\/index.php?rest_route=%2Fwp%2Fv2%2Fmedia&parent=567516"}],"wp:term":[{"taxonomy":"category","embeddable":true,"href":"https:\/\/diariodominicano.com\/index.php?rest_route=%2Fwp%2Fv2%2Fcategories&post=567516"},{"taxonomy":"post_tag","embeddable":true,"href":"https:\/\/diariodominicano.com\/index.php?rest_route=%2Fwp%2Fv2%2Ftags&post=567516"}],"curies":[{"name":"wp","href":"https:\/\/api.w.org\/{rel}","templated":true}]}}