{"id":567459,"date":"2024-10-18T16:25:20","date_gmt":"2024-10-18T20:25:20","guid":{"rendered":"https:\/\/diariodominicano.com\/?p=567459"},"modified":"2024-10-18T16:25:27","modified_gmt":"2024-10-18T20:25:27","slug":"el-papa-recibio-una-propuesta-de-paz-para-tierra-santa-concebida-por-palestinos-e-israelies","status":"publish","type":"post","link":"https:\/\/diariodominicano.com\/?p=567459","title":{"rendered":"El Papa recibi\u00f3 una propuesta de paz para Tierra Santa concebida por palestinos e israel\u00edes"},"content":{"rendered":"\n<p>diariodominicano.com<\/p>\n\n\n\n<p>Vaticano, 18 de octubre, 2024.-\u2002El ex primer ministro israel\u00ed, Ehud Olmert, y el ex ministro de Asuntos Exteriores palestino, Nasser Al-Kidva, le presentaron a Francisco su propuesta de paz para solucionar el hist\u00f3rico conflicto.<\/p>\n\n\n\n<p>\u00abFue un encuentro importante y emotivo. El Santo Padre mostr\u00f3 un inter\u00e9s extraordinario por los esfuerzos de paz en Oriente Medio\u00bb, afirm\u00f3&nbsp;<strong>Ehud Olmert<\/strong>, ex primer ministro israel\u00ed, tras ser recibido el jueves por el&nbsp;<strong>Papa Francisco<\/strong>&nbsp;en el Vaticano,&nbsp;junto a&nbsp;<strong>Nasser Al-Kidwa<\/strong>&nbsp;, el ex ministro de Asuntos Exteriores palestino, y a los restantes miembros de una delegaci\u00f3n de activistas por la paz.<\/p>\n\n\n\n<p>Olmert -que fue Primer Ministro de Israel entre 2006 y 2009 y, antes de eso, ministro de gabinete y alcalde de Jerusal\u00e9n- fue recibido por el Papa como parte de la delegaci\u00f3n, que inclu\u00eda a Nasser Al-Kidwa, ex ministro de Asuntos Exteriores de la Autoridad Palestina entre 2005 y 2006.<\/p>\n\n\n\n<p>En declaraciones a los medios vaticanos despu\u00e9s de la audiencia, Olmert y Al-Kidwa explicaron que le presentaron al Papa una propuesta de paz para Gaza.<\/p>\n\n\n\n<p>Olmert, que era primer ministro israel\u00ed cuando se firm\u00f3 el alto el fuego en el L\u00edbano, en 2006, y que estuvo detr\u00e1s del \u00faltimo intento real de alcanzar un acuerdo para la creaci\u00f3n de dos Estados con el presidente palestino&nbsp;<strong>Mahmud Abbas<\/strong>, dijo que \u00abel Papa Francisco nos dedic\u00f3 una atenci\u00f3n extraordinaria durante m\u00e1s de media hora, explicando que sigue diariamente el desarrollo del conflicto y que cada d\u00eda se conecta con los cristianos de Gaza\u00bb.<\/p>\n\n\n\n<p>\u00abFue un honor excepcional ser recibido por Su Santidad esta ma\u00f1ana en el Vaticano\u00bb, dijo el ex funcionario, \u00aby pudimos sentir que estaba concentrado en el mensaje que quer\u00edamos transmitir, que es que la guerra en Gaza tiene que detenerse, que los rehenes tienen que ser devueltos a sus familias, que Israel tiene que retirarse completamente de Gaza, y que Israel y los palestinos deben embarcarse inmediatamente en negociaciones para una paz integral sobre la soluci\u00f3n de dos Estados\u00bb.<\/p>\n\n\n\n<p>Olmert tambi\u00e9n mencion\u00f3 la posibilidad de un Acuerdo Especial para el estatus de la Ciudad Vieja de Jerusal\u00e9n que, bajo la jurisdicci\u00f3n de un fideicomiso que comprender\u00eda cinco naciones, entre ellas Palestina e Israel, mantendr\u00eda libre para todos los creyentes, cristianos, jud\u00edos y musulmanes, la pr\u00e1ctica de su fe en esa ciudad.<\/p>\n\n\n\n<p>Por su parte Nasser Al-Kidwa, conocido no s\u00f3lo por su postura pacifista sino tambi\u00e9n por ser sobrino del hist\u00f3rico l\u00edder de la OLP,&nbsp;<strong>Yasser Arafat<\/strong>, a quien represent\u00f3 ante las Naciones Unidas, confirm\u00f3 que, durante la audiencia de esta ma\u00f1ana, \u00abhemos presentado al Santo Padre nuestra propuesta de paz para Gaza, que incluye un alto el fuego inmediato, la liberaci\u00f3n de los rehenes israel\u00edes todav\u00eda retenidos por Ham\u00e1s, junto con la liberaci\u00f3n simult\u00e1nea de un n\u00famero acordado de detenidos palestinos en c\u00e1rceles israel\u00edes, y la reanudaci\u00f3n de las negociaciones para la creaci\u00f3n de dos Estados separados, en paz entre s\u00ed\u00bb.<\/p>\n\n\n\n<p>\u00abPara nosotros era importante como equipo y, por supuesto para nuestra misi\u00f3n, poner fin a la guerra y lograr la paz entre los dos pueblos, en forma de dos Estados que vivan uno al lado del otro sobre la base de las fronteras de 1967, con un intercambio acordado\u00bb, dijo el ex funcionario palestino, a\u00f1adiendo que est\u00e1 de acuerdo con la propuesta de Olmert respecto a Cisjordania y la urgente necesidad de poner fin inmediatamente a la guerra en la Franja de Gaza.<\/p>\n\n\n\n<p>Al-Kidwa dijo que, durante la audiencia, la delegaci\u00f3n abord\u00f3 el \u00abtema, importante para toda la humanidad\u00bb, respecto a Jerusal\u00e9n y su estatus y acerca de c\u00f3mo debe ser gobernada.<\/p>\n\n\n\n<p>\u00abHemos dado el paso de presentarle a Su Santidad la propuesta que hicimos juntos al respecto\u00bb, afirm\u00f3, \u00aby creo que \u00e9l bendecir\u00e1 el plan y bendecir\u00e1 nuestras acciones, y eso, definitivamente, va a hacer una gran diferencia\u00bb.<\/p>\n\n\n\n<p><strong>Agencia Informativa Cat\u00f3lica Argentina<\/strong><\/p>\n","protected":false},"excerpt":{"rendered":"<p>diariodominicano.com Vaticano, 18 de octubre, 2024.-\u2002El ex primer ministro israel\u00ed, Ehud Olmert, y el ex ministro de Asuntos Exteriores palestino, Nasser Al-Kidva, le presentaron a Francisco su propuesta de paz para solucionar el hist\u00f3rico conflicto. \u00abFue un encuentro importante y emotivo. El Santo Padre mostr\u00f3 un inter\u00e9s extraordinario por los esfuerzos de paz en Oriente [&hellip;]<\/p>\n","protected":false},"author":5,"featured_media":567460,"comment_status":"closed","ping_status":"closed","sticky":true,"template":"","format":"standard","meta":{"footnotes":""},"categories":[23,27],"tags":[],"class_list":["post-567459","post","type-post","status-publish","format-standard","has-post-thumbnail","hentry","category-internacional","category-portada"],"_links":{"self":[{"href":"https:\/\/diariodominicano.com\/index.php?rest_route=\/wp\/v2\/posts\/567459","targetHints":{"allow":["GET"]}}],"collection":[{"href":"https:\/\/diariodominicano.com\/index.php?rest_route=\/wp\/v2\/posts"}],"about":[{"href":"https:\/\/diariodominicano.com\/index.php?rest_route=\/wp\/v2\/types\/post"}],"author":[{"embeddable":true,"href":"https:\/\/diariodominicano.com\/index.php?rest_route=\/wp\/v2\/users\/5"}],"replies":[{"embeddable":true,"href":"https:\/\/diariodominicano.com\/index.php?rest_route=%2Fwp%2Fv2%2Fcomments&post=567459"}],"version-history":[{"count":1,"href":"https:\/\/diariodominicano.com\/index.php?rest_route=\/wp\/v2\/posts\/567459\/revisions"}],"predecessor-version":[{"id":567461,"href":"https:\/\/diariodominicano.com\/index.php?rest_route=\/wp\/v2\/posts\/567459\/revisions\/567461"}],"wp:featuredmedia":[{"embeddable":true,"href":"https:\/\/diariodominicano.com\/index.php?rest_route=\/wp\/v2\/media\/567460"}],"wp:attachment":[{"href":"https:\/\/diariodominicano.com\/index.php?rest_route=%2Fwp%2Fv2%2Fmedia&parent=567459"}],"wp:term":[{"taxonomy":"category","embeddable":true,"href":"https:\/\/diariodominicano.com\/index.php?rest_route=%2Fwp%2Fv2%2Fcategories&post=567459"},{"taxonomy":"post_tag","embeddable":true,"href":"https:\/\/diariodominicano.com\/index.php?rest_route=%2Fwp%2Fv2%2Ftags&post=567459"}],"curies":[{"name":"wp","href":"https:\/\/api.w.org\/{rel}","templated":true}]}}