{"id":567433,"date":"2024-10-18T16:01:08","date_gmt":"2024-10-18T20:01:08","guid":{"rendered":"https:\/\/diariodominicano.com\/?p=567433"},"modified":"2024-10-18T16:01:10","modified_gmt":"2024-10-18T20:01:10","slug":"destacan-oportunidades-de-sostenibilidad-en-congreso-de-fundacion-francina","status":"publish","type":"post","link":"https:\/\/diariodominicano.com\/?p=567433","title":{"rendered":"Destacan Oportunidades De Sostenibilidad En Congreso De Fundaci\u00f3n Francina"},"content":{"rendered":"\n<p><strong><em>&#8211; La instituci\u00f3n ha invertido m\u00e1s de US$12,000 en kits educativos accesibles<\/em><\/strong> <\/p>\n\n\n\n<p><strong><em>&#8211; En los \u00faltimos cinco a\u00f1os ha destinado m\u00e1s de RD$15 millones en proyectos<\/em><\/strong> <\/p>\n\n\n\n<p><strong><em>&#8211; Dio formaci\u00f3n a m\u00e1s de 120 empresas e instituciones p\u00fablicas en pol\u00edticas de inclusi\u00f3n<\/em><\/strong> <\/p>\n\n\n\n<p><strong><em>&#8211; El evento de 2025 se dedicar\u00e1 a la gesti\u00f3n eficiente de los residuos<\/em><\/strong> <\/p>\n\n\n\n<p>Santo Domingo.&nbsp; En el marco del d\u00e9cimo aniversario de la campa\u00f1a Bast\u00f3n Blanco, la Fundaci\u00f3n Francina celebr\u00f3 el IV Congreso Internacional de Accesibilidad Urbana, este a\u00f1o centrado en el impacto de los choques clim\u00e1ticos en la resiliencia de las ciudades. El mismo, que fue coorganizado junto al Banco de Desarrollo para Latinoam\u00e9rica y El Caribe (CAF), reuni\u00f3 a expertos y tomadores de decisi\u00f3n de diversos sectores alrededor del tema.<\/p>\n\n\n\n<figure class=\"wp-block-gallery has-nested-images columns-default is-cropped wp-block-gallery-1 is-layout-flex wp-block-gallery-is-layout-flex\">\n<figure class=\"wp-block-image size-large\"><img loading=\"lazy\" decoding=\"async\" width=\"1024\" height=\"581\" data-id=\"567448\" src=\"https:\/\/diariodominicano.com\/wp-content\/uploads\/2024\/10\/Francina-Hungria-representate-de-Fundacion-Francina-1024x581.jpg\" alt=\"\" class=\"wp-image-567448\" srcset=\"https:\/\/diariodominicano.com\/wp-content\/uploads\/2024\/10\/Francina-Hungria-representate-de-Fundacion-Francina-1024x581.jpg 1024w, https:\/\/diariodominicano.com\/wp-content\/uploads\/2024\/10\/Francina-Hungria-representate-de-Fundacion-Francina-300x170.jpg 300w, https:\/\/diariodominicano.com\/wp-content\/uploads\/2024\/10\/Francina-Hungria-representate-de-Fundacion-Francina-768x435.jpg 768w, https:\/\/diariodominicano.com\/wp-content\/uploads\/2024\/10\/Francina-Hungria-representate-de-Fundacion-Francina-1536x871.jpg 1536w, https:\/\/diariodominicano.com\/wp-content\/uploads\/2024\/10\/Francina-Hungria-representate-de-Fundacion-Francina-2048x1161.jpg 2048w, https:\/\/diariodominicano.com\/wp-content\/uploads\/2024\/10\/Francina-Hungria-representate-de-Fundacion-Francina-816x463.jpg 816w\" sizes=\"auto, (max-width: 1024px) 100vw, 1024px\" \/><\/figure>\n<\/figure>\n\n\n\n<p>El evento permiti\u00f3 profundizar en torno a las oportunidades y desaf\u00edos de las ciudades, desde las empresas e instituciones p\u00fablicas hasta las poblaciones vulnerables, ante retos clim\u00e1ticos. Tambi\u00e9n se explicaron los proyectos a futuro de la fundaci\u00f3n, incluyendo el Centro de Habilidades y Aprendizaje para el Desarrollo y la Autonom\u00eda de personas con discapacidad visual (HADA) que aspiran a construir, con un costo aproximado de RD$27 millones y que generar\u00e1 unos 150 empleos directos e indirectos.<\/p>\n\n\n\n<figure class=\"wp-block-gallery has-nested-images columns-default is-cropped wp-block-gallery-2 is-layout-flex wp-block-gallery-is-layout-flex\">\n<figure class=\"wp-block-image size-large\"><img loading=\"lazy\" decoding=\"async\" width=\"1024\" height=\"683\" data-id=\"567447\" src=\"https:\/\/diariodominicano.com\/wp-content\/uploads\/2024\/10\/Destacan-Oportunidades-De-Sostenibilidad-En-Congreso-De-Fundacion-Francina-1024x683.jpg\" alt=\"\" class=\"wp-image-567447\" srcset=\"https:\/\/diariodominicano.com\/wp-content\/uploads\/2024\/10\/Destacan-Oportunidades-De-Sostenibilidad-En-Congreso-De-Fundacion-Francina-1024x683.jpg 1024w, https:\/\/diariodominicano.com\/wp-content\/uploads\/2024\/10\/Destacan-Oportunidades-De-Sostenibilidad-En-Congreso-De-Fundacion-Francina-300x200.jpg 300w, https:\/\/diariodominicano.com\/wp-content\/uploads\/2024\/10\/Destacan-Oportunidades-De-Sostenibilidad-En-Congreso-De-Fundacion-Francina-768x512.jpg 768w, https:\/\/diariodominicano.com\/wp-content\/uploads\/2024\/10\/Destacan-Oportunidades-De-Sostenibilidad-En-Congreso-De-Fundacion-Francina-1536x1024.jpg 1536w, https:\/\/diariodominicano.com\/wp-content\/uploads\/2024\/10\/Destacan-Oportunidades-De-Sostenibilidad-En-Congreso-De-Fundacion-Francina-2048x1365.jpg 2048w, https:\/\/diariodominicano.com\/wp-content\/uploads\/2024\/10\/Destacan-Oportunidades-De-Sostenibilidad-En-Congreso-De-Fundacion-Francina-816x544.jpg 816w\" sizes=\"auto, (max-width: 1024px) 100vw, 1024px\" \/><\/figure>\n<\/figure>\n\n\n\n<p>Francina Hungr\u00eda, representante de la fundaci\u00f3n dijo: \u201cEmpezamos centr\u00e1ndonos en el bast\u00f3n, por lo que significa para la rutina diaria de cualquier persona ciega, pero hoy nuestros servicios alcanzan tanto a los individuos como a las organizaciones. Estamos apuntando a fortalecer la cultura del desarrollo y esto implica tambi\u00e9n una actitud responsable ante retos generadores de vulnerabilidad, como los choques clim\u00e1ticos\u201d.<\/p>\n\n\n\n<figure class=\"wp-block-gallery has-nested-images columns-default is-cropped wp-block-gallery-3 is-layout-flex wp-block-gallery-is-layout-flex\">\n<figure class=\"wp-block-image size-large\"><img loading=\"lazy\" decoding=\"async\" width=\"1024\" height=\"683\" data-id=\"567446\" src=\"https:\/\/diariodominicano.com\/wp-content\/uploads\/2024\/10\/Destacan-Oportunidades-De-Sostenibilidad-Congreso-De-Fundacion-Francina-1024x683.jpg\" alt=\"\" class=\"wp-image-567446\" srcset=\"https:\/\/diariodominicano.com\/wp-content\/uploads\/2024\/10\/Destacan-Oportunidades-De-Sostenibilidad-Congreso-De-Fundacion-Francina-1024x683.jpg 1024w, https:\/\/diariodominicano.com\/wp-content\/uploads\/2024\/10\/Destacan-Oportunidades-De-Sostenibilidad-Congreso-De-Fundacion-Francina-300x200.jpg 300w, https:\/\/diariodominicano.com\/wp-content\/uploads\/2024\/10\/Destacan-Oportunidades-De-Sostenibilidad-Congreso-De-Fundacion-Francina-768x512.jpg 768w, https:\/\/diariodominicano.com\/wp-content\/uploads\/2024\/10\/Destacan-Oportunidades-De-Sostenibilidad-Congreso-De-Fundacion-Francina-1536x1024.jpg 1536w, https:\/\/diariodominicano.com\/wp-content\/uploads\/2024\/10\/Destacan-Oportunidades-De-Sostenibilidad-Congreso-De-Fundacion-Francina-2048x1365.jpg 2048w, https:\/\/diariodominicano.com\/wp-content\/uploads\/2024\/10\/Destacan-Oportunidades-De-Sostenibilidad-Congreso-De-Fundacion-Francina-816x544.jpg 816w\" sizes=\"auto, (max-width: 1024px) 100vw, 1024px\" \/><\/figure>\n<\/figure>\n\n\n\n<p>De su lado, Daniel Cabrales, representante de CAF en la Rep\u00fablica Dominicana, dijo: \u201cBuscamos impulsar acciones que fortalezcan el acceso a garant\u00eda de derechos de todas las poblaciones, independientemente de su g\u00e9nero o condici\u00f3n. Y en atenci\u00f3n a los principios que nos mueven como organismo, consideramos que este espacio es clave para seguir alineando esfuerzos\u201d.<\/p>\n\n\n\n<p>En el evento, el encargado de las acciones de inclusi\u00f3n de personas con discapacidad de CAF, I\u00f1aki Regueiro, present\u00f3 c\u00f3mo los bancos multilaterales pueden aportar a proyectos de inclusi\u00f3n en las ciudades. Mientras que Gloria Reyes, directora del Programa Sup\u00e9rate, analiz\u00f3 el impacto de las pol\u00edticas de protecci\u00f3n social adaptativa en el contexto de reducci\u00f3n de la pobreza y respuesta ante los desaf\u00edos de sostenibilidad que vive el pa\u00eds.<\/p>\n\n\n\n<p>El congreso cont\u00f3 con dos paneles destacados. El primero, moderado por Eduardo Valc\u00e1rcel, Partner Manager de Newlink Dominicana, se centr\u00f3 en la resiliencia ante el cambio clim\u00e1tico desde la perspectiva de la competitividad, la protecci\u00f3n social y los compromisos globales, y tuvo como panelistas a Juana Barcel\u00f3, presidenta de Barrick Pueblo Viejo; Gabriela Alvarado, directora del Programa Mundial de Alimentos; y Max Puig, vicepresidente ejecutivo del Consejo Nacional para el Cambio Clim\u00e1tico. El segundo panel, moderado por Jos\u00e9 Beltr\u00e1n, presidente de la Fundaci\u00f3n Francina, explor\u00f3 la participaci\u00f3n igualitaria de las mujeres en contextos de retos clim\u00e1ticos, con la participaci\u00f3n de Ana Mar\u00eda Baiardi Quesnel, gerente de G\u00e9nero, Inclusi\u00f3n y Diversidad de CAF; Ana Mar\u00eda D\u00edaz, representante residente del PNUD en la Rep\u00fablica Dominicana; Jacqueline DeLima Baril, embajadora de Canad\u00e1 en la Rep\u00fablica Dominicana; y Elizabeth Mateo, secretaria general del Ayuntamiento del Distrito Nacional.<\/p>\n\n\n\n<p>El IV Congreso Internacional de Accesibilidad Urbana cont\u00f3 con la colaboraci\u00f3n y el patrocinio de APAP, Embassy Suites by Hilton Santo Domingo, Banreservas, Voluntariado Banreservas, Senasa, Banco BHD, Induveca, Inabie, Superintendencia de Bancos, Fundaci\u00f3n Popular, Fondos Canada, Grupo Ramos, Inespre, Idoppril, Ministerio de la Juventud, ProDominicana, Central Romana, BON, Brugal, CDN, El Caribe, Fundaci\u00f3n Eugenio Mar\u00eda de Hostos, JCDecaux, Diario Libre, Newlink, Nuevo Diario, Arajet, Puros de Hostos y Reptcom.<\/p>\n\n\n\n<p><strong>Maireni P\u00e9rez<\/strong>\u00a0&lt;mairenicperez@gmail.com> <\/p>\n","protected":false},"excerpt":{"rendered":"<p>&#8211; La instituci\u00f3n ha invertido m\u00e1s de US$12,000 en kits educativos accesibles &#8211; En los \u00faltimos cinco a\u00f1os ha destinado m\u00e1s de RD$15 millones en proyectos &#8211; Dio formaci\u00f3n a m\u00e1s de 120 empresas e instituciones p\u00fablicas en pol\u00edticas de inclusi\u00f3n &#8211; El evento de 2025 se dedicar\u00e1 a la gesti\u00f3n eficiente de los residuos [&hellip;]<\/p>\n","protected":false},"author":7,"featured_media":567445,"comment_status":"closed","ping_status":"closed","sticky":false,"template":"","format":"standard","meta":{"footnotes":""},"categories":[36],"tags":[473],"class_list":["post-567433","post","type-post","status-publish","format-standard","has-post-thumbnail","hentry","category-hombresmujeresycosas","tag-fundacion-francina"],"_links":{"self":[{"href":"https:\/\/diariodominicano.com\/index.php?rest_route=\/wp\/v2\/posts\/567433","targetHints":{"allow":["GET"]}}],"collection":[{"href":"https:\/\/diariodominicano.com\/index.php?rest_route=\/wp\/v2\/posts"}],"about":[{"href":"https:\/\/diariodominicano.com\/index.php?rest_route=\/wp\/v2\/types\/post"}],"author":[{"embeddable":true,"href":"https:\/\/diariodominicano.com\/index.php?rest_route=\/wp\/v2\/users\/7"}],"replies":[{"embeddable":true,"href":"https:\/\/diariodominicano.com\/index.php?rest_route=%2Fwp%2Fv2%2Fcomments&post=567433"}],"version-history":[{"count":1,"href":"https:\/\/diariodominicano.com\/index.php?rest_route=\/wp\/v2\/posts\/567433\/revisions"}],"predecessor-version":[{"id":567452,"href":"https:\/\/diariodominicano.com\/index.php?rest_route=\/wp\/v2\/posts\/567433\/revisions\/567452"}],"wp:featuredmedia":[{"embeddable":true,"href":"https:\/\/diariodominicano.com\/index.php?rest_route=\/wp\/v2\/media\/567445"}],"wp:attachment":[{"href":"https:\/\/diariodominicano.com\/index.php?rest_route=%2Fwp%2Fv2%2Fmedia&parent=567433"}],"wp:term":[{"taxonomy":"category","embeddable":true,"href":"https:\/\/diariodominicano.com\/index.php?rest_route=%2Fwp%2Fv2%2Fcategories&post=567433"},{"taxonomy":"post_tag","embeddable":true,"href":"https:\/\/diariodominicano.com\/index.php?rest_route=%2Fwp%2Fv2%2Ftags&post=567433"}],"curies":[{"name":"wp","href":"https:\/\/api.w.org\/{rel}","templated":true}]}}