{"id":567362,"date":"2024-10-18T15:46:28","date_gmt":"2024-10-18T19:46:28","guid":{"rendered":"https:\/\/diariodominicano.com\/?p=567362"},"modified":"2024-10-19T02:59:44","modified_gmt":"2024-10-19T06:59:44","slug":"melanie-perez-la-modelo-dominicana-que-brilla-en-ny-de-la-mano-de-giorgio-armani","status":"publish","type":"post","link":"https:\/\/diariodominicano.com\/?p=567362","title":{"rendered":"Melanie P\u00e9rez, la modelo dominicana que brilla en NY de la mano de Giorgio Armani"},"content":{"rendered":"\n<p>Nueva York\u2013 La destacada modelo dominicana Melanie P\u00e9rez Cotes, originaria del sector Ciudad Nueva, contin\u00faa elevando su carrera a nivel internacional. Con apenas 22 a\u00f1os, Melanie ha desfilado en las pasarelas m\u00e1s prestigiosas del mundo, y esta semana, su nombre vuelve a resonar con fuerza al protagonizar el desfile de Giorgio Armani en Nueva York.<\/p>\n\n\n\n<p>El evento celebrado este jueves, que coincide con la inauguraci\u00f3n del nuevo edificio de Armani en Madison Avenue, fue una ocasi\u00f3n emblem\u00e1tica para la industria de la moda. El reci\u00e9n redise\u00f1ado espacio incluye unidades residenciales, un elegante Armani\/Ristorante y las boutiques Giorgio Armani y Armani\/Casa, lo que lo convierte en un hito de la moda y el dise\u00f1o en la Gran Manzana. Melanie, conocida por su porte elegante y carisma innato, fue una de las figuras principales en esta ocasi\u00f3n tan especial, consolidando su estatus como una de las modelos dominicanas m\u00e1s importantes del momento.<\/p>\n\n\n\n<figure class=\"wp-block-gallery has-nested-images columns-default is-cropped wp-block-gallery-1 is-layout-flex wp-block-gallery-is-layout-flex\">\n<figure class=\"wp-block-image size-large\"><img loading=\"lazy\" decoding=\"async\" width=\"1024\" height=\"768\" data-id=\"567428\" src=\"https:\/\/diariodominicano.com\/wp-content\/uploads\/2024\/10\/Melanie-Perez-la-modelo-dominicana-que-brilla-en-NY-1024x768.jpg\" alt=\"\" class=\"wp-image-567428\" srcset=\"https:\/\/diariodominicano.com\/wp-content\/uploads\/2024\/10\/Melanie-Perez-la-modelo-dominicana-que-brilla-en-NY-1024x768.jpg 1024w, https:\/\/diariodominicano.com\/wp-content\/uploads\/2024\/10\/Melanie-Perez-la-modelo-dominicana-que-brilla-en-NY-300x225.jpg 300w, https:\/\/diariodominicano.com\/wp-content\/uploads\/2024\/10\/Melanie-Perez-la-modelo-dominicana-que-brilla-en-NY-768x576.jpg 768w, https:\/\/diariodominicano.com\/wp-content\/uploads\/2024\/10\/Melanie-Perez-la-modelo-dominicana-que-brilla-en-NY-1536x1152.jpg 1536w, https:\/\/diariodominicano.com\/wp-content\/uploads\/2024\/10\/Melanie-Perez-la-modelo-dominicana-que-brilla-en-NY-816x612.jpg 816w, https:\/\/diariodominicano.com\/wp-content\/uploads\/2024\/10\/Melanie-Perez-la-modelo-dominicana-que-brilla-en-NY.jpg 1600w\" sizes=\"auto, (max-width: 1024px) 100vw, 1024px\" \/><\/figure>\n<\/figure>\n\n\n\n<p>Descubierta a los 16 a\u00f1os por el cazatalentos Sandro Guzm\u00e1n de la agencia Ossygeno Models, la trayectoria de Melanie ha sido mete\u00f3rica. Desde su debut con Balmain en Par\u00eds a los 17 a\u00f1os, ha trabajado para grandes casas de moda como Chanel, Valentino, Dolce &amp; Gabbana y Miu Miu. Adem\u00e1s, ha protagonizado dos campa\u00f1as globales para Emporio Armani, posicion\u00e1ndose como una embajadora del talento dominicano en la industria de la moda.<\/p>\n\n\n\n<figure class=\"wp-block-gallery has-nested-images columns-default is-cropped wp-block-gallery-2 is-layout-flex wp-block-gallery-is-layout-flex\">\n<figure class=\"wp-block-image size-large\"><img loading=\"lazy\" decoding=\"async\" width=\"768\" height=\"1024\" data-id=\"567427\" src=\"https:\/\/diariodominicano.com\/wp-content\/uploads\/2024\/10\/Melanie-Perez-la-modelo-dominicana-que-brilla-en-NY-de-la-mano-Giorgio-Armani-768x1024.jpg\" alt=\"\" class=\"wp-image-567427\" srcset=\"https:\/\/diariodominicano.com\/wp-content\/uploads\/2024\/10\/Melanie-Perez-la-modelo-dominicana-que-brilla-en-NY-de-la-mano-Giorgio-Armani-768x1024.jpg 768w, https:\/\/diariodominicano.com\/wp-content\/uploads\/2024\/10\/Melanie-Perez-la-modelo-dominicana-que-brilla-en-NY-de-la-mano-Giorgio-Armani-225x300.jpg 225w, https:\/\/diariodominicano.com\/wp-content\/uploads\/2024\/10\/Melanie-Perez-la-modelo-dominicana-que-brilla-en-NY-de-la-mano-Giorgio-Armani-816x1088.jpg 816w, https:\/\/diariodominicano.com\/wp-content\/uploads\/2024\/10\/Melanie-Perez-la-modelo-dominicana-que-brilla-en-NY-de-la-mano-Giorgio-Armani.jpg 960w\" sizes=\"auto, (max-width: 768px) 100vw, 768px\" \/><\/figure>\n<\/figure>\n\n\n\n<p>Su presencia en este evento de Armani no solo resalta su importancia en la escena internacional, sino que tambi\u00e9n representa un orgullo para la Rep\u00fablica Dominicana. Melanie es un ejemplo de la diversidad y el esfuerzo que caracteriza a las modelos dominicanas, quienes han roto barreras en la moda mundial.<\/p>\n\n\n\n<p>Este nuevo logro en la carrera de Melanie P\u00e9rez es sin duda una celebraci\u00f3n no solo para ella, sino para todo su pa\u00eds. Con su constante dedicaci\u00f3n y esfuerzo, contin\u00faa inspirando a una nueva generaci\u00f3n de talentos dominicanos, demostrando que los sue\u00f1os se pueden hacer realidad, sin importar de d\u00f3nde provenga.<\/p>\n\n\n\n<figure class=\"wp-block-gallery has-nested-images columns-default is-cropped wp-block-gallery-3 is-layout-flex wp-block-gallery-is-layout-flex\">\n<figure class=\"wp-block-image size-large\"><img loading=\"lazy\" decoding=\"async\" width=\"768\" height=\"1024\" data-id=\"567426\" src=\"https:\/\/diariodominicano.com\/wp-content\/uploads\/2024\/10\/IMG-20241018-WA0016-768x1024.jpg\" alt=\"\" class=\"wp-image-567426\" srcset=\"https:\/\/diariodominicano.com\/wp-content\/uploads\/2024\/10\/IMG-20241018-WA0016-768x1024.jpg 768w, https:\/\/diariodominicano.com\/wp-content\/uploads\/2024\/10\/IMG-20241018-WA0016-225x300.jpg 225w, https:\/\/diariodominicano.com\/wp-content\/uploads\/2024\/10\/IMG-20241018-WA0016-816x1088.jpg 816w, https:\/\/diariodominicano.com\/wp-content\/uploads\/2024\/10\/IMG-20241018-WA0016.jpg 960w\" sizes=\"auto, (max-width: 768px) 100vw, 768px\" \/><\/figure>\n\n\n\n<figure class=\"wp-block-image size-large\"><img loading=\"lazy\" decoding=\"async\" width=\"682\" height=\"1024\" data-id=\"567424\" src=\"https:\/\/diariodominicano.com\/wp-content\/uploads\/2024\/10\/Melanie-Perez-682x1024.jpg\" alt=\"\" class=\"wp-image-567424\" srcset=\"https:\/\/diariodominicano.com\/wp-content\/uploads\/2024\/10\/Melanie-Perez-682x1024.jpg 682w, https:\/\/diariodominicano.com\/wp-content\/uploads\/2024\/10\/Melanie-Perez-200x300.jpg 200w, https:\/\/diariodominicano.com\/wp-content\/uploads\/2024\/10\/Melanie-Perez-768x1153.jpg 768w, https:\/\/diariodominicano.com\/wp-content\/uploads\/2024\/10\/Melanie-Perez-1023x1536.jpg 1023w, https:\/\/diariodominicano.com\/wp-content\/uploads\/2024\/10\/Melanie-Perez-816x1225.jpg 816w, https:\/\/diariodominicano.com\/wp-content\/uploads\/2024\/10\/Melanie-Perez.jpg 1066w\" sizes=\"auto, (max-width: 682px) 100vw, 682px\" \/><\/figure>\n<\/figure>\n\n\n\n<p><strong>Sobre Georgio Armani<\/strong><\/p>\n\n\n\n<p>Giorgio Armani, una de las casas de moda m\u00e1s influyentes del mundo, fue fundada en 1975 por el dise\u00f1ador italiano del mismo nombre. Con su estilo minimalista y elegante, Armani ha redefinido la moda masculina y femenina, siendo pionero en el dise\u00f1o de trajes de cortes impecables que han vestido a algunas de las mayores estrellas del entretenimiento, desde actores y cantantes hasta figuras del deporte.<\/p>\n\n\n\n<figure class=\"wp-block-gallery has-nested-images columns-default is-cropped wp-block-gallery-4 is-layout-flex wp-block-gallery-is-layout-flex\">\n<figure class=\"wp-block-image size-large\"><img loading=\"lazy\" decoding=\"async\" width=\"1024\" height=\"1024\" data-id=\"567429\" src=\"https:\/\/diariodominicano.com\/wp-content\/uploads\/2024\/10\/Melanie-Perez-modelo-dominicana-que-brilla-en-NY-de-la-mano-Giorgio-Armani-1024x1024.jpg\" alt=\"\" class=\"wp-image-567429\" srcset=\"https:\/\/diariodominicano.com\/wp-content\/uploads\/2024\/10\/Melanie-Perez-modelo-dominicana-que-brilla-en-NY-de-la-mano-Giorgio-Armani-1024x1024.jpg 1024w, https:\/\/diariodominicano.com\/wp-content\/uploads\/2024\/10\/Melanie-Perez-modelo-dominicana-que-brilla-en-NY-de-la-mano-Giorgio-Armani-300x300.jpg 300w, https:\/\/diariodominicano.com\/wp-content\/uploads\/2024\/10\/Melanie-Perez-modelo-dominicana-que-brilla-en-NY-de-la-mano-Giorgio-Armani-150x150.jpg 150w, https:\/\/diariodominicano.com\/wp-content\/uploads\/2024\/10\/Melanie-Perez-modelo-dominicana-que-brilla-en-NY-de-la-mano-Giorgio-Armani-768x768.jpg 768w, https:\/\/diariodominicano.com\/wp-content\/uploads\/2024\/10\/Melanie-Perez-modelo-dominicana-que-brilla-en-NY-de-la-mano-Giorgio-Armani-88x88.jpg 88w, https:\/\/diariodominicano.com\/wp-content\/uploads\/2024\/10\/Melanie-Perez-modelo-dominicana-que-brilla-en-NY-de-la-mano-Giorgio-Armani-816x816.jpg 816w, https:\/\/diariodominicano.com\/wp-content\/uploads\/2024\/10\/Melanie-Perez-modelo-dominicana-que-brilla-en-NY-de-la-mano-Giorgio-Armani.jpg 1280w\" sizes=\"auto, (max-width: 1024px) 100vw, 1024px\" \/><\/figure>\n<\/figure>\n\n\n\n<p>Celebridades como Cate Blanchett, Leonardo DiCaprio, Beyonc\u00e9 y David Beckham han sido imagen de la marca y han lucido sus piezas en eventos de gran prestigio, como los premios \u00d3scar y el Festival de Cannes.<\/p>\n\n\n\n<p>Para cualquier modelo, desfilar para Giorgio Armani es un reconocimiento de su posici\u00f3n en la c\u00faspide de la moda. Armani no solo es sin\u00f3nimo de lujo y sofisticaci\u00f3n, sino tambi\u00e9n de un legado de calidad que ha perdurado por casi cinco d\u00e9cadas <\/p>\n\n\n\n<p>@<a href=\"https:\/\/www.instagram.com\/melanieperez.c?igsh=MWpldnl1Z2Izdjl2YQ==\">melanieperez.c<\/a><\/p>\n\n\n\n<p><strong>CM Comunicate<\/strong>\u00a0&lt;cmcomunicaterd@gmail.com> <\/p>\n","protected":false},"excerpt":{"rendered":"<p>Nueva York\u2013 La destacada modelo dominicana Melanie P\u00e9rez Cotes, originaria del sector Ciudad Nueva, contin\u00faa elevando su carrera a nivel internacional. Con apenas 22 a\u00f1os, Melanie ha desfilado en las pasarelas m\u00e1s prestigiosas del mundo, y esta semana, su nombre vuelve a resonar con fuerza al protagonizar el desfile de Giorgio Armani en Nueva York. [&hellip;]<\/p>\n","protected":false},"author":7,"featured_media":567425,"comment_status":"closed","ping_status":"closed","sticky":false,"template":"","format":"standard","meta":{"footnotes":""},"categories":[25],"tags":[515,516],"class_list":["post-567362","post","type-post","status-publish","format-standard","has-post-thumbnail","hentry","category-gente","tag-giorgio-armani","tag-melanie-perez"],"_links":{"self":[{"href":"https:\/\/diariodominicano.com\/index.php?rest_route=\/wp\/v2\/posts\/567362","targetHints":{"allow":["GET"]}}],"collection":[{"href":"https:\/\/diariodominicano.com\/index.php?rest_route=\/wp\/v2\/posts"}],"about":[{"href":"https:\/\/diariodominicano.com\/index.php?rest_route=\/wp\/v2\/types\/post"}],"author":[{"embeddable":true,"href":"https:\/\/diariodominicano.com\/index.php?rest_route=\/wp\/v2\/users\/7"}],"replies":[{"embeddable":true,"href":"https:\/\/diariodominicano.com\/index.php?rest_route=%2Fwp%2Fv2%2Fcomments&post=567362"}],"version-history":[{"count":1,"href":"https:\/\/diariodominicano.com\/index.php?rest_route=\/wp\/v2\/posts\/567362\/revisions"}],"predecessor-version":[{"id":567431,"href":"https:\/\/diariodominicano.com\/index.php?rest_route=\/wp\/v2\/posts\/567362\/revisions\/567431"}],"wp:featuredmedia":[{"embeddable":true,"href":"https:\/\/diariodominicano.com\/index.php?rest_route=\/wp\/v2\/media\/567425"}],"wp:attachment":[{"href":"https:\/\/diariodominicano.com\/index.php?rest_route=%2Fwp%2Fv2%2Fmedia&parent=567362"}],"wp:term":[{"taxonomy":"category","embeddable":true,"href":"https:\/\/diariodominicano.com\/index.php?rest_route=%2Fwp%2Fv2%2Fcategories&post=567362"},{"taxonomy":"post_tag","embeddable":true,"href":"https:\/\/diariodominicano.com\/index.php?rest_route=%2Fwp%2Fv2%2Ftags&post=567362"}],"curies":[{"name":"wp","href":"https:\/\/api.w.org\/{rel}","templated":true}]}}