{"id":56736,"date":"2020-02-05T11:05:10","date_gmt":"2020-02-05T11:05:10","guid":{"rendered":"http:\/\/diariodominicano.ddns.net\/?p=56736"},"modified":"2020-02-05T11:05:10","modified_gmt":"2020-02-05T11:05:10","slug":"mas-de-300-bachilleres-de-alto-rendimiento-ingresan-en-enero-2020-al-programa-docentes-de-excelencia","status":"publish","type":"post","link":"https:\/\/diariodominicano.com\/?p=56736","title":{"rendered":"M\u00e1s de 300 bachilleres de alto rendimiento ingresan en enero 2020 al programa \u00abDocentes de Excelencia\u00bb"},"content":{"rendered":"<p><body><\/p>\n<p><img decoding=\"async\" src=\"img3\/becs2.jpg\" \/>  <\/p>\n<p>Santo Domingo.- El Ministerio de Educaci\u00f3n (Minerd), a trav\u00e9s del Instituto Nacional de Formaci\u00f3n y Capacitaci\u00f3n del Magisterio (Inafocam), logr\u00f3 que, en este mes de enero del 2020, ingresaran otros 331 bachilleres al Programa Formaci\u00f3n Docentes de Excelencia en diferentes universidades dominicanas.<\/p>\n<\/p>\n<p>Con esta cantidad de nuevos estudiantes de educaci\u00f3n son m\u00e1s de 2,600 los becarios del Instituto en el referido programa concebido por el Estado dominicano para elevar el nivel de los aprendizajes escolares en el pa\u00eds.<\/p>\n<\/p>\n<p>Por dicho motivo, los bachilleres recibieron, del lunes 13 al 31 de enero del 2020 de representantes del Inafocam, un proceso de inducci\u00f3n en trece instituciones de educaci\u00f3n superior en las que se les inform\u00f3 de los deberes y derechos para mantenerse en el programa formativo.<\/p>\n<\/p>\n<p>Los bachilleres tendr\u00e1n una cobertura de un 100% del pago de la matr\u00edcula. Los beneficiarios debieron superar las prueba de Orientaci\u00f3n y Medici\u00f3n Acad\u00e9mica-POMA, y la Prueba de Aptitud Acad\u00e9mica-PAA.<\/p>\n<\/p>\n<p>Los becarios del Inafocam cursar\u00e1n diferentes licenciaturas orientadas a la Educaci\u00f3n Secundaria como en Matem\u00e1tica, en Qu\u00edmica, en Biolog\u00eda, en F\u00edsica, en Ciencias Sociales, en Lengua Espa\u00f1ola y Literatura,  as\u00ed como en las licenciaturas en Educaci\u00f3n F\u00edsica y en ingl\u00e9s orientado a la ense\u00f1anza en el sistema educativo.<\/p>\n<\/p>\n<p>Un grupo de los becarios ingres\u00f3 a la Universidad Central del Este (UCE), Universidad Nacional Pedro Henr\u00edquez Ure\u00f1a (UNPHU), Universidad Cultural Dominico Americana (UNICDA), Pontificia Universidad Cat\u00f3lica Madre y Maestra (PUCMM) en el recinto de Santo Domingo, Universidad APEC (UNAPEC), Universidad Tecnol\u00f3gica de Santiago (UTESA) y la Universidad Nacional Evang\u00e9lica (UNEV)<\/p>\n<\/p>\n<p>Otro grupo se matricul\u00f3 en la Universidad Tecnol\u00f3gica del Cibao Oriental (UTECO), Universidad ISA, Universidad Cat\u00f3lica Nordestana (UCNE), Universidad Cat\u00f3lica Tecnol\u00f3gica de Barahona (UCATEBA), Instituto Tecnol\u00f3gico de Santo Domingo (INTEC) y en la Universidad Tecnol\u00f3gica del Cibao Oriental (UTECO) instituciones responsables de formar a los nuevos educadores<\/p>\n<\/p>\n<p>Dichas universidades tienen programas de formaci\u00f3n docente aprobados seg\u00fan la normativa 09-2015 del Ministerio de Educaci\u00f3n Superior Ciencia y Tecnolog\u00eda y que responden al curr\u00edculo educativo por competencias establecido por el Ministerio de Educaci\u00f3n.<\/p>\n<\/p>\n<p>El programa formativo que implementar\u00e1n estas instituciones de educaci\u00f3n superior incluye un diplomado para capacitar a los estudiantes de educaci\u00f3n en el uso de las nuevas tecnolog\u00edas como herramienta pedag\u00f3gica y un programa de ingl\u00e9s por inmersi\u00f3n, entre otras capacitaciones extracurriculares.   <\/p>\n<\/p>\n<p>La formaci\u00f3n que se desarrollar\u00e1 busca garantizar que los nuevos docentes alcancen el dominio de los contenidos de las asignaturas curriculares, as\u00ed como de la capacidad pedag\u00f3gica para ense\u00f1arlas con efectividad en los centros educativos.<\/p>\n<\/p>\n<p>Roque Diomedes Tejada <\/p>\n<\/p>\n<p>Encargado<\/p>\n<\/p>\n<p>Departamento de Comunicaciones<\/p>\n<h6> 2020-02-05 11:05:10 <\/h6>\n<p><!--\n<link rel=\"stylesheet\" href=\"css\/bootstrap.min.css\">\n\n\n<ul class=\"pagination\">\n\t    \n\t\n\n<li >\n\t<a href='?page_no=862'>Previous<\/a>\n\t<\/li>\n\n\n       \n    \n\n<li><a href='?page_no=1'>1<\/a><\/li>\n\n\n\n<li><a href='?page_no=2'>2<\/a><\/li>\n\n\n\n<li><a>...<\/a><\/li>\n\n\n\n<li><a href='?page_no=861'>861<\/a><\/li>\n\n\n\n<li><a href='?page_no=862'>862<\/a><\/li>\n\n\n\n<li class='active'><a>863<\/a><\/li>\n\n\n\n<li><a href='?page_no=864'>864<\/a><\/li>\n\n\n\n<li><a href='?page_no=865'>865<\/a><\/li>\n\n\n\n<li><a>...<\/a><\/li>\n\n\n\n<li><a href='?page_no=22911'>22911<\/a><\/li>\n\n\n\n<li><a href='?page_no=22912'>22912<\/a><\/li>\n\n    \n\t\n\n<li >\n\t<a href='?page_no=864'>Next<\/a>\n\t<\/li>\n\n\n    \n\n<li><a href='?page_no=22912'>Last &rsaquo;&rsaquo;<\/a><\/li>\n\n<\/ul>\n\n\n--><br \/>\n<\/body><\/p>\n","protected":false},"excerpt":{"rendered":"<p>Santo Domingo.- El Ministerio de Educaci\u00f3n (Minerd), a trav\u00e9s del Instituto Nacional de Formaci\u00f3n y Capacitaci\u00f3n del Magisterio (Inafocam), logr\u00f3 que, en este mes de enero del 2020, ingresaran otros 331 bachilleres al Programa Formaci\u00f3n Docentes de Excelencia en diferentes universidades dominicanas. Con esta cantidad de nuevos estudiantes de educaci\u00f3n son m\u00e1s de 2,600 los [&hellip;]<\/p>\n","protected":false},"author":3,"featured_media":0,"comment_status":"open","ping_status":"open","sticky":false,"template":"","format":"standard","meta":{"footnotes":""},"categories":[21],"tags":[],"class_list":["post-56736","post","type-post","status-publish","format-standard","hentry","category-cultura"],"_links":{"self":[{"href":"https:\/\/diariodominicano.com\/index.php?rest_route=\/wp\/v2\/posts\/56736","targetHints":{"allow":["GET"]}}],"collection":[{"href":"https:\/\/diariodominicano.com\/index.php?rest_route=\/wp\/v2\/posts"}],"about":[{"href":"https:\/\/diariodominicano.com\/index.php?rest_route=\/wp\/v2\/types\/post"}],"author":[{"embeddable":true,"href":"https:\/\/diariodominicano.com\/index.php?rest_route=\/wp\/v2\/users\/3"}],"replies":[{"embeddable":true,"href":"https:\/\/diariodominicano.com\/index.php?rest_route=%2Fwp%2Fv2%2Fcomments&post=56736"}],"version-history":[{"count":0,"href":"https:\/\/diariodominicano.com\/index.php?rest_route=\/wp\/v2\/posts\/56736\/revisions"}],"wp:attachment":[{"href":"https:\/\/diariodominicano.com\/index.php?rest_route=%2Fwp%2Fv2%2Fmedia&parent=56736"}],"wp:term":[{"taxonomy":"category","embeddable":true,"href":"https:\/\/diariodominicano.com\/index.php?rest_route=%2Fwp%2Fv2%2Fcategories&post=56736"},{"taxonomy":"post_tag","embeddable":true,"href":"https:\/\/diariodominicano.com\/index.php?rest_route=%2Fwp%2Fv2%2Ftags&post=56736"}],"curies":[{"name":"wp","href":"https:\/\/api.w.org\/{rel}","templated":true}]}}