{"id":567359,"date":"2024-10-18T15:48:59","date_gmt":"2024-10-18T19:48:59","guid":{"rendered":"https:\/\/diariodominicano.com\/?p=567359"},"modified":"2024-10-18T15:49:01","modified_gmt":"2024-10-18T19:49:01","slug":"premium-class-modeling-academy-brilla-en-su-gran-debut-en-el-rd-fashion-week-2024","status":"publish","type":"post","link":"https:\/\/diariodominicano.com\/?p=567359","title":{"rendered":"Premium Class Modeling Academy Brilla en su Gran Debut en el RD Fashion Week 2024"},"content":{"rendered":"\n<p>Santo Domingo, RD. \u2013&nbsp;La prestigiosa academia y agencia de modelaje Premium Class Modeling Academy dej\u00f3 una huella imborrable en la industria de la moda dominicana con su deslumbrante debut en el RD Fashion Week 2024, consolidando su liderazgo y visi\u00f3n en el mundo del modelaje.<\/p>\n\n\n\n<p>Con la participaci\u00f3n de m\u00e1s de 70 talentosas modelos, la academia, dirigida por la reconocida modelo, comunicadora y reina de belleza Mayra Delgado, cautiv\u00f3 a los asistentes en cada desfile, demostrando la calidad, versatilidad y profesionalismo de sus talentos durante toda la semana de la moda dominicana.<\/p>\n\n\n\n<figure class=\"wp-block-image size-full is-resized\"><img loading=\"lazy\" decoding=\"async\" width=\"599\" height=\"497\" src=\"https:\/\/diariodominicano.com\/wp-content\/uploads\/2024\/10\/Mayra-Delgado-y-Cosurero-de-Lula.png\" alt=\"\" class=\"wp-image-567399\" style=\"width:616px;height:auto\" srcset=\"https:\/\/diariodominicano.com\/wp-content\/uploads\/2024\/10\/Mayra-Delgado-y-Cosurero-de-Lula.png 599w, https:\/\/diariodominicano.com\/wp-content\/uploads\/2024\/10\/Mayra-Delgado-y-Cosurero-de-Lula-300x249.png 300w\" sizes=\"auto, (max-width: 599px) 100vw, 599px\" \/><\/figure>\n\n\n\n<p>En un evento que reuni\u00f3 a los dise\u00f1adores m\u00e1s influyentes, tanto nacionales como internacionales, las modelos de Premium Class Modeling Academy destacaron por su elegancia y carisma, desfilando para ic\u00f3nicas marcas como Giannina Azar, Andr\u00e9s Paj\u00f3n, Rafael Rivero, Melkis D\u00edaz, Denny Marin, Carolina Almonte, Barranquilla FW, Carolina Rueda, Ivone Garita, entre muchas otras. Su presencia en la apertura y cierre del evento, as\u00ed como en desfiles de dise\u00f1adores internacionales, reafirm\u00f3 la posici\u00f3n de la academia como un referente emergente y de alto impacto en el \u00e1mbito nacional.<\/p>\n\n\n\n<p>Uno de los momentos m\u00e1s emotivos fue la presentaci\u00f3n de la colecci\u00f3n \u00abWhispers of the Moon\u00bb en colaboraci\u00f3n con El Costurero de Lula, d\u00f3nde 27 de las modelos m\u00e1s j\u00f3venes de la academia conquistaron la pasarela en la edici\u00f3n Kids del Fashion Week, dejando claro que el talento de las futuras generaciones est\u00e1 en buenas manos.<\/p>\n\n\n\n<p>\u00abNos sentimos profundamente orgullosos del desempe\u00f1o de nuestros talentos en este importante evento. En Premium Class, nuestro compromiso es formar a las nuevas generaciones de modelos y continuar posicionando a la Rep\u00fablica Dominicana como un referente de la moda a nivel internacional\u00bb, expres\u00f3 Mayra Delgado, quien destac\u00f3 el impacto positivo de la participaci\u00f3n de la academia en el RD Fashion Week 2024.<\/p>\n\n\n\n<p>&nbsp;El RD Fashion Week 2024, celebrado bajo el lema \u201cDestino de Moda\u201d del 9 al 12 de octubre en el Hotel Marriott Piantini, cont\u00f3 con la participaci\u00f3n de Estados Unidos como pa\u00eds invitado de honor, consolidando a Santo Domingo como un epicentro de la moda y la cultura.<\/p>\n\n\n\n<p>Sobre Mayra Delgado<\/p>\n\n\n\n<p>Mayra Delgado es una figura destacada en el mundo del modelaje, con m\u00e1s de 8 a\u00f1os de trayectoria como modelo profesional, fil\u00e1ntropa, presentadora y reina de belleza. Ha sido reconocida en tres ocasiones en los Premios Fashion Top Models Internacional. En 2019, fue nombrada imagen del RD Fashion Week, marcando un hito en su carrera. En 2017, fue coronada Miss Teen Mundial RD y obtuvo el t\u00edtulo de Princesa Mundial. Ha desfilado en prestigiosas plataformas como Miami Fashion Week, RD Fashion Week y Dominicana Moda.<\/p>\n\n\n\n<p>&nbsp;Delgado es adem\u00e1s licenciada en Direcci\u00f3n y Gesti\u00f3n Empresarial, con estudios en Harvard Business School, Barna Management School y Wilkes University, lo que respalda su enfoque integral en el desarrollo del talento dominicano.<\/p>\n\n\n\n<p><strong>Julio Lluberes<\/strong>\u00a0&lt;lluberesjulio@gmail.com>  <\/p>\n","protected":false},"excerpt":{"rendered":"<p>Santo Domingo, RD. \u2013&nbsp;La prestigiosa academia y agencia de modelaje Premium Class Modeling Academy dej\u00f3 una huella imborrable en la industria de la moda dominicana con su deslumbrante debut en el RD Fashion Week 2024, consolidando su liderazgo y visi\u00f3n en el mundo del modelaje. Con la participaci\u00f3n de m\u00e1s de 70 talentosas modelos, la [&hellip;]<\/p>\n","protected":false},"author":7,"featured_media":567398,"comment_status":"closed","ping_status":"closed","sticky":false,"template":"","format":"standard","meta":{"footnotes":""},"categories":[25],"tags":[517,518],"class_list":["post-567359","post","type-post","status-publish","format-standard","has-post-thumbnail","hentry","category-gente","tag-premium-class-modeling-academy","tag-rd-fashion-week-2024"],"_links":{"self":[{"href":"https:\/\/diariodominicano.com\/index.php?rest_route=\/wp\/v2\/posts\/567359","targetHints":{"allow":["GET"]}}],"collection":[{"href":"https:\/\/diariodominicano.com\/index.php?rest_route=\/wp\/v2\/posts"}],"about":[{"href":"https:\/\/diariodominicano.com\/index.php?rest_route=\/wp\/v2\/types\/post"}],"author":[{"embeddable":true,"href":"https:\/\/diariodominicano.com\/index.php?rest_route=\/wp\/v2\/users\/7"}],"replies":[{"embeddable":true,"href":"https:\/\/diariodominicano.com\/index.php?rest_route=%2Fwp%2Fv2%2Fcomments&post=567359"}],"version-history":[{"count":1,"href":"https:\/\/diariodominicano.com\/index.php?rest_route=\/wp\/v2\/posts\/567359\/revisions"}],"predecessor-version":[{"id":567440,"href":"https:\/\/diariodominicano.com\/index.php?rest_route=\/wp\/v2\/posts\/567359\/revisions\/567440"}],"wp:featuredmedia":[{"embeddable":true,"href":"https:\/\/diariodominicano.com\/index.php?rest_route=\/wp\/v2\/media\/567398"}],"wp:attachment":[{"href":"https:\/\/diariodominicano.com\/index.php?rest_route=%2Fwp%2Fv2%2Fmedia&parent=567359"}],"wp:term":[{"taxonomy":"category","embeddable":true,"href":"https:\/\/diariodominicano.com\/index.php?rest_route=%2Fwp%2Fv2%2Fcategories&post=567359"},{"taxonomy":"post_tag","embeddable":true,"href":"https:\/\/diariodominicano.com\/index.php?rest_route=%2Fwp%2Fv2%2Ftags&post=567359"}],"curies":[{"name":"wp","href":"https:\/\/api.w.org\/{rel}","templated":true}]}}