{"id":567353,"date":"2024-10-18T10:41:25","date_gmt":"2024-10-18T14:41:25","guid":{"rendered":"https:\/\/diariodominicano.com\/?p=567353"},"modified":"2024-10-18T10:44:28","modified_gmt":"2024-10-18T14:44:28","slug":"sepelio-de-edis-ferreras-es-la-tarde-de-este-viernes-pld","status":"publish","type":"post","link":"https:\/\/diariodominicano.com\/?p=567353","title":{"rendered":"Sepelio de Edis Ferreras es la tarde de este viernes: PLD"},"content":{"rendered":"\n<p><strong><em>Margarita Cede\u00f1o:<\/em><\/strong><em>&nbsp;\u201cMe duele mucho la partida de mi gran amigo Edis Ferreras, compa\u00f1ero y amigo incansable\u201d<\/em><\/p>\n\n\n\n<p>Ser\u00e1 sepultado este d\u00eda en el Cementerio Cristo Salvador los restos \u00a0\u00a0del comunicador y dirigente del\u00a0<strong>Partido de la Liberaci\u00f3n Dominicana, Edis Ferreras,<\/strong>\u00a0quien falleci\u00f3 la ma\u00f1ana del jueves, mientras recib\u00eda atenciones m\u00e9dicas <\/p>\n\n\n\n<p>Por la Funeraria Blandino de la avenida Charles de Gaulle en el sector Villa Carmen en el municipio Santo Domingo Este, en donde es velado, han desfilado cientos de miembros y dirigentes del PLD para presentar las condolencias a sus familiares.<\/p>\n\n\n\n<p>Los asistentes coinciden en resaltar su trayectoria de leal militante partidario, gran amigo y colaborador, unido a su condici\u00f3n de animador y maestro de ceremonias en actividades formales y de campa\u00f1a del PLD.<\/p>\n\n\n\n<p>\u201cSe recuerda los llamados de Edis desde los altavoces del PLD anunciando \u201cAh\u00ed viene Juan Bosch\u201d, que preparaba a los participantes en marchas y caravanas la presencia all\u00ed del l\u00edder hist\u00f3rico del PLD\u201d, coment\u00f3 uno de los asistentes al velatorio.<\/p>\n\n\n\n<p>En t\u00e9rminos similares se pronunci\u00f3 la tarde del jueves la ex vicepresidenta de la Rep\u00fablica, Margarita Cede\u00f1o, destacando la bondad, nobleza y humildad de Edis Ferreras, que para ella represent\u00f3 un motivo de inspiraci\u00f3n para el servicio comunitario y al trabajo pol\u00edtico.<\/p>\n\n\n\n<p>\u201cMe duele mucho la partida de mi gran amigo Edis Ferreras, compa\u00f1ero y amigo incansable, la voz que iba junto conmigo a cientos de eventos y caravanas recorriendo el pa\u00eds\u201d, escribi\u00f3 en sus redes sociales acompa\u00f1ada de una fotograf\u00eda del dirigente fallecido desde un p\u00f3dium.<\/p>\n\n\n\n<p>\u201cSiempre fue un hombre alegre, afable, cari\u00f1oso, comprometido con su pa\u00eds y su comunidad, un hombre familiar, dispuesto y trabajador. \u00a1Cu\u00e1ntos kil\u00f3metros recorrimos juntos con su voz inconfundible\u201d, agreg\u00f3!<\/p>\n\n\n\n<p>La noticia de su deceso ha sorprendido a los miembros del PLD, pues la semana anterior se le vio bastante activo en las actividades del X congreso Ordinario Reinaldo Pared P\u00e9rez, en curso.<\/p>\n\n\n\n<p><strong>SECRETARIA DE COMUNICACIONES<\/strong><\/p>\n\n\n\n<p><strong>18 DE OCTUBRE, 2024.-<\/strong><\/p>\n","protected":false},"excerpt":{"rendered":"<p>Margarita Cede\u00f1o:&nbsp;\u201cMe duele mucho la partida de mi gran amigo Edis Ferreras, compa\u00f1ero y amigo incansable\u201d Ser\u00e1 sepultado este d\u00eda en el Cementerio Cristo Salvador los restos \u00a0\u00a0del comunicador y dirigente del\u00a0Partido de la Liberaci\u00f3n Dominicana, Edis Ferreras,\u00a0quien falleci\u00f3 la ma\u00f1ana del jueves, mientras recib\u00eda atenciones m\u00e9dicas Por la Funeraria Blandino de la avenida Charles [&hellip;]<\/p>\n","protected":false},"author":28,"featured_media":567355,"comment_status":"closed","ping_status":"closed","sticky":false,"template":"","format":"standard","meta":{"footnotes":""},"categories":[20,26],"tags":[],"class_list":["post-567353","post","type-post","status-publish","format-standard","has-post-thumbnail","hentry","category-dominicana-hoy","category-efemerides"],"_links":{"self":[{"href":"https:\/\/diariodominicano.com\/index.php?rest_route=\/wp\/v2\/posts\/567353","targetHints":{"allow":["GET"]}}],"collection":[{"href":"https:\/\/diariodominicano.com\/index.php?rest_route=\/wp\/v2\/posts"}],"about":[{"href":"https:\/\/diariodominicano.com\/index.php?rest_route=\/wp\/v2\/types\/post"}],"author":[{"embeddable":true,"href":"https:\/\/diariodominicano.com\/index.php?rest_route=\/wp\/v2\/users\/28"}],"replies":[{"embeddable":true,"href":"https:\/\/diariodominicano.com\/index.php?rest_route=%2Fwp%2Fv2%2Fcomments&post=567353"}],"version-history":[{"count":2,"href":"https:\/\/diariodominicano.com\/index.php?rest_route=\/wp\/v2\/posts\/567353\/revisions"}],"predecessor-version":[{"id":567356,"href":"https:\/\/diariodominicano.com\/index.php?rest_route=\/wp\/v2\/posts\/567353\/revisions\/567356"}],"wp:featuredmedia":[{"embeddable":true,"href":"https:\/\/diariodominicano.com\/index.php?rest_route=\/wp\/v2\/media\/567355"}],"wp:attachment":[{"href":"https:\/\/diariodominicano.com\/index.php?rest_route=%2Fwp%2Fv2%2Fmedia&parent=567353"}],"wp:term":[{"taxonomy":"category","embeddable":true,"href":"https:\/\/diariodominicano.com\/index.php?rest_route=%2Fwp%2Fv2%2Fcategories&post=567353"},{"taxonomy":"post_tag","embeddable":true,"href":"https:\/\/diariodominicano.com\/index.php?rest_route=%2Fwp%2Fv2%2Ftags&post=567353"}],"curies":[{"name":"wp","href":"https:\/\/api.w.org\/{rel}","templated":true}]}}