{"id":56725,"date":"2020-02-05T11:41:05","date_gmt":"2020-02-05T11:41:05","guid":{"rendered":"http:\/\/diariodominicano.ddns.net\/?p=56725"},"modified":"2020-02-05T11:41:05","modified_gmt":"2020-02-05T11:41:05","slug":"instituciones-de-la-seguridad-social-depositan-ofrenda-floral","status":"publish","type":"post","link":"https:\/\/diariodominicano.com\/?p=56725","title":{"rendered":"Instituciones de la Seguridad Social depositan ofrenda floral"},"content":{"rendered":"<p><body><\/p>\n<p><img decoding=\"async\" src=\"img3\/ofrend2.jpg\" \/>  <\/p>\n<p>Dominga Ramirez Garcia<\/p>\n<\/p>\n<p>El Consejo Nacional de Seguridad Social (CNSS), junto a las entidades que conforman el Sistema Dominicano de Seguridad Social (SDSS), depositaron una ofrenda floral en el Altar de la Patria con motivo del Mes de la Patria.<\/p>\n<\/p>\n<p>El acto forma parte de las actividades oficiales que organiza la Comisi\u00f3n Permanente de Efem\u00e9rides Patrias, el cual estuvo presidido por el viceministro de Trabajo y suplente del Presidente del CNSS, Nicol\u00e1s Restituyo y el gerente general del CNSS, Rafael P\u00e9rez Modesto.<\/p>\n<\/p>\n<p>\u00abLa mejor forma de hacerle tributo a los padres fundadores de Rep\u00fablica Dominicana es ser consecuente con el pensamiento duartiano, cumpliendo con nuestro deber de llevar al Sistema Dominicano de Seguridad Social (SDSS) a su m\u00e1ximo esplendor en beneficio de todos los sectores del pa\u00eds\u00bb, dijo P\u00e9rez Modesto.<\/p>\n<\/p>\n<p>El funcionario resalt\u00f3 el papel de los Padres de la Patria, Juan Pablo Duarte, Francisco del Rosario S\u00e1nchez y Mat\u00edas Ram\u00f3n Mella, quienes junto a un grupo de j\u00f3venes conformaron la sociedad secreta \u00abLa Trinitaria\u00bb con el objetivo de realizar acciones tendentes a independizar la parte Este de La Espa\u00f1ola de la ocupaci\u00f3n haitiana y formar el Estado independiente.<\/p>\n<\/p>\n<p>Destac\u00f3 los logros que ha tenido el pa\u00eds en diversas \u00e1reas, incluyendo el Sistema Dominicano de Seguridad Social, sector que ha tenido importantes avances en la ampliaci\u00f3n de la protecci\u00f3n social de los ciudadanos.<\/p>\n<\/p>\n<p>Acudieron a rendir tributo a los Padres de la Patria el Tesorero de la Seguridad Social, Henry Sahdal\u00e1; el Superintendente de Salud y Riesgos Laborales, Pedro Luis Castellanos; la directora de Informaci\u00f3n y Defensa a los Afiliados (DIDA), N\u00e9lsida Marmolejos; el Superintendente de Pensiones (SIPEN), Ram\u00f3n Contreras; el contralor general del SDSS, Wladislao Guzm\u00e1n; el subgerente general del CNSS, Eduard del Villar, miembros del CNSS, funcionarios del sector salud y empleados.<\/p>\n<\/p>\n<p>El solemne acto cont\u00f3 con una concurrida asistencia de servidores p\u00fablicos e inici\u00f3 con las notas del Himno Nacional, interpretada por la Banda de M\u00fasica del Cuerpo de Bomberos.<\/p>\n<\/p>\n<p>Cada a\u00f1o las entidades del Sistema, se unen en la celebraci\u00f3n del \u00abMes de la Patria\u00bb que inici\u00f3 el 26 de enero fecha conmemorativa al natalicio del patricio Juan Pablo Duarte y que culmina el 27 de febrero, D\u00eda de la Independencia Nacional.<\/p>\n<\/p>\n<p>Al culminar la actividad, los empleados de dichas entidades, vociferaron de forma un\u00e1nime junto al gerente general del CNSS \u00abViva la Rep\u00fablica Dominicana. Viva los Padres de la Patria. \u00a1QUE VIVA!<\/p>\n<\/p>\n<p>Pie de foto:<\/p>\n<\/p>\n<p>1.Pedro Luis Castellano, Nicol\u00e1s Restituyo, N\u00e9lsida Marmolejos,Rafael P\u00e9rez Modesto, Ram\u00f3n Contreras, Henry Sahdal\u00e1 y Eduard del Villar (de derecha a izquierda).<\/p>\n<\/p>\n<p>2.Entidades del Sistema Dominicano de Seguridad Social depositan ofrenda floral en el Altar de la Patria.<\/p>\n<h6> 2020-02-05 11:41:05 <\/h6>\n<p><!--\n<link rel=\"stylesheet\" href=\"css\/bootstrap.min.css\">\n\n\n<ul class=\"pagination\">\n\t    \n\t\n\n<li >\n\t<a href='?page_no=861'>Previous<\/a>\n\t<\/li>\n\n\n       \n    \n\n<li><a href='?page_no=1'>1<\/a><\/li>\n\n\n\n<li><a href='?page_no=2'>2<\/a><\/li>\n\n\n\n<li><a>...<\/a><\/li>\n\n\n\n<li><a href='?page_no=860'>860<\/a><\/li>\n\n\n\n<li><a href='?page_no=861'>861<\/a><\/li>\n\n\n\n<li class='active'><a>862<\/a><\/li>\n\n\n\n<li><a href='?page_no=863'>863<\/a><\/li>\n\n\n\n<li><a href='?page_no=864'>864<\/a><\/li>\n\n\n\n<li><a>...<\/a><\/li>\n\n\n\n<li><a href='?page_no=22911'>22911<\/a><\/li>\n\n\n\n<li><a href='?page_no=22912'>22912<\/a><\/li>\n\n    \n\t\n\n<li >\n\t<a href='?page_no=863'>Next<\/a>\n\t<\/li>\n\n\n    \n\n<li><a href='?page_no=22912'>Last &rsaquo;&rsaquo;<\/a><\/li>\n\n<\/ul>\n\n\n--><br \/>\n<\/body><\/p>\n","protected":false},"excerpt":{"rendered":"<p>Dominga Ramirez Garcia El Consejo Nacional de Seguridad Social (CNSS), junto a las entidades que conforman el Sistema Dominicano de Seguridad Social (SDSS), depositaron una ofrenda floral en el Altar de la Patria con motivo del Mes de la Patria. El acto forma parte de las actividades oficiales que organiza la Comisi\u00f3n Permanente de Efem\u00e9rides [&hellip;]<\/p>\n","protected":false},"author":3,"featured_media":0,"comment_status":"open","ping_status":"open","sticky":false,"template":"","format":"standard","meta":{"footnotes":""},"categories":[21],"tags":[],"class_list":["post-56725","post","type-post","status-publish","format-standard","hentry","category-cultura"],"_links":{"self":[{"href":"https:\/\/diariodominicano.com\/index.php?rest_route=\/wp\/v2\/posts\/56725","targetHints":{"allow":["GET"]}}],"collection":[{"href":"https:\/\/diariodominicano.com\/index.php?rest_route=\/wp\/v2\/posts"}],"about":[{"href":"https:\/\/diariodominicano.com\/index.php?rest_route=\/wp\/v2\/types\/post"}],"author":[{"embeddable":true,"href":"https:\/\/diariodominicano.com\/index.php?rest_route=\/wp\/v2\/users\/3"}],"replies":[{"embeddable":true,"href":"https:\/\/diariodominicano.com\/index.php?rest_route=%2Fwp%2Fv2%2Fcomments&post=56725"}],"version-history":[{"count":0,"href":"https:\/\/diariodominicano.com\/index.php?rest_route=\/wp\/v2\/posts\/56725\/revisions"}],"wp:attachment":[{"href":"https:\/\/diariodominicano.com\/index.php?rest_route=%2Fwp%2Fv2%2Fmedia&parent=56725"}],"wp:term":[{"taxonomy":"category","embeddable":true,"href":"https:\/\/diariodominicano.com\/index.php?rest_route=%2Fwp%2Fv2%2Fcategories&post=56725"},{"taxonomy":"post_tag","embeddable":true,"href":"https:\/\/diariodominicano.com\/index.php?rest_route=%2Fwp%2Fv2%2Ftags&post=56725"}],"curies":[{"name":"wp","href":"https:\/\/api.w.org\/{rel}","templated":true}]}}