{"id":567166,"date":"2024-10-17T17:42:23","date_gmt":"2024-10-17T21:42:23","guid":{"rendered":"https:\/\/diariodominicano.com\/?p=567166"},"modified":"2024-10-17T17:42:32","modified_gmt":"2024-10-17T21:42:32","slug":"hamas-ya-no-gobernara-gaza-tras-la-muerte-de-sinwar-dice-netanyahu","status":"publish","type":"post","link":"https:\/\/diariodominicano.com\/?p=567166","title":{"rendered":"Hamas ya no gobernar\u00e1 Gaza tras la muerte de Sinwar, dice Netanyahu"},"content":{"rendered":"\n<p>diariodominicano.com<\/p>\n\n\n\n<p>JERUSAL\u00c9N, 17 oct (Xinhua) &#8212; El primer ministro de Israel, Benjam\u00edn Netanyahu, dijo hoy que Ham\u00e1s ya no gobernar\u00e1 Gaza, despu\u00e9s de que el ej\u00e9rcito israel\u00ed afirma haber dado muerte al l\u00edder de Ham\u00e1s, Yahya Sinwar. \u00abLa persona que cometi\u00f3 la masacre m\u00e1s terrible en la historia de nuestra naci\u00f3n desde el Holocausto fue eliminada hoy\u00bb, dijo Netanyahu en una declaraci\u00f3n por video. \u00abHamas ya no gobernar\u00e1 Gaza\u00bb. En un mensaje dirigido a quienes tienen en su poder a los rehenes israel\u00edes en Gaza, Netanyahu dijo que \u00aba quien deponga las y los devuelva, les permitiremos irse y vivir, pero a quien los \u00faltimastime, (les decimos) su sangre caer\u00e1 sobre sus propias cabezas\u00bb. Netanyahu tambi\u00e9n pidi\u00f3 a los pueblos de la regi\u00f3n \u00abdetener el eje del mal y crear un futuro diferente de paz y prosperidad en toda la regi\u00f3n\u00bb. Por otra parte, el ministro de Defensa israel\u00ed, Yoav Gallant, dijo en la red social X que \u00abla eliminaci\u00f3n de Sinwar es un mensaje claro para las familias de los soldados ca\u00eddos y de los secuestrados de que estamos haciendo todo y seguiremos haciendo\u00bb. Las Fuerzas de Defensa de Israel y la Agencia de Seguridad de Israel confirmaron hoy de manera conjunta que soldados israel\u00edes mataron el mi\u00e9rcoles al l\u00edder de Hamas, Sinwar, en la Franja de Gaza. Hamas no ha confirmado la muerte de Sinwar. Aleta<\/p>\n","protected":false},"excerpt":{"rendered":"<p>diariodominicano.com JERUSAL\u00c9N, 17 oct (Xinhua) &#8212; El primer ministro de Israel, Benjam\u00edn Netanyahu, dijo hoy que Ham\u00e1s ya no gobernar\u00e1 Gaza, despu\u00e9s de que el ej\u00e9rcito israel\u00ed afirma haber dado muerte al l\u00edder de Ham\u00e1s, Yahya Sinwar. \u00abLa persona que cometi\u00f3 la masacre m\u00e1s terrible en la historia de nuestra naci\u00f3n desde el Holocausto fue [&hellip;]<\/p>\n","protected":false},"author":5,"featured_media":567167,"comment_status":"closed","ping_status":"closed","sticky":true,"template":"","format":"standard","meta":{"footnotes":""},"categories":[23,27],"tags":[],"class_list":["post-567166","post","type-post","status-publish","format-standard","has-post-thumbnail","hentry","category-internacional","category-portada"],"_links":{"self":[{"href":"https:\/\/diariodominicano.com\/index.php?rest_route=\/wp\/v2\/posts\/567166","targetHints":{"allow":["GET"]}}],"collection":[{"href":"https:\/\/diariodominicano.com\/index.php?rest_route=\/wp\/v2\/posts"}],"about":[{"href":"https:\/\/diariodominicano.com\/index.php?rest_route=\/wp\/v2\/types\/post"}],"author":[{"embeddable":true,"href":"https:\/\/diariodominicano.com\/index.php?rest_route=\/wp\/v2\/users\/5"}],"replies":[{"embeddable":true,"href":"https:\/\/diariodominicano.com\/index.php?rest_route=%2Fwp%2Fv2%2Fcomments&post=567166"}],"version-history":[{"count":1,"href":"https:\/\/diariodominicano.com\/index.php?rest_route=\/wp\/v2\/posts\/567166\/revisions"}],"predecessor-version":[{"id":567168,"href":"https:\/\/diariodominicano.com\/index.php?rest_route=\/wp\/v2\/posts\/567166\/revisions\/567168"}],"wp:featuredmedia":[{"embeddable":true,"href":"https:\/\/diariodominicano.com\/index.php?rest_route=\/wp\/v2\/media\/567167"}],"wp:attachment":[{"href":"https:\/\/diariodominicano.com\/index.php?rest_route=%2Fwp%2Fv2%2Fmedia&parent=567166"}],"wp:term":[{"taxonomy":"category","embeddable":true,"href":"https:\/\/diariodominicano.com\/index.php?rest_route=%2Fwp%2Fv2%2Fcategories&post=567166"},{"taxonomy":"post_tag","embeddable":true,"href":"https:\/\/diariodominicano.com\/index.php?rest_route=%2Fwp%2Fv2%2Ftags&post=567166"}],"curies":[{"name":"wp","href":"https:\/\/api.w.org\/{rel}","templated":true}]}}