{"id":567110,"date":"2024-10-17T15:59:42","date_gmt":"2024-10-17T19:59:42","guid":{"rendered":"https:\/\/diariodominicano.com\/?p=567110"},"modified":"2024-10-17T15:59:45","modified_gmt":"2024-10-17T19:59:45","slug":"fiscalia-de-samana-obtiene-condena-de-10-anos-por-trafico-de-drogas","status":"publish","type":"post","link":"https:\/\/diariodominicano.com\/?p=567110","title":{"rendered":"Fiscal\u00eda de Saman\u00e1 obtiene condena de 10 a\u00f1os por tr\u00e1fico de drogas"},"content":{"rendered":"\n<p><strong>SANTO DOMINGO ESTE (Rep\u00fablica Dominicana). &#8211;<\/strong>La Fiscal\u00eda de Saman\u00e1 obtuvo una condena de 10 a\u00f1os de prisi\u00f3n en contra de Argenis de la Cruz, a quien acus\u00f3 por tr\u00e1fico de drogas y sustancias controladas.<\/p>\n\n\n\n<p>Los fiscales Marlene Rodr\u00edguez y Natanael Fr\u00edas demostraron ante los jueces Edward Jose Soto Soto, Martha Mireya Indira Javier Cedano y Ruth Esther Garcia Cruz, del Tribunal Colegiado de Saman\u00e1, la culpabilidad de De la Cruz, quien incurri\u00f3 en la violaci\u00f3n a las disposiciones de los art\u00edculos 4-D, 5-A, 6-A, 28 y 75-II de la Ley 50-88 sobre Drogas y Sustancias Controladas.<\/p>\n\n\n\n<p>De La Cruz fue arrestado en flagrante delito por agentes de la Polic\u00eda Nacional adscrito a la Direcci\u00f3n Nacional de Control de Drogas (DNCD), quienes realizaban un operativo en el sector Hoyo del Cacao del municipio de Las Terrenas, el 27 de diciembre del a\u00f1o 2022.<\/p>\n\n\n\n<p>Ante la situaci\u00f3n, el hoy procesado intent\u00f3 huir en su motocicleta, color negro, marca Suzuki, modelo AX100, chasis LC6PAGA14K, pero los agentes policiales se lo impidieron, y al arrestarlo, le&nbsp; se le ocup\u00f3 ajustado a su cintura una cartera, tipo maricona, la cual conten\u00eda en su interior cuatro porciones de coca\u00edna, envueltas en recortes de fundas pl\u00e1sticas color negro con rayas transparentes, con un peso de 417.05 gramos; una porci\u00f3n de marihuana, con un peso de 103.92 gramos, as\u00ed como 12.58 gramos de crack.<\/p>\n\n\n\n<p>Tambi\u00e9n le fue ocupada una balanza, marca Tanita, color negro; un celular, marca iPhone, color negro, y la suma de mil cien pesos (RD$1,100.00) y dos d\u00f3lares ($2.00).<\/p>\n\n\n\n<p>El procesado cumplir\u00e1 la sentencia en la c\u00e1rcel p\u00fablica de Saman\u00e1.<strong><\/strong><\/p>\n\n\n\n<p><strong>Direcci\u00f3n General de Comunicaci\u00f3n, Prensa, y RRPP<\/strong><strong><\/strong><\/p>\n\n\n\n<p>Ministerio P\u00fablico.&nbsp;R.D.<\/p>\n","protected":false},"excerpt":{"rendered":"<p>SANTO DOMINGO ESTE (Rep\u00fablica Dominicana). &#8211;La Fiscal\u00eda de Saman\u00e1 obtuvo una condena de 10 a\u00f1os de prisi\u00f3n en contra de Argenis de la Cruz, a quien acus\u00f3 por tr\u00e1fico de drogas y sustancias controladas. Los fiscales Marlene Rodr\u00edguez y Natanael Fr\u00edas demostraron ante los jueces Edward Jose Soto Soto, Martha Mireya Indira Javier Cedano y [&hellip;]<\/p>\n","protected":false},"author":7,"featured_media":522732,"comment_status":"closed","ping_status":"closed","sticky":false,"template":"","format":"standard","meta":{"footnotes":""},"categories":[24],"tags":[508,171],"class_list":["post-567110","post","type-post","status-publish","format-standard","has-post-thumbnail","hentry","category-justicia-y-derecho","tag-fiscalia-de-samana","tag-ministerio-publico"],"_links":{"self":[{"href":"https:\/\/diariodominicano.com\/index.php?rest_route=\/wp\/v2\/posts\/567110","targetHints":{"allow":["GET"]}}],"collection":[{"href":"https:\/\/diariodominicano.com\/index.php?rest_route=\/wp\/v2\/posts"}],"about":[{"href":"https:\/\/diariodominicano.com\/index.php?rest_route=\/wp\/v2\/types\/post"}],"author":[{"embeddable":true,"href":"https:\/\/diariodominicano.com\/index.php?rest_route=\/wp\/v2\/users\/7"}],"replies":[{"embeddable":true,"href":"https:\/\/diariodominicano.com\/index.php?rest_route=%2Fwp%2Fv2%2Fcomments&post=567110"}],"version-history":[{"count":1,"href":"https:\/\/diariodominicano.com\/index.php?rest_route=\/wp\/v2\/posts\/567110\/revisions"}],"predecessor-version":[{"id":567119,"href":"https:\/\/diariodominicano.com\/index.php?rest_route=\/wp\/v2\/posts\/567110\/revisions\/567119"}],"wp:featuredmedia":[{"embeddable":true,"href":"https:\/\/diariodominicano.com\/index.php?rest_route=\/wp\/v2\/media\/522732"}],"wp:attachment":[{"href":"https:\/\/diariodominicano.com\/index.php?rest_route=%2Fwp%2Fv2%2Fmedia&parent=567110"}],"wp:term":[{"taxonomy":"category","embeddable":true,"href":"https:\/\/diariodominicano.com\/index.php?rest_route=%2Fwp%2Fv2%2Fcategories&post=567110"},{"taxonomy":"post_tag","embeddable":true,"href":"https:\/\/diariodominicano.com\/index.php?rest_route=%2Fwp%2Fv2%2Ftags&post=567110"}],"curies":[{"name":"wp","href":"https:\/\/api.w.org\/{rel}","templated":true}]}}