{"id":567109,"date":"2024-10-17T15:54:11","date_gmt":"2024-10-17T19:54:11","guid":{"rendered":"https:\/\/diariodominicano.com\/?p=567109"},"modified":"2024-10-17T15:55:47","modified_gmt":"2024-10-17T19:55:47","slug":"la-direccion-de-servicios-penitenciarios-y-correccionales-informa-que-seran-sometidos-por-secuestro-a-la-autoridad-dos-privados-de-libertad","status":"publish","type":"post","link":"https:\/\/diariodominicano.com\/?p=567109","title":{"rendered":"La Direcci\u00f3n de Servicios Penitenciarios y Correccionales informa que ser\u00e1n sometidos por secuestro a la autoridad dos privados de libertad"},"content":{"rendered":"\n<p><strong>SANTO DOMINGO (Rep\u00fablica Dominicana). &#8211;<\/strong>&nbsp;La Direcci\u00f3n General de Servicios Penitenciarios y Correccionales (DGSPC) inform\u00f3&nbsp;&nbsp; que, ser\u00e1n sometidos&nbsp; a&nbsp; la acci\u00f3n&nbsp; de la&nbsp; justicia&nbsp; dos&nbsp; internos&nbsp; del&nbsp; Centro de Correcci\u00f3n&nbsp; y Rehabilitaci\u00f3n&nbsp; de Mao,&nbsp;&nbsp;&nbsp; Valverde, que,&nbsp; por&nbsp; un&nbsp; especio de&nbsp;&nbsp; una&nbsp;&nbsp; hora&nbsp; mantuvieron en calidad&nbsp; de&nbsp; secuestro&nbsp; al&nbsp; vigilante&nbsp; penitenciario&nbsp;&nbsp; encargado de&nbsp; supervisar&nbsp; ese centro de privaci\u00f3n de libertad.<\/p>\n\n\n\n<p>La DGSPC inform\u00f3 que los internos ser\u00e1n sometidos por haber violado los art\u00edculos 379, 383, 384 y 385 del C\u00f3digo Penal Dominicano que tipifica el secuestro como un delito.<\/p>\n\n\n\n<p>El coronel Roberto Hern\u00e1ndez Basilio, director general de la DGSPC, inform\u00f3 que, el caso fue resuelto sin novedad, al tiempo que aclar\u00f3 que las actividades en el recinto&nbsp;&nbsp; penitenciario se desarrollan con total normalidad.<\/p>\n\n\n\n<p>Hern\u00e1ndez dijo, adem\u00e1s, que los dos internos que exig\u00edan ser trasladados a otro centro se encontraban en \u00e1rea de reflexi\u00f3n, por mala conducta, al mismo tiempo el director de la DGSPC agradeci\u00f3 la colaboraci\u00f3n del general de la zona y de la Fiscal\u00eda por la r\u00e1pida respuesta para solucionar este incidente, el cual transcurri\u00f3 sin novedad.<strong><\/strong><\/p>\n\n\n\n<p><strong>Direcci\u00f3n General de Comunicaci\u00f3n, Prensa, y RRPP<\/strong><strong><\/strong><\/p>\n\n\n\n<p>Ministerio P\u00fablico.&nbsp;R.D.<\/p>\n","protected":false},"excerpt":{"rendered":"<p>SANTO DOMINGO (Rep\u00fablica Dominicana). &#8211;&nbsp;La Direcci\u00f3n General de Servicios Penitenciarios y Correccionales (DGSPC) inform\u00f3&nbsp;&nbsp; que, ser\u00e1n sometidos&nbsp; a&nbsp; la acci\u00f3n&nbsp; de la&nbsp; justicia&nbsp; dos&nbsp; internos&nbsp; del&nbsp; Centro de Correcci\u00f3n&nbsp; y Rehabilitaci\u00f3n&nbsp; de Mao,&nbsp;&nbsp;&nbsp; Valverde, que,&nbsp; por&nbsp; un&nbsp; especio de&nbsp;&nbsp; una&nbsp;&nbsp; hora&nbsp; mantuvieron en calidad&nbsp; de&nbsp; secuestro&nbsp; al&nbsp; vigilante&nbsp; penitenciario&nbsp;&nbsp; encargado de&nbsp; supervisar&nbsp; ese centro de [&hellip;]<\/p>\n","protected":false},"author":7,"featured_media":557035,"comment_status":"closed","ping_status":"closed","sticky":false,"template":"","format":"standard","meta":{"footnotes":""},"categories":[24],"tags":[507],"class_list":["post-567109","post","type-post","status-publish","format-standard","has-post-thumbnail","hentry","category-justicia-y-derecho","tag-direccion-de-servicios-penitenciarios-y-correccionales"],"_links":{"self":[{"href":"https:\/\/diariodominicano.com\/index.php?rest_route=\/wp\/v2\/posts\/567109","targetHints":{"allow":["GET"]}}],"collection":[{"href":"https:\/\/diariodominicano.com\/index.php?rest_route=\/wp\/v2\/posts"}],"about":[{"href":"https:\/\/diariodominicano.com\/index.php?rest_route=\/wp\/v2\/types\/post"}],"author":[{"embeddable":true,"href":"https:\/\/diariodominicano.com\/index.php?rest_route=\/wp\/v2\/users\/7"}],"replies":[{"embeddable":true,"href":"https:\/\/diariodominicano.com\/index.php?rest_route=%2Fwp%2Fv2%2Fcomments&post=567109"}],"version-history":[{"count":1,"href":"https:\/\/diariodominicano.com\/index.php?rest_route=\/wp\/v2\/posts\/567109\/revisions"}],"predecessor-version":[{"id":567118,"href":"https:\/\/diariodominicano.com\/index.php?rest_route=\/wp\/v2\/posts\/567109\/revisions\/567118"}],"wp:featuredmedia":[{"embeddable":true,"href":"https:\/\/diariodominicano.com\/index.php?rest_route=\/wp\/v2\/media\/557035"}],"wp:attachment":[{"href":"https:\/\/diariodominicano.com\/index.php?rest_route=%2Fwp%2Fv2%2Fmedia&parent=567109"}],"wp:term":[{"taxonomy":"category","embeddable":true,"href":"https:\/\/diariodominicano.com\/index.php?rest_route=%2Fwp%2Fv2%2Fcategories&post=567109"},{"taxonomy":"post_tag","embeddable":true,"href":"https:\/\/diariodominicano.com\/index.php?rest_route=%2Fwp%2Fv2%2Ftags&post=567109"}],"curies":[{"name":"wp","href":"https:\/\/api.w.org\/{rel}","templated":true}]}}