{"id":567102,"date":"2024-10-17T14:18:38","date_gmt":"2024-10-17T18:18:38","guid":{"rendered":"https:\/\/diariodominicano.com\/?p=567102"},"modified":"2024-10-17T14:18:45","modified_gmt":"2024-10-17T18:18:45","slug":"tribunal-condena-a-20-anos-de-prision-a-miembro-de-banda-criminal-los-perros-de-capela-por-homicidio","status":"publish","type":"post","link":"https:\/\/diariodominicano.com\/?p=567102","title":{"rendered":"Tribunal condena a 20 a\u00f1os de prisi\u00f3n a miembro de banda criminal \u201cLos Perros de Capel\u00e1\u201d por homicidio"},"content":{"rendered":"\n<p>diariodominicano.com<\/p>\n\n\n\n<p><strong>Santo Domingo, R. D.,<\/strong>\u2002<strong>17 de octubre, 2024.-<\/strong>\u00a0La Fiscal\u00eda de Santo Domingo Este y Norte logr\u00f3 que un tribunal condene a 20 a\u00f1os de prisi\u00f3n a Tomas Alberto P\u00e9rez, miembro de la banda criminal \u201cLos Perros de Capel\u00e1\u201d, quien para defender un terreno que hab\u00edan invadido le quitaron la vida a dos (propietarios) y otro result\u00f3 herido durante un tiroteo.\u00a0 Hecho ocurrido en el a\u00f1o 2021, en el sector La Ure\u00f1a de Santo Domingo Este.<\/p>\n\n\n\n<p>La banda estaba integrada por \u00c1ngel Emilio Pimentel Escalante, (a) Capel\u00e1, (cabecilla), Mart\u00edn Ferreras Ferreras, (condenados a 20 a\u00f1os), Yupanki Arcenio Valdez, V\u00edctor Manuel Valdez (a) Ariel, (acusados) y Alexandri Federico Matos (fallecido), entre otros a\u00fan no identificados.&nbsp;<\/p>\n\n\n\n<p>La condena y una indemnizaci\u00f3n de 2 millones de pesos, le fue impuesta por el Primer Tribunal Colegiado que preside la jueza Elizabeth Esperanza Rodr\u00edguez Espinal, Flor E. Batista Polo y Jos\u00e9 Leonel Asencio Quezada (miembros), en perjuicio de los occisos Carlos Eugenio de Los Santos Vicioso, mayor de las Fuerzas A\u00e9rea (FARD), y su hermano Cristian Alberto de los Santos Vicioso, y en favor del primo de ambos, Francis Radham\u00e9s Vicioso P\u00e9rez, quien result\u00f3 gravemente herido.<\/p>\n\n\n\n<p>El expediente, instrumentado por los fiscales investigadores Evelyn Pe\u00f1a y Alexis Casado, revela que el 18 de junio del a\u00f1o 2021, alrededor de las 11:00 de la ma\u00f1ana, cuando los hermanos De los Santos Vicioso limpiaban y reparaban los l\u00edmites de un terreno de propiedad familiar, ubicado en el sector La Ure\u00f1a, de Santo Domingo Este, destruyeron una casucha improvisada, que la mencionada banda hab\u00eda construido, y en ese instante los agresores se presentaron al lugar a bordo de un carro, junto a un tal Alexandri Federico Matos.<\/p>\n\n\n\n<p>Explica, que, los miembros de la organizaci\u00f3n criminal, la cual era dirigida por Pimentel Escalante, reconocido como Capel\u00e1, al llegar al lugar la emprendieron a disparos contra&nbsp; las v\u00edctimas, a quienes gritaban que salieran del solar.<\/p>\n\n\n\n<p>Fue en ese momento que resultaron heridos los hermanos De los Santos Vicioso y el primo de ambos, Francis Radham\u00e9s Vicioso P\u00e9rez.<\/p>\n\n\n\n<p>En medio del intercambio de disparos, el mayor de la Fuerza A\u00e9rea logr\u00f3 impactar a Alexandri Federico Matos, quien falleci\u00f3 mientras recib\u00eda atenciones m\u00e9dicas.<\/p>\n\n\n\n<p>Mientras todo esto suced\u00eda, el encartado Tomas Alberto P\u00e9rez lleg\u00f3 al lugar en un motor, sac\u00f3 su arma de fuego y les dispar\u00f3 a los cuerpos de los hermanos que ya estaban heridos en el suelo, para evitar que quedaran con vida.<\/p>\n\n\n\n<p>En ese momento, Luis Disney de los Santos Vicioso y Francis Radham\u00e9s Vicioso P\u00e9rez, este \u00faltimo herido en una pierna, aprovecharon el tiroteo para refugiarse, logrando ser auxiliados por moradores, quienes no permitieron que los mataran.<\/p>\n\n\n\n<p>El Ministerio P\u00fablico, representado por el fiscal Geivis Tapia, demostr\u00f3 ante el tribunal la responsabilidad penal del encartado, por violar los art\u00edculos 265, 266, 295, 304, 309, 359, 379, 381, 382, 383, 384, 385, y 386, del C\u00f3digo Penal Dominicano, sobre homicidio y asociaci\u00f3n de malhechores, tambi\u00e9n los art\u00edculos 66 p\u00e1rrafo V y 67, de la Ley 631-16, sobre armas, municiones y materiales relacionados.<\/p>\n\n\n\n<p>La condena deber\u00e1 ser cumplida en el Centro de Correcci\u00f3n y Rehabilitaci\u00f3n Najayo Hombres.<strong><\/strong><\/p>\n\n\n\n<p><strong>Direcci\u00f3n General de Comunicaci\u00f3n, Prensa, y RRPP<\/strong><strong><\/strong><\/p>\n\n\n\n<p>Ministerio P\u00fablico.&nbsp;R.D.<\/p>\n\n\n\n<p>Jueves, 17 de octubre de 2024<\/p>\n","protected":false},"excerpt":{"rendered":"<p>diariodominicano.com Santo Domingo, R. D.,\u200217 de octubre, 2024.-\u00a0La Fiscal\u00eda de Santo Domingo Este y Norte logr\u00f3 que un tribunal condene a 20 a\u00f1os de prisi\u00f3n a Tomas Alberto P\u00e9rez, miembro de la banda criminal \u201cLos Perros de Capel\u00e1\u201d, quien para defender un terreno que hab\u00edan invadido le quitaron la vida a dos (propietarios) y otro [&hellip;]<\/p>\n","protected":false},"author":5,"featured_media":368341,"comment_status":"closed","ping_status":"closed","sticky":true,"template":"","format":"standard","meta":{"footnotes":""},"categories":[24,27],"tags":[],"class_list":["post-567102","post","type-post","status-publish","format-standard","has-post-thumbnail","hentry","category-justicia-y-derecho","category-portada"],"_links":{"self":[{"href":"https:\/\/diariodominicano.com\/index.php?rest_route=\/wp\/v2\/posts\/567102","targetHints":{"allow":["GET"]}}],"collection":[{"href":"https:\/\/diariodominicano.com\/index.php?rest_route=\/wp\/v2\/posts"}],"about":[{"href":"https:\/\/diariodominicano.com\/index.php?rest_route=\/wp\/v2\/types\/post"}],"author":[{"embeddable":true,"href":"https:\/\/diariodominicano.com\/index.php?rest_route=\/wp\/v2\/users\/5"}],"replies":[{"embeddable":true,"href":"https:\/\/diariodominicano.com\/index.php?rest_route=%2Fwp%2Fv2%2Fcomments&post=567102"}],"version-history":[{"count":1,"href":"https:\/\/diariodominicano.com\/index.php?rest_route=\/wp\/v2\/posts\/567102\/revisions"}],"predecessor-version":[{"id":567103,"href":"https:\/\/diariodominicano.com\/index.php?rest_route=\/wp\/v2\/posts\/567102\/revisions\/567103"}],"wp:featuredmedia":[{"embeddable":true,"href":"https:\/\/diariodominicano.com\/index.php?rest_route=\/wp\/v2\/media\/368341"}],"wp:attachment":[{"href":"https:\/\/diariodominicano.com\/index.php?rest_route=%2Fwp%2Fv2%2Fmedia&parent=567102"}],"wp:term":[{"taxonomy":"category","embeddable":true,"href":"https:\/\/diariodominicano.com\/index.php?rest_route=%2Fwp%2Fv2%2Fcategories&post=567102"},{"taxonomy":"post_tag","embeddable":true,"href":"https:\/\/diariodominicano.com\/index.php?rest_route=%2Fwp%2Fv2%2Ftags&post=567102"}],"curies":[{"name":"wp","href":"https:\/\/api.w.org\/{rel}","templated":true}]}}