{"id":56710,"date":"2020-02-05T12:23:08","date_gmt":"2020-02-05T12:23:08","guid":{"rendered":"http:\/\/diariodominicano.ddns.net\/?p=56710"},"modified":"2020-02-05T12:23:08","modified_gmt":"2020-02-05T12:23:08","slug":"adopresci-entrega-hoy-i-premio-de-la-critica-de-cine","status":"publish","type":"post","link":"https:\/\/diariodominicano.com\/?p=56710","title":{"rendered":"ADOPRESCI entrega  hoy I Premio de la Cr\u00edtica de cine"},"content":{"rendered":"<p><body><\/p>\n<p><img decoding=\"async\" src=\"img3\/adop12.jpg\" \/><br \/><img decoding=\"async\" src=\"img3\/adop13.jpg\" \/><br \/><img decoding=\"async\" src=\"img3\/adop14.jpg\" \/>  <\/p>\n<p>SERVICIO DE PRENSA<\/p>\n<\/p>\n<p>La Asociaci\u00f3n Dominicana de la Prensa y Cr\u00edtica Cinematogr\u00e1fica (Adopresci) celebrar\u00e1 hoy  la primera entrega de los Premios de la Cr\u00edtica de Cine, como parte de la 1\u00aa Quincena del Cine-RD, que tiene lugar desde el pasado 27 de enero y concluye el pr\u00f3ximo 8 de febrero, con el 3er. Congreso del Cine organizado por la DGCine.<\/p>\n<\/p>\n<p>F\u00e9lix Manuel Lora, presidente de ADOPRESCI, explica que  la gala de esta noche est\u00e1 dedicada a la memoria de los cr\u00edticos de cine Arturo Rodr\u00edguez Fern\u00e1ndez y Armando Alm\u00e1nzar Rodr\u00edguez, a quienes se reconocer\u00e1 p\u00f3stumamente.<\/p>\n<\/p>\n<p>El reconocido cr\u00edtico y acad\u00e9mico dijo que en el marco del evento  ser\u00e1 entregado, por vez \u00fanica, el premio a la Mejor Pel\u00edcula Dominicana de Largometraje de la \u00c9poca, que incluye la Pel\u00edcula Dominicana de \u00c9poca entre las filmadas desde el a\u00f1o 1988 hasta el 2018.<\/p>\n<\/p>\n<p>El premio tiene el auspicio de la Direcci\u00f3n General de Cine&amp;Quincena de Cine RD y el coauspicio de Logomarca, Editorial B\u00faho, La Nave (taller postproducci\u00f3n), Misi\u00f3n Films (H\u00e9ctor Romero), Camilo Then (Producci\u00f3n y montaje eventos)<\/p>\n<\/p>\n<p>Las nominadas son: <\/p>\n<p>Mejor pel\u00edcula extranjera de largometraje ficci\u00f3n o documental: ?Dolor y Gloria (Espa\u00f1a), El Irland\u00e9s\/The Irishman (USA), Joker (USA)<\/p>\n<p>Mejor pel\u00edcula dominicana de largometraje ficci\u00f3n: ?El proyeccionista, Miriam miente, En tu piel<\/p>\n<p>Mejor pel\u00edcula dominicana de largometraje documental: Isla de pl\u00e1stico, Cac\u00fa: un cambio por la vida, 1984, el otro abril<\/p>\n<p>Mejor direcci\u00f3n pel\u00edcula dominicana de largometraje ficci\u00f3n o documental: ?Jos\u00e9 Mar\u00eda Cabral (El proyeccionista), Natalia Cabral y Oriol Estrada (Miriam miente), Marvin del Cid (Cac\u00fa: un cambio por la vida)<\/p>\n<p>Mejor actor pel\u00edcula dominicana de largometraje: ?Frank Perozo (Miriam miente), Josu\u00e9 Guerrero (En tu piel), F\u00e9lix Germ\u00e1n (El proyeccionista)<\/p>\n<p>Mejor actriz pel\u00edcula dominicana de largometraje: ?Cindy Gal\u00e1n (El proyeccionista), Eva Arias (En tu piel)?Carolina Rohana (Miriam miente)<\/p>\n<p>Mejor guion pel\u00edcula dominicana de largometraje ficci\u00f3n o documental: ?La isla rota (F\u00e9lix Germ\u00e1n), Miriam miente (Natalia Cabral &amp;Oriol Estrada), Cac\u00fa: un cambio por la vida (Marvin del Cid)<\/p>\n<p>La Mejor Pel\u00edcula Dominicana de Largometraje de la \u00c9poca: A ser seleccionada entre las 183 realizadas entre 1988 y 2018, y que hayan establecido un par\u00e1metro de calidad art\u00edstica y referencia dentro del panorama cinematogr\u00e1fico local.<\/p>\n<p>La idea de que la industria del cine dominicano es un sistema de ruedas dentadas lo demuestran las realizaciones del Festival de Cine Global Dominicano, de los Premios La Silla de Adocine, los premios de Adopresci, el Congreso, y en su totalidad esta Quincena que se ha convertido en una vitrina del arte cinematogr\u00e1fico dominicano, gracias a la Ley de Cine.<\/p>\n<p>La Asociaci\u00f3n Dominicana de la Prensa y Cr\u00edtica Cinematogr\u00e1fica (Adopresci) es una organizaci\u00f3n de gesti\u00f3n colectiva, de profesionales que se dedican a la cr\u00edtica, prensa cinematogr\u00e1fica y prensa especializada en cine.<\/p>\n<\/p>\n<p>Pie de foto<\/p>\n<p>El trofeo que se entrega esta noche en el I Premio de la Cr\u00edtica ha sido dise\u00f1ado por Logomarca.<\/p>\n<\/p>\n<p>Parte de los nominados y nominadas al I Premio de la Cr\u00edtica. <\/p>\n<h6> 2020-02-05 12:23:08 <\/h6>\n<p><!--\n<link rel=\"stylesheet\" href=\"css\/bootstrap.min.css\">\n\n\n<ul class=\"pagination\">\n\t    \n\t\n\n<li >\n\t<a href='?page_no=860'>Previous<\/a>\n\t<\/li>\n\n\n       \n    \n\n<li><a href='?page_no=1'>1<\/a><\/li>\n\n\n\n<li><a href='?page_no=2'>2<\/a><\/li>\n\n\n\n<li><a>...<\/a><\/li>\n\n\n\n<li><a href='?page_no=859'>859<\/a><\/li>\n\n\n\n<li><a href='?page_no=860'>860<\/a><\/li>\n\n\n\n<li class='active'><a>861<\/a><\/li>\n\n\n\n<li><a href='?page_no=862'>862<\/a><\/li>\n\n\n\n<li><a href='?page_no=863'>863<\/a><\/li>\n\n\n\n<li><a>...<\/a><\/li>\n\n\n\n<li><a href='?page_no=22911'>22911<\/a><\/li>\n\n\n\n<li><a href='?page_no=22912'>22912<\/a><\/li>\n\n    \n\t\n\n<li >\n\t<a href='?page_no=862'>Next<\/a>\n\t<\/li>\n\n\n    \n\n<li><a href='?page_no=22912'>Last &rsaquo;&rsaquo;<\/a><\/li>\n\n<\/ul>\n\n\n--><br \/>\n<\/body><\/p>\n","protected":false},"excerpt":{"rendered":"<p>SERVICIO DE PRENSA La Asociaci\u00f3n Dominicana de la Prensa y Cr\u00edtica Cinematogr\u00e1fica (Adopresci) celebrar\u00e1 hoy la primera entrega de los Premios de la Cr\u00edtica de Cine, como parte de la 1\u00aa Quincena del Cine-RD, que tiene lugar desde el pasado 27 de enero y concluye el pr\u00f3ximo 8 de febrero, con el 3er. Congreso del [&hellip;]<\/p>\n","protected":false},"author":3,"featured_media":0,"comment_status":"open","ping_status":"open","sticky":false,"template":"","format":"standard","meta":{"footnotes":""},"categories":[21],"tags":[],"class_list":["post-56710","post","type-post","status-publish","format-standard","hentry","category-cultura"],"_links":{"self":[{"href":"https:\/\/diariodominicano.com\/index.php?rest_route=\/wp\/v2\/posts\/56710","targetHints":{"allow":["GET"]}}],"collection":[{"href":"https:\/\/diariodominicano.com\/index.php?rest_route=\/wp\/v2\/posts"}],"about":[{"href":"https:\/\/diariodominicano.com\/index.php?rest_route=\/wp\/v2\/types\/post"}],"author":[{"embeddable":true,"href":"https:\/\/diariodominicano.com\/index.php?rest_route=\/wp\/v2\/users\/3"}],"replies":[{"embeddable":true,"href":"https:\/\/diariodominicano.com\/index.php?rest_route=%2Fwp%2Fv2%2Fcomments&post=56710"}],"version-history":[{"count":0,"href":"https:\/\/diariodominicano.com\/index.php?rest_route=\/wp\/v2\/posts\/56710\/revisions"}],"wp:attachment":[{"href":"https:\/\/diariodominicano.com\/index.php?rest_route=%2Fwp%2Fv2%2Fmedia&parent=56710"}],"wp:term":[{"taxonomy":"category","embeddable":true,"href":"https:\/\/diariodominicano.com\/index.php?rest_route=%2Fwp%2Fv2%2Fcategories&post=56710"},{"taxonomy":"post_tag","embeddable":true,"href":"https:\/\/diariodominicano.com\/index.php?rest_route=%2Fwp%2Fv2%2Ftags&post=56710"}],"curies":[{"name":"wp","href":"https:\/\/api.w.org\/{rel}","templated":true}]}}