{"id":56699,"date":"2020-02-06T00:17:49","date_gmt":"2020-02-06T00:17:49","guid":{"rendered":"http:\/\/diariodominicano.ddns.net\/?p=56699"},"modified":"2020-02-06T00:17:49","modified_gmt":"2020-02-06T00:17:49","slug":"presidente-de-haiti-boyer-ocupa-bani-con-su-ejercito","status":"publish","type":"post","link":"https:\/\/diariodominicano.com\/?p=56699","title":{"rendered":"Presidente de Hait\u00ed Boyer ocupa Ban\u00ed con su Ej\u00e9rcito"},"content":{"rendered":"<p><body><\/p>\n<p><img decoding=\"async\" src=\"img3\/Boyer000.jpg\" \/>  <\/p>\n<p><strong>Diariodominicano.com<\/strong><\/p>\n<p><strong>Boyer dividi\u00f3 su Ej\u00e9rcito en dos columnas: una al mando suyo y otra comandada por el general Bonnet.<\/strong><\/p>\n<p><strong>Por H\u00e9ctor Tineo Nolasco<\/strong><\/p>\n<p><strong>Diariodominicano.com<\/strong><\/p>\n<\/p>\n<p><strong>Presidente de Hait\u00ed Boyer ocupa Ban\u00ed con su Ej\u00e9rcito <\/strong><\/p>\n<p><strong>SANTO DOMINGO, el  6 de febrero  de 1822,<\/strong>  el presidente haitiano Jean Pierre Boyer lleg\u00f3 con su Ej\u00e9rcito a  Ban\u00ed. El 28 de enero de 1822, el Presidente de Hait\u00ed, Jean Pierre Boyer, hab\u00eda iniciado la marcha en Puerto Pr\u00edncipe con su Ej\u00e9rcito de 12 mil hombres para tomar el control del territorio del Santo Domingo Espa\u00f1ol, hoy Rep\u00fablica Dominicana.<\/p>\n<\/p>\n<p>    Boyer dividi\u00f3 su Ej\u00e9rcito en dos columnas: una al mando suyo y otra comandada por el general Bonnet.<\/p>\n<\/p>\n<p>    Copiando la estrategia de ataque que hab\u00edan aplicado Toussaint y Dessalines,  el general Boyer,  atraves\u00f3 el sur con una columna y el general Bonnet la regi\u00f3n Norte.<\/p>\n<\/p>\n<p>    Boyer lleg\u00f3 a Ban\u00ed el d\u00eda 6 de febrero de 1822 y a San Carlos, en la ciudad de Santo Domingo, el d\u00eda 8 de febrero. Ah\u00ed se juntaron sus tropas y las del general Bonnet. En pocas horas tomaron el control del Gobierno.<\/p>\n<\/p>\n<p>        El d\u00eda  19 de enero de 1822, el Presidente de Hait\u00ed, Jean Pierre Boyer, hab\u00eda reiterado al licenciado Jos\u00e9 N\u00fa\u00f1ez de C\u00e1ceres su prop\u00f3sito de ocupar el Santo Domingo Espa\u00f1ol.  Aprovech\u00f3 una divisi\u00f3n de los residentes en el Santo Domingo espa\u00f1ol, hoy Rep\u00fablica Dominicana, as\u00ed como la debilidad del proyecto de Independencia de Jos\u00e9 N\u00fa\u00f1ez de C\u00e1ceres, quien no encontr\u00f3 apoyo pol\u00edtico ni militar.<\/p>\n<\/p>\n<p>    Al presidente de Hait\u00ed, le fue f\u00e1cil llevar a cabo su plan porque los habitantes de Santo Domingo ten\u00edan opiniones encontradas sobre el futuro de la antigua colonia de Espa\u00f1a. Una parte, incluida la poblaci\u00f3n mulata,  estaba de acuerdo con la unificaci\u00f3n con Hait\u00ed, porque el Gobierno de Boyer, promet\u00eda tierras y la liberaci\u00f3n de los esclavos.<\/p>\n<\/p>\n<p>    Adem\u00e1s,  Boyer sab\u00eda que en Santo Domingo, exist\u00edan  tres partidos: uno Pro haitiano, uno procolombiano y otro Hispano.<\/p>\n<\/p>\n<p>   El  11 de enero de 1822, Boyer escribi\u00f3 hba carta a Jos\u00e9 N\u00fa\u00f1ez de C\u00e1ceres, en la que le comunicaba la imposibilidad de que existieran dos naciones en la isla de Santo Domingo y le anunci\u00f3: \u00abcomo mis deberes est\u00e1n trazados, debo sostener a todos los ciudadanos de la Rep\u00fablica; los vecinos de Dajab\u00f3n, Montecristi, Santiago, Puerto Plata, Las Caobas, Las matas, San Juan, Neyba, Azua y La Vega, han recibido mis \u00f3rdenes y las obedecen\u00bb.<\/p>\n<\/p>\n<p>    Boyer tambi\u00e9n advirti\u00f3 a Jos\u00e9 N\u00fa\u00f1ez de C\u00e1ceres: \u00abYo voy a hacer la visita de toda la parte del Este con fuerzas imponentes, no como conquistador (no quiera Dios que este t\u00edtulo se acerque jam\u00e1s \u00e1 mi pensamiento) sino como pacificador y conciliador de todos los intereses en harmon\u00eda con las leyes del Estado\u00bb. (sic)<\/p>\n<\/p>\n<p>    El Presidente haitiano tambi\u00e9n expres\u00f3 que esperaba encontrar en Santo Domingo hermanos, amigos e hijos que abrazar, pero dej\u00f3 claro: \u00abNo hay obst\u00e1culo que sea capaz de detenerme\u00bb.<\/p>\n<\/p>\n<p>     Jos\u00e9 N\u00fa\u00f1ez de C\u00e1ceres, que hab\u00eda declarado el fin del Gobierno espa\u00f1ol al amanecer del 1 de diciembre de 1821, no ten\u00eda capacidad pol\u00edtica ni militar para enfrentar el poder del Gobierno haitiano. Por ello, no tuvo otro camino que aceptar sin resistencia la entrada de los haitianos a la ciudad de Santo Domingo.<\/p>\n<\/p>\n<p>  El d\u00eda 19 de enero de 1822,  Boyer, hab\u00eda comunicado a N\u00fa\u00f1ez de C\u00e1ceres que ley\u00f3 su mensaje a los jefes militares  y a la municipalidad y que \u00abconvinieron todos un\u00e1nimemente en colocarse al amparo de las leyes de la Rep\u00fablica de Hait\u00ed\u00bb.<\/p>\n<\/p>\n<p>   Boyer,  entr\u00f3 con un Ej\u00e9rcito de 12 mil hombres que hab\u00eda preparado  para tomar el Santo Domingo Espa\u00f1ol, a partir del d\u00eda 1 de enero de 1822.<\/p>\n<\/p>\n<h6> 2020-02-06 00:17:49 <\/h6>\n<p><!--\n<link rel=\"stylesheet\" href=\"css\/bootstrap.min.css\">\n\n\n<ul class=\"pagination\">\n\t    \n\t\n\n<li >\n\t<a href='?page_no=859'>Previous<\/a>\n\t<\/li>\n\n\n       \n    \n\n<li><a href='?page_no=1'>1<\/a><\/li>\n\n\n\n<li><a href='?page_no=2'>2<\/a><\/li>\n\n\n\n<li><a>...<\/a><\/li>\n\n\n\n<li><a href='?page_no=858'>858<\/a><\/li>\n\n\n\n<li><a href='?page_no=859'>859<\/a><\/li>\n\n\n\n<li class='active'><a>860<\/a><\/li>\n\n\n\n<li><a href='?page_no=861'>861<\/a><\/li>\n\n\n\n<li><a href='?page_no=862'>862<\/a><\/li>\n\n\n\n<li><a>...<\/a><\/li>\n\n\n\n<li><a href='?page_no=22911'>22911<\/a><\/li>\n\n\n\n<li><a href='?page_no=22912'>22912<\/a><\/li>\n\n    \n\t\n\n<li >\n\t<a href='?page_no=861'>Next<\/a>\n\t<\/li>\n\n\n    \n\n<li><a href='?page_no=22912'>Last &rsaquo;&rsaquo;<\/a><\/li>\n\n<\/ul>\n\n\n--><br \/>\n<\/body><\/p>\n","protected":false},"excerpt":{"rendered":"<p>Diariodominicano.com Boyer dividi\u00f3 su Ej\u00e9rcito en dos columnas: una al mando suyo y otra comandada por el general Bonnet. Por H\u00e9ctor Tineo Nolasco Diariodominicano.com Presidente de Hait\u00ed Boyer ocupa Ban\u00ed con su Ej\u00e9rcito SANTO DOMINGO, el 6 de febrero de 1822, el presidente haitiano Jean Pierre Boyer lleg\u00f3 con su Ej\u00e9rcito a Ban\u00ed. El 28 [&hellip;]<\/p>\n","protected":false},"author":3,"featured_media":0,"comment_status":"open","ping_status":"open","sticky":false,"template":"","format":"standard","meta":{"footnotes":""},"categories":[21],"tags":[],"class_list":["post-56699","post","type-post","status-publish","format-standard","hentry","category-cultura"],"_links":{"self":[{"href":"https:\/\/diariodominicano.com\/index.php?rest_route=\/wp\/v2\/posts\/56699","targetHints":{"allow":["GET"]}}],"collection":[{"href":"https:\/\/diariodominicano.com\/index.php?rest_route=\/wp\/v2\/posts"}],"about":[{"href":"https:\/\/diariodominicano.com\/index.php?rest_route=\/wp\/v2\/types\/post"}],"author":[{"embeddable":true,"href":"https:\/\/diariodominicano.com\/index.php?rest_route=\/wp\/v2\/users\/3"}],"replies":[{"embeddable":true,"href":"https:\/\/diariodominicano.com\/index.php?rest_route=%2Fwp%2Fv2%2Fcomments&post=56699"}],"version-history":[{"count":0,"href":"https:\/\/diariodominicano.com\/index.php?rest_route=\/wp\/v2\/posts\/56699\/revisions"}],"wp:attachment":[{"href":"https:\/\/diariodominicano.com\/index.php?rest_route=%2Fwp%2Fv2%2Fmedia&parent=56699"}],"wp:term":[{"taxonomy":"category","embeddable":true,"href":"https:\/\/diariodominicano.com\/index.php?rest_route=%2Fwp%2Fv2%2Fcategories&post=56699"},{"taxonomy":"post_tag","embeddable":true,"href":"https:\/\/diariodominicano.com\/index.php?rest_route=%2Fwp%2Fv2%2Ftags&post=56699"}],"curies":[{"name":"wp","href":"https:\/\/api.w.org\/{rel}","templated":true}]}}