{"id":566987,"date":"2024-10-17T00:47:09","date_gmt":"2024-10-17T04:47:09","guid":{"rendered":"https:\/\/diariodominicano.com\/?p=566987"},"modified":"2024-10-17T00:47:12","modified_gmt":"2024-10-17T04:47:12","slug":"ratifican-la-prision-preventiva-a-implicados-en-homicidio-de-un-hombre-durante-asalto-a-banreservas-en-santiago","status":"publish","type":"post","link":"https:\/\/diariodominicano.com\/?p=566987","title":{"rendered":"Ratifican la prisi\u00f3n preventiva a implicados en homicidio de un hombre durante asalto a Banreservas en Santiago"},"content":{"rendered":"\n<p><em><u>La Fiscal\u00eda de esa provincia demostr\u00f3 al tribunal que el peligro de fuga se mantiene<\/u><\/em><\/p>\n\n\n\n<p><strong>Santiago (RD), mi\u00e9rcoles, 16 de octubre de 2024.<\/strong>&nbsp;La Fiscal\u00eda de Santiago logr\u00f3 que la Oficina Judicial de Servicios de Atenci\u00f3n Permamente ratificara la prisi\u00f3n preventiva a los implicados en el homicidio de un hombre, en medio del asalto a mano armada que los malhechores perpetraron en la entidad bancaria Banreservas, del sector La Barranquita, en mayo de este a\u00f1o.<\/p>\n\n\n\n<p>En representaci\u00f3n del \u00f3rgano investigador, la fiscal Merary Guzm\u00e1n expres\u00f3 al juzgador que debido a que las razones que dieron origen a la prisi\u00f3n preventiva, se mantienen y existe una alta probabilidad de que los imputados se sustraigan del proceso, la medida privativa de libertad deb\u00eda confirmarse a fin de que no se entorpezca la continuidad del proceso.<\/p>\n\n\n\n<p>La medida confirma la prisi\u00f3n preventiva contra Joel Fontanilla Garc\u00eda (Victorino y\/o Victoriano), Wilmi Pie (nacional haitiano), Gregorio N\u00fa\u00f1ez Polanco (Ni\u00f1o Pie), y Jairo de Jes\u00fas Est\u00e9vez Rodr\u00edguez.<\/p>\n\n\n\n<p>En tanto que respecto de los imputados Carlos Rafael Rodr\u00edguez B\u00e1ez (Carlitos) y Danny Manuel Pimentel de la Cruz, se desglos\u00f3 la medida y se reenvi\u00f3 su conocimiento para el pr\u00f3ximo 29 octubre.<\/p>\n\n\n\n<p>Los imputados enfrentan cargos por homicidio en perjuicio de la v\u00edctima Ambrosio de Jes\u00fas N\u00fa\u00f1ez, a quien dispararon a mansalva en medio de la balacera que emprendieron dentro del banco; as\u00ed tambi\u00e9n por asociaci\u00f3n de malhechores, robo agravado, tentativa de homicidio contra dos de las v\u00edctimas y el uso de armas de fuego.<\/p>\n\n\n\n<p>La Fiscal\u00eda de Santiago aport\u00f3 elementos de pruebas que demuestran la afiliaci\u00f3n de los implicados en la estructura criminal que bajo terror y amenaza, y usando armas de fuego, perpetr\u00f3 el asalto en la entidad crediticia.<\/p>\n\n\n\n<p>La pr\u00f3xima revisi\u00f3n a las medidas confirmadas fue programada para el 14 de enero del a\u00f1o 2025.<\/p>\n\n\n\n<p>El pasado 17 de septiembre, dos de los implicados en el hecho, Gerardo Antonio Ram\u00edrez Garc\u00eda (el Tuerto) y Yenrry Manuel Gonz\u00e1lez Garc\u00eda, cayeron abatidos al enfrentarse a tiros con agentes de la Polic\u00eda Nacional.<\/p>\n\n\n\n<p>El proceso bajo el cual se investiga el hecho ocurrido el 24 de mayo de este a\u00f1o fue declarado de tramitaci\u00f3n compleja por el juez que dict\u00f3 la medida en etapa inicial.<\/p>\n\n\n\n<p>Durante esta audiencia de revisi\u00f3n obligatoria a esta medida, la jueza Yiberty Polanco ratific\u00f3 esta condici\u00f3n de complejidad del caso.<\/p>\n\n\n\n<p><strong>Direcci\u00f3n General de Comunicaci\u00f3n, Prensa y RRPP&nbsp;<\/strong><strong><\/strong><\/p>\n\n\n\n<p><strong>Ministerio P\u00fablico RD<\/strong><\/p>\n","protected":false},"excerpt":{"rendered":"<p>La Fiscal\u00eda de esa provincia demostr\u00f3 al tribunal que el peligro de fuga se mantiene Santiago (RD), mi\u00e9rcoles, 16 de octubre de 2024.&nbsp;La Fiscal\u00eda de Santiago logr\u00f3 que la Oficina Judicial de Servicios de Atenci\u00f3n Permamente ratificara la prisi\u00f3n preventiva a los implicados en el homicidio de un hombre, en medio del asalto a mano [&hellip;]<\/p>\n","protected":false},"author":7,"featured_media":456880,"comment_status":"closed","ping_status":"closed","sticky":false,"template":"","format":"standard","meta":{"footnotes":""},"categories":[24],"tags":[],"class_list":["post-566987","post","type-post","status-publish","format-standard","has-post-thumbnail","hentry","category-justicia-y-derecho"],"_links":{"self":[{"href":"https:\/\/diariodominicano.com\/index.php?rest_route=\/wp\/v2\/posts\/566987","targetHints":{"allow":["GET"]}}],"collection":[{"href":"https:\/\/diariodominicano.com\/index.php?rest_route=\/wp\/v2\/posts"}],"about":[{"href":"https:\/\/diariodominicano.com\/index.php?rest_route=\/wp\/v2\/types\/post"}],"author":[{"embeddable":true,"href":"https:\/\/diariodominicano.com\/index.php?rest_route=\/wp\/v2\/users\/7"}],"replies":[{"embeddable":true,"href":"https:\/\/diariodominicano.com\/index.php?rest_route=%2Fwp%2Fv2%2Fcomments&post=566987"}],"version-history":[{"count":1,"href":"https:\/\/diariodominicano.com\/index.php?rest_route=\/wp\/v2\/posts\/566987\/revisions"}],"predecessor-version":[{"id":567034,"href":"https:\/\/diariodominicano.com\/index.php?rest_route=\/wp\/v2\/posts\/566987\/revisions\/567034"}],"wp:featuredmedia":[{"embeddable":true,"href":"https:\/\/diariodominicano.com\/index.php?rest_route=\/wp\/v2\/media\/456880"}],"wp:attachment":[{"href":"https:\/\/diariodominicano.com\/index.php?rest_route=%2Fwp%2Fv2%2Fmedia&parent=566987"}],"wp:term":[{"taxonomy":"category","embeddable":true,"href":"https:\/\/diariodominicano.com\/index.php?rest_route=%2Fwp%2Fv2%2Fcategories&post=566987"},{"taxonomy":"post_tag","embeddable":true,"href":"https:\/\/diariodominicano.com\/index.php?rest_route=%2Fwp%2Fv2%2Ftags&post=566987"}],"curies":[{"name":"wp","href":"https:\/\/api.w.org\/{rel}","templated":true}]}}