{"id":56698,"date":"2020-11-02T13:13:29","date_gmt":"2020-11-02T13:13:29","guid":{"rendered":"http:\/\/diariodominicano.ddns.net\/?p=56698"},"modified":"2020-11-02T13:13:29","modified_gmt":"2020-11-02T13:13:29","slug":"sinfonia-callejera-sorprendio-con-musica-y-danza-a-la-cienaga-y-cristo-rey","status":"publish","type":"post","link":"https:\/\/diariodominicano.com\/?p=56698","title":{"rendered":"Sinfon\u00eda Callejera sorprendi\u00f3 con m\u00fasica y danza a La Ci\u00e9naga y Cristo Rey"},"content":{"rendered":"<p><body><\/p>\n<p><img decoding=\"async\" src=\"img3\/PHOTO-2020-11-01-18-34-08.jpg\" \/><br \/><img decoding=\"async\" src=\"img3\/PHOTO-2020-11-01-18-34-07.jpg\" \/><br \/><img decoding=\"async\" src=\"img3\/PHOTO-2020-11-01-18-34-09.jpg\" \/>  <\/p>\n<p><strong>Sinfon\u00eda Callejera sorprendi\u00f3 con m\u00fasica y danza a La Ci\u00e9naga y Cristo Rey<\/strong><\/p>\n<p><strong> <\/strong><\/p>\n<p><strong>Santo Domingo, domingo 1 de noviembre<\/strong>&#8211; El sonido armonioso de los instrumentos delat\u00f3 la llegada de m\u00fasicos del Cuarteto ADMA (Academia Dominicana de M\u00fasica), quienes hicieron su aparici\u00f3n sorpresa en los barrios capitalinos La Ci\u00e9naga y Cristo Rey, como parte del proyecto Sinfon\u00eda Callejera.<\/p>\n<\/p>\n<\/p>\n<p>La tercera presentaci\u00f3n, de esta iniciativa del Ministerio de Cultura, el Ayuntamiento del Distrito Nacional, la Fundaci\u00f3n Sinfon\u00eda, la Direcci\u00f3n General de Bellas Artes y la Escuela Nacional de Danza, se realiz\u00f3 con rotundo \u00e9xito; congregando a decenas de personas quienes disfrutaron de una velada en la cual la m\u00fasica fue protagonista.<\/p>\n<\/p>\n<\/p>\n<p>Al evento asisti\u00f3 la ministra de Cultura, Carmen Heredia, acompa\u00f1ada de la alcaldesa del Distrito Nacional, Carolina Mej\u00eda, quienes han unido esfuerzos para llevar al p\u00fablico alegr\u00eda y entretenimiento en estos tiempos de pandemia.<\/p>\n<\/p>\n<\/p>\n<p>La primera actividad arranc\u00f3 a las 3:00 de la tarde en el parque de La Ci\u00e9nega, que bordea el r\u00edo Ozama, donde se concentraron decenas de personas respetando el distanciamiento social y el uso de mascarilla; como protocolo recomendado por las autoridades para evitar el contagio del COVID-19.<\/p>\n<\/p>\n<\/p>\n<p>El repertorio musical del Cuarteto ADMA incluy\u00f3 el cuarteto para cuerdas Opus 18 No. 6 en Si bemol mayor, primer movimiento Allegro con br\u00edo, del compositor Ludwig van Beethoven, para conmemorar los 250 a\u00f1os de su nacimiento.  <\/p>\n<\/p>\n<\/p>\n<p>Otras piezas fueron: \u00abLa Cumparsita\u00bb, de Gerardo Matos; \u00abPor una cabeza\u00bb, de Carlos Gardel, y \u00abNi se compra ni se vende\u00bb de Genaro Monreal. El evento cerr\u00f3 con broche de oro al ritmo del merengue \u00abCa\u00f1a Brava\u00bb, autor\u00eda de Antonio Abreu. interpretado con la colaboraci\u00f3n de F\u00e9lix B\u00e1ez y N\u00e9stor S\u00e1nchez, de la agrupaci\u00f3n Bony\u00e9.<\/p>\n<\/p>\n<\/p>\n<p>El toque final en cada presentaci\u00f3n musical se lo dio un cuerpo de bailarines que acompa\u00f1aban en cada recital interpretado por ADMA, entre ellos los destacados Stephanie Bauger y Jonathan Castillo, as\u00ed como un grupo de estudiantes egresados de la Escuela Nacional de Danza (ENDANZA).<\/p>\n<\/p>\n<\/p>\n<p>La agenda art\u00edstica culmin\u00f3 en Cristo Rey, donde se dio cita un nutrido p\u00fablico que se integr\u00f3 al programa con gran entusiasmo y expectaci\u00f3n.<\/p>\n<\/p>\n<p><strong> Pachico Tejada<\/strong><\/p>\n<p>pachicotejada@gmail.com<\/p>\n<p>Direcci\u00f3n de Comunicaciones<\/p>\n<\/p>\n<h6> 2020-11-02 13:13:29 <\/h6>\n<p><!--\n<link rel=\"stylesheet\" href=\"css\/bootstrap.min.css\">\n\n\n<ul class=\"pagination\">\n\t    \n\t\n\n<li >\n\t<a href='?page_no=85'>Previous<\/a>\n\t<\/li>\n\n\n       \n    \n\n<li><a href='?page_no=1'>1<\/a><\/li>\n\n\n\n<li><a href='?page_no=2'>2<\/a><\/li>\n\n\n\n<li><a>...<\/a><\/li>\n\n\n\n<li><a href='?page_no=84'>84<\/a><\/li>\n\n\n\n<li><a href='?page_no=85'>85<\/a><\/li>\n\n\n\n<li class='active'><a>86<\/a><\/li>\n\n\n\n<li><a href='?page_no=87'>87<\/a><\/li>\n\n\n\n<li><a href='?page_no=88'>88<\/a><\/li>\n\n\n\n<li><a>...<\/a><\/li>\n\n\n\n<li><a href='?page_no=22911'>22911<\/a><\/li>\n\n\n\n<li><a href='?page_no=22912'>22912<\/a><\/li>\n\n    \n\t\n\n<li >\n\t<a href='?page_no=87'>Next<\/a>\n\t<\/li>\n\n\n    \n\n<li><a href='?page_no=22912'>Last &rsaquo;&rsaquo;<\/a><\/li>\n\n<\/ul>\n\n\n--><br \/>\n<\/body><\/p>\n","protected":false},"excerpt":{"rendered":"<p>Sinfon\u00eda Callejera sorprendi\u00f3 con m\u00fasica y danza a La Ci\u00e9naga y Cristo Rey Santo Domingo, domingo 1 de noviembre&#8211; El sonido armonioso de los instrumentos delat\u00f3 la llegada de m\u00fasicos del Cuarteto ADMA (Academia Dominicana de M\u00fasica), quienes hicieron su aparici\u00f3n sorpresa en los barrios capitalinos La Ci\u00e9naga y Cristo Rey, como parte del proyecto [&hellip;]<\/p>\n","protected":false},"author":3,"featured_media":0,"comment_status":"open","ping_status":"open","sticky":false,"template":"","format":"standard","meta":{"footnotes":""},"categories":[21],"tags":[],"class_list":["post-56698","post","type-post","status-publish","format-standard","hentry","category-cultura"],"_links":{"self":[{"href":"https:\/\/diariodominicano.com\/index.php?rest_route=\/wp\/v2\/posts\/56698","targetHints":{"allow":["GET"]}}],"collection":[{"href":"https:\/\/diariodominicano.com\/index.php?rest_route=\/wp\/v2\/posts"}],"about":[{"href":"https:\/\/diariodominicano.com\/index.php?rest_route=\/wp\/v2\/types\/post"}],"author":[{"embeddable":true,"href":"https:\/\/diariodominicano.com\/index.php?rest_route=\/wp\/v2\/users\/3"}],"replies":[{"embeddable":true,"href":"https:\/\/diariodominicano.com\/index.php?rest_route=%2Fwp%2Fv2%2Fcomments&post=56698"}],"version-history":[{"count":0,"href":"https:\/\/diariodominicano.com\/index.php?rest_route=\/wp\/v2\/posts\/56698\/revisions"}],"wp:attachment":[{"href":"https:\/\/diariodominicano.com\/index.php?rest_route=%2Fwp%2Fv2%2Fmedia&parent=56698"}],"wp:term":[{"taxonomy":"category","embeddable":true,"href":"https:\/\/diariodominicano.com\/index.php?rest_route=%2Fwp%2Fv2%2Fcategories&post=56698"},{"taxonomy":"post_tag","embeddable":true,"href":"https:\/\/diariodominicano.com\/index.php?rest_route=%2Fwp%2Fv2%2Ftags&post=56698"}],"curies":[{"name":"wp","href":"https:\/\/api.w.org\/{rel}","templated":true}]}}