{"id":566881,"date":"2024-10-16T17:52:35","date_gmt":"2024-10-16T21:52:35","guid":{"rendered":"https:\/\/diariodominicano.com\/?p=566881"},"modified":"2024-10-16T18:00:29","modified_gmt":"2024-10-16T22:00:29","slug":"procuraduria-para-el-sistema-electrico-y-casas-comunitarias-de-justicia-sostienen-encuentro-de-trabajo","status":"publish","type":"post","link":"https:\/\/diariodominicano.com\/?p=566881","title":{"rendered":"Procuradur\u00eda para el Sistema El\u00e9ctrico y Casas Comunitarias de Justicia sostienen encuentro de trabajo"},"content":{"rendered":"\n<p><em><u>Presentan avances en las labores de colaboraci\u00f3n interinstitucional y coordinan la puesta en marcha de nuevas actividades para la prevenci\u00f3n del fraude el\u00e9ctrico<\/u><\/em><\/p>\n\n\n\n<p><strong>Santo Domingo (RD, mi\u00e9rcoles, 16 de octubre de 2024.&nbsp;<\/strong>El Centro Casas Comunitarias de Justicia (CCCJ), representado por su presidente, Nelson Espinal B\u00e1ez, y su directora ejecutiva, Carmen Victoriano, sostuvo un encuentro con el procurador de corte Jos\u00e9 An\u00edbal Carela, titular interino de la Procuraduria General Adjunta para el Sistema El\u00e9ctrico (PGASE), donde abordaron diferentes temas relacionados a la prevenci\u00f3n del fraude el\u00e9ctrico.<\/p>\n\n\n\n<p>Durante elencuentro ambas instituciones presentaron sus respectivas \u00e1reas de trabajo y discutieron sobre los fraudes el\u00e9ctricos en las comunidades y la importancia de la prevenci\u00f3n del delito.<\/p>\n\n\n\n<p>Se abord\u00f3, tambi\u00e9n, la posibilidad de realizar actividades de sensibilizaci\u00f3n orientadas a l\u00edderes comunitarios ubicados en el entorno de las diez Casas Comunitarias de Justicia. Estas actividades, facilitadas por personal especializado de PGASE, estar\u00edan enfocadas en la prevenci\u00f3n y educaci\u00f3n sobre los fraudes el\u00e9ctricos.<\/p>\n\n\n\n<p>Como parte de la agenda, el Centro Casas Comunitarias de Justicia destac\u00f3 la labor que vienen realizando durante18 a\u00f1os en la promoci\u00f3n del acceso a justicia y la resoluci\u00f3n pac\u00edfica de conflictos en diferentes comunidades vulnerables. Las CCCJ, distribuidas en diferentes localidades del pa\u00eds, fueron puestas a disposici\u00f3n para colaborar activamente en estas iniciativas, fortaleciendo la conexi\u00f3n con las comunidades y promoviendo un impacto positivo en cada una de ellas.<\/p>\n\n\n\n<p>Uno de los puntos m\u00e1s relevantes de la reuni\u00f3n fue tambi\u00e9n la propuesta de organizar una conferencia sobre t\u00e9cnicas de negociaci\u00f3n, dirigida al personal de PGASE. Esta ser\u00e1 dictada por Nelson Espinal B\u00e1ez, presidente de las Casas y reconocido experto en negociaci\u00f3n, con el objetivo de fortalecer las capacidades de manejo de conflictos.<\/p>\n\n\n\n<p>Esta visita marca el inicio de un posible acuerdo de colaboraci\u00f3n entre ambas instituciones, con miras a continuar trabajando en el logro de objetivos comunes en beneficio de la ciudadan\u00eda, destaca un comunicado de prensa mediante el cual se ofreci\u00f3 la informaci\u00f3n.<\/p>\n\n\n\n<p><strong>Direcci\u00f3n General de Comunicaci\u00f3n, Prensa y RRPP&nbsp;<\/strong><strong><\/strong><\/p>\n\n\n\n<p><strong>Ministerio P\u00fablico RD<\/strong><\/p>\n","protected":false},"excerpt":{"rendered":"<p>Presentan avances en las labores de colaboraci\u00f3n interinstitucional y coordinan la puesta en marcha de nuevas actividades para la prevenci\u00f3n del fraude el\u00e9ctrico Santo Domingo (RD, mi\u00e9rcoles, 16 de octubre de 2024.&nbsp;El Centro Casas Comunitarias de Justicia (CCCJ), representado por su presidente, Nelson Espinal B\u00e1ez, y su directora ejecutiva, Carmen Victoriano, sostuvo un encuentro con [&hellip;]<\/p>\n","protected":false},"author":7,"featured_media":566910,"comment_status":"closed","ping_status":"closed","sticky":false,"template":"","format":"standard","meta":{"footnotes":""},"categories":[24],"tags":[486,485],"class_list":["post-566881","post","type-post","status-publish","format-standard","has-post-thumbnail","hentry","category-justicia-y-derecho","tag-casas-comunitarias-de-justicia","tag-procuraduria-para-el-sistema-electrico"],"_links":{"self":[{"href":"https:\/\/diariodominicano.com\/index.php?rest_route=\/wp\/v2\/posts\/566881","targetHints":{"allow":["GET"]}}],"collection":[{"href":"https:\/\/diariodominicano.com\/index.php?rest_route=\/wp\/v2\/posts"}],"about":[{"href":"https:\/\/diariodominicano.com\/index.php?rest_route=\/wp\/v2\/types\/post"}],"author":[{"embeddable":true,"href":"https:\/\/diariodominicano.com\/index.php?rest_route=\/wp\/v2\/users\/7"}],"replies":[{"embeddable":true,"href":"https:\/\/diariodominicano.com\/index.php?rest_route=%2Fwp%2Fv2%2Fcomments&post=566881"}],"version-history":[{"count":1,"href":"https:\/\/diariodominicano.com\/index.php?rest_route=\/wp\/v2\/posts\/566881\/revisions"}],"predecessor-version":[{"id":566901,"href":"https:\/\/diariodominicano.com\/index.php?rest_route=\/wp\/v2\/posts\/566881\/revisions\/566901"}],"wp:featuredmedia":[{"embeddable":true,"href":"https:\/\/diariodominicano.com\/index.php?rest_route=\/wp\/v2\/media\/566910"}],"wp:attachment":[{"href":"https:\/\/diariodominicano.com\/index.php?rest_route=%2Fwp%2Fv2%2Fmedia&parent=566881"}],"wp:term":[{"taxonomy":"category","embeddable":true,"href":"https:\/\/diariodominicano.com\/index.php?rest_route=%2Fwp%2Fv2%2Fcategories&post=566881"},{"taxonomy":"post_tag","embeddable":true,"href":"https:\/\/diariodominicano.com\/index.php?rest_route=%2Fwp%2Fv2%2Ftags&post=566881"}],"curies":[{"name":"wp","href":"https:\/\/api.w.org\/{rel}","templated":true}]}}