{"id":56687,"date":"2020-02-06T00:22:24","date_gmt":"2020-02-06T00:22:24","guid":{"rendered":"http:\/\/diariodominicano.ddns.net\/?p=56687"},"modified":"2020-02-06T00:22:24","modified_gmt":"2020-02-06T00:22:24","slug":"fallece-benito-moncion-3","status":"publish","type":"post","link":"https:\/\/diariodominicano.com\/?p=56687","title":{"rendered":"Fallece  Benito Monci\u00f3n"},"content":{"rendered":"<p><body><\/p>\n<p><strong>Diariodominicano.com<\/strong><\/p>\n<p><strong>El pr\u00f3cer Benito Monci\u00f3n<\/strong><\/p>\n<p><strong>Benito Monci\u00f3n hab\u00eda nacido en La Vega, en  1826,  durante el per\u00edodo de la ocupaci\u00f3n haitiana ?1822-1844- pero de joven se estableci\u00f3 en la L\u00ednea Noroeste.<\/strong><\/p>\n<p><strong>Por HTN<\/strong><\/p>\n<p><strong>Diariodominicano.com<\/strong><\/p>\n<\/p>\n<p><strong>   GUAYUBIN, el  6 de febrero de 1898<\/strong>, muri\u00f3 en Guayubin, Montecristi, el general \u00ae  Benito Monci\u00f3n, quien se destac\u00f3 como un soldado defensor de la soberan\u00eda nacional.<\/p>\n<\/p>\n<p>    Benito Monci\u00f3n hab\u00eda nacido en La Vega, en  1826,  durante el per\u00edodo de la ocupaci\u00f3n haitiana ?1822-1844- pero de joven se estableci\u00f3 en la L\u00ednea Noroeste.<\/p>\n<\/p>\n<p>    Muy joven tambi\u00e9n ingres\u00f3 al Ej\u00e9rcito dominicano. Luego de proclamada la Rep\u00fablica Dominicana, el 27 de febrero de 1844, se destac\u00f3 como un soldado de los que combatieron  las invasiones de Hait\u00ed.<\/p>\n<\/p>\n<p>    En la Batalla de Beller combati\u00f3 como sargento granadero y en la Batalla de Sabana Larga, el 24 de enero de 1856, ten\u00eda el rango de Capit\u00e1n.<\/p>\n<\/p>\n<p>    Cuando el Gobierno del Presidente Pedro Santana anex\u00f3 la Rep\u00fablica Dominicana a Espa\u00f1a, en marzo de 1861, Benito Monci\u00f3n fue de los primeros dominicanos que protestaron por la entrega de la soberan\u00eda nacional a una potencia extranjera.<\/p>\n<\/p>\n<p>   Exiliado en Hait\u00ed busc\u00f3 apoyo para la lucha por la Restauraci\u00f3n de la Rep\u00fablica. <\/p>\n<\/p>\n<p>   El 16 de agosto de 1863, form\u00f3 parte del grupo de pr\u00f3ceres que proclamaron la Restauraci\u00f3n de la Rep\u00fablica Dominicana.<\/p>\n<\/p>\n<p>    En la Guerra de la Restauraci\u00f3n que termin\u00f3 con la derrota del Ej\u00e9rcito Espa\u00f1ol, en julio de 1865, se destac\u00f3 por sus habilidades y valent\u00eda.<\/p>\n<\/p>\n<p>     Asimismo, en el per\u00edodo de los gobiernos de la Restauraci\u00f3n, Benito Monci\u00f3n se vio involucrado en las luchas intestinas que sufri\u00f3 el pa\u00eds.<\/p>\n<\/p>\n<\/p>\n<h6> 2020-02-06 00:22:24 <\/h6>\n<p><!--\n<link rel=\"stylesheet\" href=\"css\/bootstrap.min.css\">\n\n\n<ul class=\"pagination\">\n\t    \n\t\n\n<li >\n\t<a href='?page_no=858'>Previous<\/a>\n\t<\/li>\n\n\n       \n    \n\n<li><a href='?page_no=1'>1<\/a><\/li>\n\n\n\n<li><a href='?page_no=2'>2<\/a><\/li>\n\n\n\n<li><a>...<\/a><\/li>\n\n\n\n<li><a href='?page_no=857'>857<\/a><\/li>\n\n\n\n<li><a href='?page_no=858'>858<\/a><\/li>\n\n\n\n<li class='active'><a>859<\/a><\/li>\n\n\n\n<li><a href='?page_no=860'>860<\/a><\/li>\n\n\n\n<li><a href='?page_no=861'>861<\/a><\/li>\n\n\n\n<li><a>...<\/a><\/li>\n\n\n\n<li><a href='?page_no=22911'>22911<\/a><\/li>\n\n\n\n<li><a href='?page_no=22912'>22912<\/a><\/li>\n\n    \n\t\n\n<li >\n\t<a href='?page_no=860'>Next<\/a>\n\t<\/li>\n\n\n    \n\n<li><a href='?page_no=22912'>Last &rsaquo;&rsaquo;<\/a><\/li>\n\n<\/ul>\n\n\n--><br \/>\n<\/body><\/p>\n","protected":false},"excerpt":{"rendered":"<p>Diariodominicano.com El pr\u00f3cer Benito Monci\u00f3n Benito Monci\u00f3n hab\u00eda nacido en La Vega, en 1826, durante el per\u00edodo de la ocupaci\u00f3n haitiana ?1822-1844- pero de joven se estableci\u00f3 en la L\u00ednea Noroeste. Por HTN Diariodominicano.com GUAYUBIN, el 6 de febrero de 1898, muri\u00f3 en Guayubin, Montecristi, el general \u00ae Benito Monci\u00f3n, quien se destac\u00f3 como un [&hellip;]<\/p>\n","protected":false},"author":3,"featured_media":0,"comment_status":"open","ping_status":"open","sticky":false,"template":"","format":"standard","meta":{"footnotes":""},"categories":[21],"tags":[],"class_list":["post-56687","post","type-post","status-publish","format-standard","hentry","category-cultura"],"_links":{"self":[{"href":"https:\/\/diariodominicano.com\/index.php?rest_route=\/wp\/v2\/posts\/56687","targetHints":{"allow":["GET"]}}],"collection":[{"href":"https:\/\/diariodominicano.com\/index.php?rest_route=\/wp\/v2\/posts"}],"about":[{"href":"https:\/\/diariodominicano.com\/index.php?rest_route=\/wp\/v2\/types\/post"}],"author":[{"embeddable":true,"href":"https:\/\/diariodominicano.com\/index.php?rest_route=\/wp\/v2\/users\/3"}],"replies":[{"embeddable":true,"href":"https:\/\/diariodominicano.com\/index.php?rest_route=%2Fwp%2Fv2%2Fcomments&post=56687"}],"version-history":[{"count":0,"href":"https:\/\/diariodominicano.com\/index.php?rest_route=\/wp\/v2\/posts\/56687\/revisions"}],"wp:attachment":[{"href":"https:\/\/diariodominicano.com\/index.php?rest_route=%2Fwp%2Fv2%2Fmedia&parent=56687"}],"wp:term":[{"taxonomy":"category","embeddable":true,"href":"https:\/\/diariodominicano.com\/index.php?rest_route=%2Fwp%2Fv2%2Fcategories&post=56687"},{"taxonomy":"post_tag","embeddable":true,"href":"https:\/\/diariodominicano.com\/index.php?rest_route=%2Fwp%2Fv2%2Ftags&post=56687"}],"curies":[{"name":"wp","href":"https:\/\/api.w.org\/{rel}","templated":true}]}}