{"id":566805,"date":"2024-10-16T09:14:43","date_gmt":"2024-10-16T13:14:43","guid":{"rendered":"https:\/\/diariodominicano.com\/?p=566805"},"modified":"2024-10-16T09:14:44","modified_gmt":"2024-10-16T13:14:44","slug":"cuba-recuerda-alegato-de-fidel-castro-la-historia-me-absolvera","status":"publish","type":"post","link":"https:\/\/diariodominicano.com\/?p=566805","title":{"rendered":"Cuba recuerda alegato de Fidel Castro La Historia me absolver\u00e1"},"content":{"rendered":"\n<p>La Habana, 16 oct (Prensa Latina) Cuba recuerda hoy el alegato de autodefensa del joven abogado Fidel Castro en el juicio por el asalto a los cuarteles Moncada y Carlos Manuel de C\u00e9spedes, hace 71 a\u00f1os, conocido como \u00abLa Historia Me Absolver\u00e1\u00bb.<\/p>\n\n\n\n<ul class=\"wp-block-list\">\n<li><a href=\"https:\/\/www.prensa-latina.cu\/2024\/10\/16\/\"><time>octubre 16, 2024 | 00:03<\/time><\/a><\/li>\n<\/ul>\n\n\n\n<ul class=\"wp-block-list\">\n<li><a href=\"https:\/\/www.prensa-latina.cu\/2024\/10\/16\/cuba-recuerda-alegato-de-fidel-castro-la-historia-me-absolvera\/#\"><\/a><\/li>\n\n\n\n<li><a href=\"https:\/\/www.prensa-latina.cu\/2024\/10\/16\/cuba-recuerda-alegato-de-fidel-castro-la-historia-me-absolvera\/#\"><\/a><\/li>\n\n\n\n<li><a href=\"https:\/\/www.prensa-latina.cu\/2024\/10\/16\/cuba-recuerda-alegato-de-fidel-castro-la-historia-me-absolvera\/#\"><\/a><\/li>\n\n\n\n<li><a href=\"https:\/\/www.prensa-latina.cu\/2024\/10\/16\/cuba-recuerda-alegato-de-fidel-castro-la-historia-me-absolvera\/#\"><\/a><\/li>\n<\/ul>\n\n\n\n<p>El 26 de julio de 1953, el l\u00edder revolucionario encabez\u00f3 el intento de toma sorpresiva de esas dos fortalezas castrenses en el oriente cubano, que marc\u00f3 el comienzo de la lucha armada contra la tiran\u00eda de Fulgencio Batista (1952-1959).<\/p>\n\n\n\n<p>Al asumir su defensa en el proceso penal por esos hechos, Fidel Castro se convirti\u00f3 de acusado en acusador de la dictadura, y denunci\u00f3 los cr\u00edmenes contra el pueblo de la isla, y el asesinato a sangre fr\u00eda de unos 50 j\u00f3venes participantes en la acci\u00f3n capturados.<\/p>\n\n\n\n<p>\u00abNo se mat\u00f3 durante un minuto, una hora o un d\u00eda entero, sino que en una semana completa; los golpes, las torturas, los lanzamientos de azotea y los disparos no cesaron un instante, como instrumento de exterminio manejados por artesanos perfectos del crimen\u00bb, expres\u00f3.<\/p>\n\n\n\n<p>\u00abEl cuartel Moncada se convirti\u00f3 en un taller de tortura y muerte, y unos hombres indignos convirtieron el uniforme militar en delantales de carniceros\u00bb, agreg\u00f3.<\/p>\n\n\n\n<p>El discurso, impreso posteriormente para su divulgaci\u00f3n clandestina bajo el t\u00edtulo La historia me absolver\u00e1, fue la presentaci\u00f3n de la agenda pol\u00edtica de la nueva etapa de lucha contra la dictadura batistiana.<\/p>\n\n\n\n<p>El texto se\u00f1al\u00f3 los males de la Cuba de entonces, resumidos en seis problem\u00e1ticas fundamentales: de la tierra, de la industrializaci\u00f3n, de la vivienda, el desempleo, la educaci\u00f3n y la salud, y formaron parte del programa de transformaciones de la revoluci\u00f3n triunfante el 1 de enero de 1959.<\/p>\n\n\n\n<p>Al referirse al documento, desde el presidio en Isla de Pinos, donde fue confinado, Fidel Castro escribi\u00f3: \u00abLa importancia del mismo es decisiva; ah\u00ed est\u00e1 contenido el programa y la ideolog\u00eda nuestra, sin la cual no es posible pensar en nada grande\u201d.<\/p>\n\n\n\n<p>Adem\u00e1s, la denuncia completa de los cr\u00edmenes que a\u00fan no se han divulgado suficientemente y es el primer deber que tenemos para con los que murieron, apunt\u00f3.<\/p>\n\n\n\n<p>jha\/evm<\/p>\n","protected":false},"excerpt":{"rendered":"<p>La Habana, 16 oct (Prensa Latina) Cuba recuerda hoy el alegato de autodefensa del joven abogado Fidel Castro en el juicio por el asalto a los cuarteles Moncada y Carlos Manuel de C\u00e9spedes, hace 71 a\u00f1os, conocido como \u00abLa Historia Me Absolver\u00e1\u00bb. El 26 de julio de 1953, el l\u00edder revolucionario encabez\u00f3 el intento de [&hellip;]<\/p>\n","protected":false},"author":2,"featured_media":566806,"comment_status":"closed","ping_status":"closed","sticky":true,"template":"","format":"standard","meta":{"footnotes":""},"categories":[26],"tags":[],"class_list":["post-566805","post","type-post","status-publish","format-standard","has-post-thumbnail","hentry","category-efemerides"],"_links":{"self":[{"href":"https:\/\/diariodominicano.com\/index.php?rest_route=\/wp\/v2\/posts\/566805","targetHints":{"allow":["GET"]}}],"collection":[{"href":"https:\/\/diariodominicano.com\/index.php?rest_route=\/wp\/v2\/posts"}],"about":[{"href":"https:\/\/diariodominicano.com\/index.php?rest_route=\/wp\/v2\/types\/post"}],"author":[{"embeddable":true,"href":"https:\/\/diariodominicano.com\/index.php?rest_route=\/wp\/v2\/users\/2"}],"replies":[{"embeddable":true,"href":"https:\/\/diariodominicano.com\/index.php?rest_route=%2Fwp%2Fv2%2Fcomments&post=566805"}],"version-history":[{"count":1,"href":"https:\/\/diariodominicano.com\/index.php?rest_route=\/wp\/v2\/posts\/566805\/revisions"}],"predecessor-version":[{"id":566807,"href":"https:\/\/diariodominicano.com\/index.php?rest_route=\/wp\/v2\/posts\/566805\/revisions\/566807"}],"wp:featuredmedia":[{"embeddable":true,"href":"https:\/\/diariodominicano.com\/index.php?rest_route=\/wp\/v2\/media\/566806"}],"wp:attachment":[{"href":"https:\/\/diariodominicano.com\/index.php?rest_route=%2Fwp%2Fv2%2Fmedia&parent=566805"}],"wp:term":[{"taxonomy":"category","embeddable":true,"href":"https:\/\/diariodominicano.com\/index.php?rest_route=%2Fwp%2Fv2%2Fcategories&post=566805"},{"taxonomy":"post_tag","embeddable":true,"href":"https:\/\/diariodominicano.com\/index.php?rest_route=%2Fwp%2Fv2%2Ftags&post=566805"}],"curies":[{"name":"wp","href":"https:\/\/api.w.org\/{rel}","templated":true}]}}