{"id":56676,"date":"2020-02-06T00:24:12","date_gmt":"2020-02-06T00:24:12","guid":{"rendered":"http:\/\/diariodominicano.ddns.net\/?p=56676"},"modified":"2020-02-06T00:24:12","modified_gmt":"2020-02-06T00:24:12","slug":"muere-el-ex-presidente-francisco-henriquez-y-carvajal-3","status":"publish","type":"post","link":"https:\/\/diariodominicano.com\/?p=56676","title":{"rendered":"Muere el ex presidente Francisco Henr\u00edquez y Carvajal."},"content":{"rendered":"<p><body><\/p>\n<p><strong>Muere el ex presidente Francisco Henr\u00edquez y Carvajal<\/strong><\/p>\n<p><strong>Con  la poetisa y educadora Salom\u00e9 Ure\u00f1a,  Francisco Henr\u00edquez y Carvajal procre\u00f3  una familia de intelectuales, entre los que se destacaron Pedro Henr\u00edquez Ure\u00f1a, Max Henr\u00edquez Ure\u00f1a y Camila Henr\u00edquez Ure\u00f1a.<\/strong><\/p>\n<p><strong> <\/strong><\/p>\n<p><strong>Por HTN<\/strong><\/p>\n<p><strong>Diariodominicano.com<\/strong><\/p>\n<\/p>\n<p>SANTIAGO, CUBA,  el 6 de febrero de 1935, muri\u00f3 en Santiago de Cuba, el ex presidente dominicano Francisco Henr\u00edquez y Carvajal.<\/p>\n<\/p>\n<p>Henr\u00edquez y Carvajal estudi\u00f3 medicina en Par\u00eds, Francia. Se distingui\u00f3 como m\u00e9dico, educador y pol\u00edtico. Hab\u00eda nacido en la ciudad de Santo Domingo, en el a\u00f1o 1859.<\/p>\n<\/p>\n<p>Con  la poetisa y educadora Salom\u00e9 Ure\u00f1a,  Francisco Henr\u00edquez y Carvajal procre\u00f3  una familia de intelectuales, entre los que se destacaron Pedro Henr\u00edquez Ure\u00f1a, Max Henr\u00edquez Ure\u00f1a y Camila Henr\u00edquez Ure\u00f1a.<\/p>\n<\/p>\n<p>    Colabor\u00f3 con Eugenio Mar\u00eda de Hostos en la fundaci\u00f3n de la Escuela Normal en Santo Domingo.<\/p>\n<\/p>\n<p>    Entre las funciones p\u00fablicas que desempe\u00f1\u00f3 Francisco Henr\u00edquez y Carvajal figuran: Miembro de la Comisi\u00f3n Dominicana en la Exposici\u00f3n de Par\u00eds, 1889;  Profesor de Medicina del Instituto Profesional, 1895; Ministro de Relaciones Exteriores, 1899; de Correos y Tel\u00e9grafos, Interior y Polic\u00eda, Justicia e Instrucci\u00f3n P\u00fablica, Hacienda y Comercio, durante el per\u00edodo de  1900 al 1902.<\/p>\n<\/p>\n<p>    En las crisis econ\u00f3mica y pol\u00edtica que sufri\u00f3 el pa\u00eds en 1916, fue designado presidente de la Rep\u00fablica Interino, pero su gesti\u00f3n fue interrumpida por la ocupaci\u00f3n Militar de Estados Unidos, proclamada por el capit\u00e1n Willian Knapp, el 29 de noviembre de 1916.<\/p>\n<\/p>\n<h6> 2020-02-06 00:24:12 <\/h6>\n<p><!--\n<link rel=\"stylesheet\" href=\"css\/bootstrap.min.css\">\n\n\n<ul class=\"pagination\">\n\t    \n\t\n\n<li >\n\t<a href='?page_no=857'>Previous<\/a>\n\t<\/li>\n\n\n       \n    \n\n<li><a href='?page_no=1'>1<\/a><\/li>\n\n\n\n<li><a href='?page_no=2'>2<\/a><\/li>\n\n\n\n<li><a>...<\/a><\/li>\n\n\n\n<li><a href='?page_no=856'>856<\/a><\/li>\n\n\n\n<li><a href='?page_no=857'>857<\/a><\/li>\n\n\n\n<li class='active'><a>858<\/a><\/li>\n\n\n\n<li><a href='?page_no=859'>859<\/a><\/li>\n\n\n\n<li><a href='?page_no=860'>860<\/a><\/li>\n\n\n\n<li><a>...<\/a><\/li>\n\n\n\n<li><a href='?page_no=22911'>22911<\/a><\/li>\n\n\n\n<li><a href='?page_no=22912'>22912<\/a><\/li>\n\n    \n\t\n\n<li >\n\t<a href='?page_no=859'>Next<\/a>\n\t<\/li>\n\n\n    \n\n<li><a href='?page_no=22912'>Last &rsaquo;&rsaquo;<\/a><\/li>\n\n<\/ul>\n\n\n--><br \/>\n<\/body><\/p>\n","protected":false},"excerpt":{"rendered":"<p>Muere el ex presidente Francisco Henr\u00edquez y Carvajal Con la poetisa y educadora Salom\u00e9 Ure\u00f1a, Francisco Henr\u00edquez y Carvajal procre\u00f3 una familia de intelectuales, entre los que se destacaron Pedro Henr\u00edquez Ure\u00f1a, Max Henr\u00edquez Ure\u00f1a y Camila Henr\u00edquez Ure\u00f1a. Por HTN Diariodominicano.com SANTIAGO, CUBA, el 6 de febrero de 1935, muri\u00f3 en Santiago de Cuba, [&hellip;]<\/p>\n","protected":false},"author":3,"featured_media":0,"comment_status":"open","ping_status":"open","sticky":false,"template":"","format":"standard","meta":{"footnotes":""},"categories":[21],"tags":[],"class_list":["post-56676","post","type-post","status-publish","format-standard","hentry","category-cultura"],"_links":{"self":[{"href":"https:\/\/diariodominicano.com\/index.php?rest_route=\/wp\/v2\/posts\/56676","targetHints":{"allow":["GET"]}}],"collection":[{"href":"https:\/\/diariodominicano.com\/index.php?rest_route=\/wp\/v2\/posts"}],"about":[{"href":"https:\/\/diariodominicano.com\/index.php?rest_route=\/wp\/v2\/types\/post"}],"author":[{"embeddable":true,"href":"https:\/\/diariodominicano.com\/index.php?rest_route=\/wp\/v2\/users\/3"}],"replies":[{"embeddable":true,"href":"https:\/\/diariodominicano.com\/index.php?rest_route=%2Fwp%2Fv2%2Fcomments&post=56676"}],"version-history":[{"count":0,"href":"https:\/\/diariodominicano.com\/index.php?rest_route=\/wp\/v2\/posts\/56676\/revisions"}],"wp:attachment":[{"href":"https:\/\/diariodominicano.com\/index.php?rest_route=%2Fwp%2Fv2%2Fmedia&parent=56676"}],"wp:term":[{"taxonomy":"category","embeddable":true,"href":"https:\/\/diariodominicano.com\/index.php?rest_route=%2Fwp%2Fv2%2Fcategories&post=56676"},{"taxonomy":"post_tag","embeddable":true,"href":"https:\/\/diariodominicano.com\/index.php?rest_route=%2Fwp%2Fv2%2Ftags&post=56676"}],"curies":[{"name":"wp","href":"https:\/\/api.w.org\/{rel}","templated":true}]}}