{"id":566733,"date":"2024-10-16T00:05:00","date_gmt":"2024-10-16T04:05:00","guid":{"rendered":"https:\/\/diariodominicano.com\/?p=566733"},"modified":"2024-10-16T00:22:22","modified_gmt":"2024-10-16T04:22:22","slug":"copardom-anuncia-el-xxii-congreso-sobre-prevencion-de-riesgos-laborales-en-entornos-disruptivos","status":"publish","type":"post","link":"https:\/\/diariodominicano.com\/?p=566733","title":{"rendered":"COPARDOM anuncia el XXII Congreso sobre prevenci\u00f3n de riesgos laborales en entornos disruptivos"},"content":{"rendered":"\n<p>En el encuentro participaron los directivos de la COPARDOM, desde la izquierda, Rosalina Trueba y Samuel P\u00e9rez, asesores; Paul S\u00e1nchez, secretario; Pedro Rodr\u00edguez, vicepresidente ejecutivo; Laura Pe\u00f1a Izquierdo, presidenta; H\u00e9ctor Bret\u00f3n, tesorero y Juan Roberto Amell.<\/p>\n\n\n\n<figure class=\"wp-block-image size-large\"><img loading=\"lazy\" decoding=\"async\" width=\"1024\" height=\"683\" src=\"https:\/\/diariodominicano.com\/wp-content\/uploads\/2024\/10\/Foto-2-La-presidente-de-la-COPARDOM-Laura-Pena-Izquierdo-1024x683.jpg\" alt=\"\" class=\"wp-image-566738\" srcset=\"https:\/\/diariodominicano.com\/wp-content\/uploads\/2024\/10\/Foto-2-La-presidente-de-la-COPARDOM-Laura-Pena-Izquierdo-1024x683.jpg 1024w, https:\/\/diariodominicano.com\/wp-content\/uploads\/2024\/10\/Foto-2-La-presidente-de-la-COPARDOM-Laura-Pena-Izquierdo-300x200.jpg 300w, https:\/\/diariodominicano.com\/wp-content\/uploads\/2024\/10\/Foto-2-La-presidente-de-la-COPARDOM-Laura-Pena-Izquierdo-768x512.jpg 768w, https:\/\/diariodominicano.com\/wp-content\/uploads\/2024\/10\/Foto-2-La-presidente-de-la-COPARDOM-Laura-Pena-Izquierdo-1536x1024.jpg 1536w, https:\/\/diariodominicano.com\/wp-content\/uploads\/2024\/10\/Foto-2-La-presidente-de-la-COPARDOM-Laura-Pena-Izquierdo-2048x1366.jpg 2048w, https:\/\/diariodominicano.com\/wp-content\/uploads\/2024\/10\/Foto-2-La-presidente-de-la-COPARDOM-Laura-Pena-Izquierdo-816x544.jpg 816w\" sizes=\"auto, (max-width: 1024px) 100vw, 1024px\" \/><\/figure>\n\n\n\n<p>La presidente de la COPARDOM, Laura Pe\u00f1a Izquierdo.<\/p>\n\n\n\n<p><em><strong>El evento anual de la Patronal iniciar\u00e1 con las palabras de los presidentes de COPARDOM, Laura Pe\u00f1a Izquierdo; del CONEP, Celso Juan Marranzini y el ministro de Trabajo, Luis Miguel De Camps, e incluye exposiciones del director del INTRANT y de m\u00e1s de una docena de expertos locales e internacionales.<\/strong><\/em><\/p>\n\n\n\n<p><strong>Santo Domingo, Rep. Dom.-&nbsp;<\/strong>M\u00e1s de una decena de especialistas, funcionarios oficiales, representantes del empresariado y docentes locales y extranjeros expondr\u00e1n el pr\u00f3ximo 23 y 24 de este mes en el vig\u00e9simo segundo Congreso sobre Prevenci\u00f3n de Riesgos Laborales, que organiza la Confederaci\u00f3n Patronal de la Rep\u00fablica Dominicana (COPARDOM), en el Hotel Jaragua de esta capital.<\/p>\n\n\n\n<figure class=\"wp-block-image size-large\"><img loading=\"lazy\" decoding=\"async\" width=\"1024\" height=\"683\" src=\"https:\/\/diariodominicano.com\/wp-content\/uploads\/2024\/10\/Foto-3-Rosalina-Trueba-Samuel-Perez-Paul-Sanchez-Pedro-Rodriguez-Laura-Pena-Hector-Breton-y-Juan-Amell-1024x683.jpg\" alt=\"\" class=\"wp-image-566742\" srcset=\"https:\/\/diariodominicano.com\/wp-content\/uploads\/2024\/10\/Foto-3-Rosalina-Trueba-Samuel-Perez-Paul-Sanchez-Pedro-Rodriguez-Laura-Pena-Hector-Breton-y-Juan-Amell-1024x683.jpg 1024w, https:\/\/diariodominicano.com\/wp-content\/uploads\/2024\/10\/Foto-3-Rosalina-Trueba-Samuel-Perez-Paul-Sanchez-Pedro-Rodriguez-Laura-Pena-Hector-Breton-y-Juan-Amell-300x200.jpg 300w, https:\/\/diariodominicano.com\/wp-content\/uploads\/2024\/10\/Foto-3-Rosalina-Trueba-Samuel-Perez-Paul-Sanchez-Pedro-Rodriguez-Laura-Pena-Hector-Breton-y-Juan-Amell-768x512.jpg 768w, https:\/\/diariodominicano.com\/wp-content\/uploads\/2024\/10\/Foto-3-Rosalina-Trueba-Samuel-Perez-Paul-Sanchez-Pedro-Rodriguez-Laura-Pena-Hector-Breton-y-Juan-Amell-1536x1024.jpg 1536w, https:\/\/diariodominicano.com\/wp-content\/uploads\/2024\/10\/Foto-3-Rosalina-Trueba-Samuel-Perez-Paul-Sanchez-Pedro-Rodriguez-Laura-Pena-Hector-Breton-y-Juan-Amell-2048x1366.jpg 2048w, https:\/\/diariodominicano.com\/wp-content\/uploads\/2024\/10\/Foto-3-Rosalina-Trueba-Samuel-Perez-Paul-Sanchez-Pedro-Rodriguez-Laura-Pena-Hector-Breton-y-Juan-Amell-816x544.jpg 816w\" sizes=\"auto, (max-width: 1024px) 100vw, 1024px\" \/><\/figure>\n\n\n\n<p>Desde la izquierda, Pa\u00fal S\u00e1nchez, secretario de la COPARDOM; Samuel P\u00e9rez y Rosalina Trueba, asesores; Pedro Rodr\u00edguez, vicepresidente ejecutivo; Laura Pe\u00f1a Izquierdo, presidenta; H\u00e9ctor Bret\u00f3n, tesorero y Juan Roberto Amell.<\/p>\n\n\n\n<p>\u00abGesti\u00f3n de la Seguridad y Salud en el Trabajo en Entornos Disruptivos\u00bb es el lema de esta edici\u00f3n del evento anual de la COPARDOM, anunciado durante un encuentro ofrecido por sus principales directivos y representantes de otros renglones productivos que se dieron cita este martes en el sal\u00f3n empresarial de la Torre AIRD.<\/p>\n\n\n\n<p>La presidenta de la COPARDOM, Laura Pe\u00f1a Izquierdo, explic\u00f3 que ser\u00e1 un espacio para el debate, el intercambio de conocimientos y el an\u00e1lisis de las nuevas tendencias en materia de seguridad y salud laboral, como la gesti\u00f3n de riesgos y enfermedades, liderazgo, innovaci\u00f3n, digitalizaci\u00f3n y los desaf\u00edos que presentan las nuevas tecnolog\u00edas en el \u00e1mbito laboral.<\/p>\n\n\n\n<p>Indic\u00f3 que el XXII Congreso COPARDOM est\u00e1 dirigido a una amplia audiencia, que ellos a directivos de empresas, profesionales de las \u00e1reas laboral, gesti\u00f3n del talento, seguridad y salud, trabajadores involucrados en sostenibilidad, funcionarios de entidades p\u00fablicas, inspectores de trabajo e IDOPPRIL, as\u00ed como estudiantes de postgrado en \u00e1reas afines.<\/p>\n\n\n\n<figure class=\"wp-block-image size-large\"><img loading=\"lazy\" decoding=\"async\" width=\"1024\" height=\"683\" src=\"https:\/\/diariodominicano.com\/wp-content\/uploads\/2024\/10\/Foto-2-La-presidente-de-la-COPARDOM-Laura-Pena-Izquierdo-2-1024x683.jpg\" alt=\"\" class=\"wp-image-566745\" srcset=\"https:\/\/diariodominicano.com\/wp-content\/uploads\/2024\/10\/Foto-2-La-presidente-de-la-COPARDOM-Laura-Pena-Izquierdo-2-1024x683.jpg 1024w, https:\/\/diariodominicano.com\/wp-content\/uploads\/2024\/10\/Foto-2-La-presidente-de-la-COPARDOM-Laura-Pena-Izquierdo-2-300x200.jpg 300w, https:\/\/diariodominicano.com\/wp-content\/uploads\/2024\/10\/Foto-2-La-presidente-de-la-COPARDOM-Laura-Pena-Izquierdo-2-768x512.jpg 768w, https:\/\/diariodominicano.com\/wp-content\/uploads\/2024\/10\/Foto-2-La-presidente-de-la-COPARDOM-Laura-Pena-Izquierdo-2-1536x1024.jpg 1536w, https:\/\/diariodominicano.com\/wp-content\/uploads\/2024\/10\/Foto-2-La-presidente-de-la-COPARDOM-Laura-Pena-Izquierdo-2-2048x1366.jpg 2048w, https:\/\/diariodominicano.com\/wp-content\/uploads\/2024\/10\/Foto-2-La-presidente-de-la-COPARDOM-Laura-Pena-Izquierdo-2-816x544.jpg 816w\" sizes=\"auto, (max-width: 1024px) 100vw, 1024px\" \/><\/figure>\n\n\n\n<p>Adem\u00e1s de Pe\u00f1a Izquierdo, a este encuentro asistieron H\u00e9ctor Bret\u00f3n, tesorero de la COPARDOM; Paul S\u00e1nchez, secretario; Pedro Rodr\u00edguez, vicepresidente ejecutivo; Hamlet Guti\u00e9rrez, director; William Matas, pasado presidente y los asesores Samuel Orlando P\u00e9rez, Juan Roberto Amell, Manuel Batista y Rosalina Trueba.<\/p>\n\n\n\n<figure class=\"wp-block-image size-large\"><img loading=\"lazy\" decoding=\"async\" width=\"683\" height=\"1024\" src=\"https:\/\/diariodominicano.com\/wp-content\/uploads\/2024\/10\/Foto-5-El-vicepresidente-ejecutivo-de-la-COPARDOM-Pedro-Rodriguez-683x1024.jpg\" alt=\"\" class=\"wp-image-566748\" srcset=\"https:\/\/diariodominicano.com\/wp-content\/uploads\/2024\/10\/Foto-5-El-vicepresidente-ejecutivo-de-la-COPARDOM-Pedro-Rodriguez-683x1024.jpg 683w, https:\/\/diariodominicano.com\/wp-content\/uploads\/2024\/10\/Foto-5-El-vicepresidente-ejecutivo-de-la-COPARDOM-Pedro-Rodriguez-200x300.jpg 200w, https:\/\/diariodominicano.com\/wp-content\/uploads\/2024\/10\/Foto-5-El-vicepresidente-ejecutivo-de-la-COPARDOM-Pedro-Rodriguez-768x1152.jpg 768w, https:\/\/diariodominicano.com\/wp-content\/uploads\/2024\/10\/Foto-5-El-vicepresidente-ejecutivo-de-la-COPARDOM-Pedro-Rodriguez.jpg 800w\" sizes=\"auto, (max-width: 683px) 100vw, 683px\" \/><\/figure>\n\n\n\n<p>Pedro Rodr\u00edguez, vicepresidente ejecutivo;<\/p>\n\n\n\n<p><strong>Palabras de apertura, temas y expositores del congreso<\/strong><\/p>\n\n\n\n<p>El XXII Congreso iniciar\u00e1 a las 9 de la ma\u00f1ana del mi\u00e9rcoles 23 de octubre con las palabras de Laura Pe\u00f1a Izquierdo, presidenta de la COPARDOM; Celso Juan Marranzini, presidente del Consejo Nacional de la Empresa Privada (CONEP); y Luis Miguel De Camps, ministro de trabajo, quienes tendr\u00e1n a su cargo el corte de la cinta inaugural de una exposici\u00f3n comercial que se efectuar\u00e1 conjuntamente con este evento.<\/p>\n\n\n\n<p>Las conferencias de ese d\u00eda iniciar\u00e1n con \u00abRiesgos Humanos: El Nuevo ADN de la Empresa Sostenible\u00bb, a cargo de Ariel Almaz\u00e1n, de M\u00e9xico, experto en bienestar y salud organizacional; \u00abSeguridad de Procesos y Sistema de Gesti\u00f3n de Seguridad y Salud en el Trabajo\u00bb, por Oscar Vega Escao, de Colombia, ingeniero qu\u00edmico e industrial; y \u00abModelos de Madurez de la Seguridad y Salud en el Trabajo\u00bb, presentado por Yuber Liliana Rodr\u00edguez, de Colombia y doctora en administraci\u00f3n.<\/p>\n\n\n\n<p>En horas de la tarde continuar\u00e1 con las exposiciones \u00abModelo 10 para Gestionar Oportunidades\u00bb, por Carlos Eduardo Vanegas, de Colombia, empresario y psic\u00f3logo; \u00abMejores Pr\u00e1cticas en Riesgos Psicosociales y Bienestar Laboral para Conseguir Mejor Desempe\u00f1o Organizacional\u00bb, con Elizabeth Naiamen, de M\u00e9xico, experta en capital humano; y \u00abDe la Mente a la M\u00e1quina\u00bb, por Rafael Llanes, de Espa\u00f1a, experto en tecnolog\u00eda. Esta sesi\u00f3n explorar\u00e1 la relaci\u00f3n entre tecnolog\u00eda y salud mental en el trabajo.<\/p>\n\n\n\n<p>El jueves 24 de octubre el congreso seguir\u00e1 con la presentaci\u00f3n de los temas \u00abInnovaci\u00f3n en Seguridad Vial\u00bb, por Germ\u00e1n Acevedo Ordu\u00f1a, de Colombia, ingeniero naval y experto en seguridad ocupacional para motociclistas; \u00abPlan Estrat\u00e9gico INTRANT para la Movilidad Vial\u00bb, con Milton Morrison, director del INTRANT; \u00abBuena Pr\u00e1ctica: Manejo Responsable\u00bb, por representantes de la Fundaci\u00f3n Movido; y \u00abBuena Pr\u00e1ctica: Gesti\u00f3n Integral de Seguridad Industrial: capacitaci\u00f3n, prevenci\u00f3n, KPIs y Certificaciones. Caso EgeHaina\u00bb, con Jos\u00e9 Guillot.<\/p>\n\n\n\n<p>Luego proseguir\u00e1 la disertaci\u00f3n \u00abTransici\u00f3n Justa hacia sociedades y econom\u00edas ambientalmente sostenibles: impactos, retos, oportunidades en las empresas\u00bb, por Rodrigo Mogrovejo, de Bolivia, especialista en desarrollo empresarial; \u00abSROI: La Herramienta Clave para Medir el Impacto Social y la Sostenibilidad de las Acciones de una Empresa\u00bb, a cargo de Harold Hern\u00e1ndez Cruz, de Colombia, doctor en gerencia de proyectos.<\/p>\n\n\n\n<p>El programa finalizar\u00e1 con la conferencia magistral \u00abMonta\u00f1as del Ser&#8230; Sue\u00f1o de Uno, Sue\u00f1o de Todos\u00bb, con Nelson Cardona, de Colombia, licenciado en ciencias ambientales, quien tiene una trayectoria inspiradora por ser el primer latinoamericano con discapacidad en escalar el Monte Everest.<\/p>\n\n\n\n<p>Adem\u00e1s, Cardona es la primera persona con esta condici\u00f3n en el mundo en alcanzar la cima de las siete monta\u00f1as m\u00e1s altas del planeta. Su historia ha motivado a millones de personas a no rendirse y perseguir sus sue\u00f1os. Naci\u00f3 en un devastador terremoto, lo que a\u00f1ade un cap\u00edtulo fascinante a su vida.COPARDOM trae a su congreso a Nelson Cardona, ejemplo de resiliencia<\/p>\n\n\n\n<p><em><strong>El reconocido ambientalista y atleta colombiano, nacido en medio del terremoto de 1963 en Manizales, dedic\u00f3 su vida a desafiar los l\u00edmites y romper barreras. Es la primera persona con discapacidad en el mundo en alcanzar la cima de las siete monta\u00f1as m\u00e1s altas del planeta, incluyendo el Polo Norte y el Polo Sur, adem\u00e1s de su haza\u00f1a en el Everest.<\/strong><\/em><\/p>\n\n\n\n<p><strong>Santo Domingo, Rep. Dom.-<\/strong>&nbsp;Nelson Cardona Carvajal, reconocido ambientalista y atleta colombiano, ser\u00e1 uno de los conferencistas magistrales del XXII Congreso sobre Prevenci\u00f3n de Riesgos Laborales que organiza la Confederaci\u00f3n Patronal de la Rep\u00fablica Dominicana (COPARDOM), los d\u00edas 23 y 24 de octubre, en el Hotel Jaragua, bajo el tema \u00abGesti\u00f3n de la Seguridad y Salud en el Trabajo en Entornos Disruptivos\u00bb.<\/p>\n\n\n\n<p>Cardona Carvajal, quien es el primer latinoamericano con discapacidad en escalar el Monte Everest, compartir\u00e1 su inspiradora historia de superaci\u00f3n y resiliencia en una conferencia titulada \u00abMonta\u00f1as del Ser&#8230; Sue\u00f1o de Uno, Sue\u00f1o de Todos\u00bb.<\/p>\n\n\n\n<p>Nacido en medio de un terremoto en Manizales, Colombia, en 1963, Cardona Carvajal ha dedicado su vida a desafiar los l\u00edmites y romper barreras.&nbsp; Adem\u00e1s de su haza\u00f1a en el Everest, es la primera persona con discapacidad en el mundo en alcanzar la cima de las siete monta\u00f1as m\u00e1s altas del planeta, incluyendo el Polo Norte y el Polo Sur.<\/p>\n\n\n\n<p>Su historia de vida, llena de desaf\u00edos y triunfos, sirve como motivaci\u00f3n para los asistentes al congreso, quienes podr\u00e1n aprender de su experiencia y reflexionar sobre la importancia de la perseverancia, la inclusi\u00f3n y la gesti\u00f3n de riesgos en entornos complejos.<\/p>\n\n\n\n<p>La conferencia de Cardona Carvajal se llevar\u00e1 a cabo el jueves 24 de octubre a las 3:20 PM, como cierre del programa del XXII Congreso COPARDOM.<\/p>\n\n\n\n<p><strong>Sobre COPARDOM<\/strong><\/p>\n\n\n\n<p>La Confederaci\u00f3n Patronal de la Rep\u00fablica Dominicana (COPARDOM) es la principal organizaci\u00f3n empresarial del pa\u00eds, representando a empleadores de diversos sectores econ\u00f3micos. COPARDOM promueve el desarrollo sostenible, la competitividad y el di\u00e1logo social en beneficio de todos los dominicanos.<\/p>\n\n\n\n<p>Enver L\u00f3pez Milander \u00a0 l \u00a0 Email:\u00a0<a href=\"mailto:enverolm@gmail.com\" target=\"_blank\" rel=\"noreferrer noopener\">enverolm@gmail.com<\/a>\u00a0<\/p>\n","protected":false},"excerpt":{"rendered":"<p>En el encuentro participaron los directivos de la COPARDOM, desde la izquierda, Rosalina Trueba y Samuel P\u00e9rez, asesores; Paul S\u00e1nchez, secretario; Pedro Rodr\u00edguez, vicepresidente ejecutivo; Laura Pe\u00f1a Izquierdo, presidenta; H\u00e9ctor Bret\u00f3n, tesorero y Juan Roberto Amell. La presidente de la COPARDOM, Laura Pe\u00f1a Izquierdo. El evento anual de la Patronal iniciar\u00e1 con las palabras de [&hellip;]<\/p>\n","protected":false},"author":28,"featured_media":566736,"comment_status":"closed","ping_status":"closed","sticky":false,"template":"","format":"standard","meta":{"footnotes":""},"categories":[36,18],"tags":[],"class_list":["post-566733","post","type-post","status-publish","format-standard","has-post-thumbnail","hentry","category-hombresmujeresycosas","category-economia"],"_links":{"self":[{"href":"https:\/\/diariodominicano.com\/index.php?rest_route=\/wp\/v2\/posts\/566733","targetHints":{"allow":["GET"]}}],"collection":[{"href":"https:\/\/diariodominicano.com\/index.php?rest_route=\/wp\/v2\/posts"}],"about":[{"href":"https:\/\/diariodominicano.com\/index.php?rest_route=\/wp\/v2\/types\/post"}],"author":[{"embeddable":true,"href":"https:\/\/diariodominicano.com\/index.php?rest_route=\/wp\/v2\/users\/28"}],"replies":[{"embeddable":true,"href":"https:\/\/diariodominicano.com\/index.php?rest_route=%2Fwp%2Fv2%2Fcomments&post=566733"}],"version-history":[{"count":6,"href":"https:\/\/diariodominicano.com\/index.php?rest_route=\/wp\/v2\/posts\/566733\/revisions"}],"predecessor-version":[{"id":566758,"href":"https:\/\/diariodominicano.com\/index.php?rest_route=\/wp\/v2\/posts\/566733\/revisions\/566758"}],"wp:featuredmedia":[{"embeddable":true,"href":"https:\/\/diariodominicano.com\/index.php?rest_route=\/wp\/v2\/media\/566736"}],"wp:attachment":[{"href":"https:\/\/diariodominicano.com\/index.php?rest_route=%2Fwp%2Fv2%2Fmedia&parent=566733"}],"wp:term":[{"taxonomy":"category","embeddable":true,"href":"https:\/\/diariodominicano.com\/index.php?rest_route=%2Fwp%2Fv2%2Fcategories&post=566733"},{"taxonomy":"post_tag","embeddable":true,"href":"https:\/\/diariodominicano.com\/index.php?rest_route=%2Fwp%2Fv2%2Ftags&post=566733"}],"curies":[{"name":"wp","href":"https:\/\/api.w.org\/{rel}","templated":true}]}}