{"id":56665,"date":"2020-02-06T00:26:21","date_gmt":"2020-02-06T00:26:21","guid":{"rendered":"http:\/\/diariodominicano.ddns.net\/?p=56665"},"modified":"2020-02-06T00:26:21","modified_gmt":"2020-02-06T00:26:21","slug":"trujillo-recibe-los-planos-del-faro-a-colon-2","status":"publish","type":"post","link":"https:\/\/diariodominicano.com\/?p=56665","title":{"rendered":"Trujillo recibe los planos del Faro a Col\u00f3n&#13;"},"content":{"rendered":"<p><body><\/p>\n<p><strong>Diariodominicano.com<\/strong><\/p>\n<p><strong>Trujillo recibe los planos del Faro a Col\u00f3n<\/strong><\/p>\n<p>La obra ser\u00eda ejecutada en la ciudad de Santo Domingo, con el apoyo de los pa\u00edses interamericanos, pero el proyecto no lleg\u00f3 a concretizarse.<\/p>\n<\/p>\n<p><strong>Por HTN<\/strong><\/p>\n<p><strong>Diariodominicano.com<\/strong><\/p>\n<\/p>\n<\/p>\n<p><strong>    SANTO DOMINGO,  el 6 de febrero de 1948<\/strong>, el arquitecto Joseph L. Gleave entreg\u00f3 al Gobierno del dictador Rafael Leonidas Trujillo Molina, los planos estructurales y arquitect\u00f3nicos del Faro a Col\u00f3n.<\/p>\n<\/p>\n<p>    La obra ser\u00eda ejecutada en la ciudad de Santo Domingo, con el apoyo de los pa\u00edses interamericanos, pero el proyecto no lleg\u00f3 a concretizarse.<\/p>\n<\/p>\n<p>     El proyecto fue retomado por el Presidente Joaqu\u00edn Balaguer, cuando asumi\u00f3 el Gobierno en  1986. La obra fue edificada en la zona oriental de la Capital, hoy Santo Domingo Este,  y fue inaugurada en 1992, con ocasi\u00f3n del V Centenario de la llegada de los europeos al Continente Americano. <\/p>\n<\/p>\n<p>El acto fue encabezado por el presidente Joaqu\u00edn Balaguer.<\/p>\n<\/p>\n<\/p>\n<\/p>\n<h6> 2020-02-06 00:26:21 <\/h6>\n<p><!--\n<link rel=\"stylesheet\" href=\"css\/bootstrap.min.css\">\n\n\n<ul class=\"pagination\">\n\t    \n\t\n\n<li >\n\t<a href='?page_no=856'>Previous<\/a>\n\t<\/li>\n\n\n       \n    \n\n<li><a href='?page_no=1'>1<\/a><\/li>\n\n\n\n<li><a href='?page_no=2'>2<\/a><\/li>\n\n\n\n<li><a>...<\/a><\/li>\n\n\n\n<li><a href='?page_no=855'>855<\/a><\/li>\n\n\n\n<li><a href='?page_no=856'>856<\/a><\/li>\n\n\n\n<li class='active'><a>857<\/a><\/li>\n\n\n\n<li><a href='?page_no=858'>858<\/a><\/li>\n\n\n\n<li><a href='?page_no=859'>859<\/a><\/li>\n\n\n\n<li><a>...<\/a><\/li>\n\n\n\n<li><a href='?page_no=22911'>22911<\/a><\/li>\n\n\n\n<li><a href='?page_no=22912'>22912<\/a><\/li>\n\n    \n\t\n\n<li >\n\t<a href='?page_no=858'>Next<\/a>\n\t<\/li>\n\n\n    \n\n<li><a href='?page_no=22912'>Last &rsaquo;&rsaquo;<\/a><\/li>\n\n<\/ul>\n\n\n--><br \/>\n<\/body><\/p>\n","protected":false},"excerpt":{"rendered":"<p>Diariodominicano.com Trujillo recibe los planos del Faro a Col\u00f3n La obra ser\u00eda ejecutada en la ciudad de Santo Domingo, con el apoyo de los pa\u00edses interamericanos, pero el proyecto no lleg\u00f3 a concretizarse. Por HTN Diariodominicano.com SANTO DOMINGO, el 6 de febrero de 1948, el arquitecto Joseph L. Gleave entreg\u00f3 al Gobierno del dictador Rafael [&hellip;]<\/p>\n","protected":false},"author":3,"featured_media":0,"comment_status":"open","ping_status":"open","sticky":false,"template":"","format":"standard","meta":{"footnotes":""},"categories":[21],"tags":[],"class_list":["post-56665","post","type-post","status-publish","format-standard","hentry","category-cultura"],"_links":{"self":[{"href":"https:\/\/diariodominicano.com\/index.php?rest_route=\/wp\/v2\/posts\/56665","targetHints":{"allow":["GET"]}}],"collection":[{"href":"https:\/\/diariodominicano.com\/index.php?rest_route=\/wp\/v2\/posts"}],"about":[{"href":"https:\/\/diariodominicano.com\/index.php?rest_route=\/wp\/v2\/types\/post"}],"author":[{"embeddable":true,"href":"https:\/\/diariodominicano.com\/index.php?rest_route=\/wp\/v2\/users\/3"}],"replies":[{"embeddable":true,"href":"https:\/\/diariodominicano.com\/index.php?rest_route=%2Fwp%2Fv2%2Fcomments&post=56665"}],"version-history":[{"count":0,"href":"https:\/\/diariodominicano.com\/index.php?rest_route=\/wp\/v2\/posts\/56665\/revisions"}],"wp:attachment":[{"href":"https:\/\/diariodominicano.com\/index.php?rest_route=%2Fwp%2Fv2%2Fmedia&parent=56665"}],"wp:term":[{"taxonomy":"category","embeddable":true,"href":"https:\/\/diariodominicano.com\/index.php?rest_route=%2Fwp%2Fv2%2Fcategories&post=56665"},{"taxonomy":"post_tag","embeddable":true,"href":"https:\/\/diariodominicano.com\/index.php?rest_route=%2Fwp%2Fv2%2Ftags&post=56665"}],"curies":[{"name":"wp","href":"https:\/\/api.w.org\/{rel}","templated":true}]}}