{"id":566645,"date":"2024-10-15T21:42:49","date_gmt":"2024-10-16T01:42:49","guid":{"rendered":"https:\/\/diariodominicano.com\/?p=566645"},"modified":"2024-10-15T21:42:56","modified_gmt":"2024-10-16T01:42:56","slug":"abancord-insta-a-revisar-carga-tributaria-sobre-el-ahorro-en-el-proyecto-de-reforma-fiscal","status":"publish","type":"post","link":"https:\/\/diariodominicano.com\/?p=566645","title":{"rendered":"Abancord insta a revisar carga tributaria sobre el ahorro en el proyecto de reforma fiscal"},"content":{"rendered":"\n<p><strong><em>\u201cConfiamos en que, en las vistas p\u00fablicas y el proceso de discusi\u00f3n en el Congreso, se considere la eliminaci\u00f3n de medidas que desalienten el ahorro. Creemos que una reforma fiscal debe enfocarse en fortalecer la inclusi\u00f3n financiera y facilitar el acceso a servicios bancarios para todos los ciudadanos\u201d, sostuvo Cristina De Castro, presidenta de la entidad.<\/em><\/strong><\/p>\n\n\n\n<p><strong>Santo Domingo, Rep\u00fablica Dominicana.<\/strong>&nbsp;\u2013 La Asociaci\u00f3n de Bancos de Ahorro y Cr\u00e9dito y Corporaciones de Cr\u00e9dito (Abancord) manifest\u00f3 hoy su preocupaci\u00f3n sobre la carga tributaria que el proyecto de reforma fiscal, actualmente en discusi\u00f3n, impondr\u00eda a los ahorrantes a trav\u00e9s de los intereses generados por sus dep\u00f3sitos.&nbsp;<\/p>\n\n\n\n<p>La presidenta de Abancord, Cristina De Castro, advirti\u00f3 que un gravamen de este tipo podr\u00eda desincentivar el ahorro, afectando negativamente el crecimiento econ\u00f3mico del pa\u00eds.<\/p>\n\n\n\n<p>\u201cLos ahorros de nuestros ciudadanos representan la base sobre la cual se construyen las inversiones que promueven el desarrollo sostenible. Un impuesto sobre los intereses, que ya pagan un 10%, desestimula esta pr\u00e1ctica esencial para la econom\u00eda dominicana\u201d, afirm\u00f3 De Castro.&nbsp;<\/p>\n\n\n\n<p>La presidenta de Abancord a\u00f1adi\u00f3 que el ahorro es fundamental para fortalecer el sistema financiero y, en \u00faltima instancia, impulsar la inversi\u00f3n y la generaci\u00f3n de empleo en el pa\u00eds.<\/p>\n\n\n\n<p>Abancord reconoci\u00f3 el ambiente de di\u00e1logo que ha sido promovido por el Gobierno y el Congreso, y expres\u00f3 su optimismo respecto a una eventual revisi\u00f3n de los aspectos que podr\u00edan tener un impacto adverso en la econom\u00eda. Plante\u00f3 la necesidad de aprovechar el momento para hacer una reforma integral.<\/p>\n\n\n\n<p>Llam\u00f3 la atenci\u00f3n sobre el potencial impacto de la reforma fiscal propuesta en la calidad de la cartera de cr\u00e9dito del sistema financiero si se eleva el costo de la vida y los clientes tienen dificultades para saldar sus compromisos de pr\u00e9stamos.&nbsp;<\/p>\n\n\n\n<p>\u201cConfiamos en que, en las vistas p\u00fablicas y el proceso de discusi\u00f3n en el Congreso, se considere la eliminaci\u00f3n de medidas que desalienten el ahorro. Creemos que una reforma fiscal debe enfocarse en fortalecer la inclusi\u00f3n financiera y facilitar el acceso a servicios bancarios para todos los ciudadanos\u201d, sostuvo De Castro.<\/p>\n\n\n\n<p>La Asociaci\u00f3n reiter\u00f3 su disposici\u00f3n de colaborar en este proceso, aportando argumentos t\u00e9cnicos, sustentados en el conocimiento del sector financiero, sobre todo para la protecci\u00f3n de los ahorros y bolsillos de los clientes de la base de la pir\u00e1mide que conforman las carteras de nuestras entidades dirigidas al microcr\u00e9dito, para evitar una vuelta a la econom\u00eda informal, luego del gran esfuerzo desplegado por nuestras entidades&nbsp; para su inclusi\u00f3n financiera.<\/p>\n\n\n\n<p>&nbsp;\u201cEsperamos que la reforma fiscal sea un instrumento para incentivar el ahorro, no para penalizarlo, y que as\u00ed se garantice un ambiente de estabilidad y prosperidad para los dominicanos\u201d, concluy\u00f3.<\/p>\n\n\n\n<figure class=\"wp-block-image\"><img decoding=\"async\" src=\"https:\/\/ci3.googleusercontent.com\/mail-sig\/AIorK4zw4OoBaHAvKhYVqccr7MUR6tY7QQK1r96d5SGXkAD8Yk2rCXXeaMBy52jQOoeg6SyNgVf28-w\" alt=\"\"\/><\/figure>\n","protected":false},"excerpt":{"rendered":"<p>\u201cConfiamos en que, en las vistas p\u00fablicas y el proceso de discusi\u00f3n en el Congreso, se considere la eliminaci\u00f3n de medidas que desalienten el ahorro. Creemos que una reforma fiscal debe enfocarse en fortalecer la inclusi\u00f3n financiera y facilitar el acceso a servicios bancarios para todos los ciudadanos\u201d, sostuvo Cristina De Castro, presidenta de la [&hellip;]<\/p>\n","protected":false},"author":7,"featured_media":566654,"comment_status":"closed","ping_status":"closed","sticky":true,"template":"","format":"standard","meta":{"footnotes":""},"categories":[18,27],"tags":[475],"class_list":["post-566645","post","type-post","status-publish","format-standard","has-post-thumbnail","hentry","category-economia","category-portada","tag-abancord"],"_links":{"self":[{"href":"https:\/\/diariodominicano.com\/index.php?rest_route=\/wp\/v2\/posts\/566645","targetHints":{"allow":["GET"]}}],"collection":[{"href":"https:\/\/diariodominicano.com\/index.php?rest_route=\/wp\/v2\/posts"}],"about":[{"href":"https:\/\/diariodominicano.com\/index.php?rest_route=\/wp\/v2\/types\/post"}],"author":[{"embeddable":true,"href":"https:\/\/diariodominicano.com\/index.php?rest_route=\/wp\/v2\/users\/7"}],"replies":[{"embeddable":true,"href":"https:\/\/diariodominicano.com\/index.php?rest_route=%2Fwp%2Fv2%2Fcomments&post=566645"}],"version-history":[{"count":1,"href":"https:\/\/diariodominicano.com\/index.php?rest_route=\/wp\/v2\/posts\/566645\/revisions"}],"predecessor-version":[{"id":566655,"href":"https:\/\/diariodominicano.com\/index.php?rest_route=\/wp\/v2\/posts\/566645\/revisions\/566655"}],"wp:featuredmedia":[{"embeddable":true,"href":"https:\/\/diariodominicano.com\/index.php?rest_route=\/wp\/v2\/media\/566654"}],"wp:attachment":[{"href":"https:\/\/diariodominicano.com\/index.php?rest_route=%2Fwp%2Fv2%2Fmedia&parent=566645"}],"wp:term":[{"taxonomy":"category","embeddable":true,"href":"https:\/\/diariodominicano.com\/index.php?rest_route=%2Fwp%2Fv2%2Fcategories&post=566645"},{"taxonomy":"post_tag","embeddable":true,"href":"https:\/\/diariodominicano.com\/index.php?rest_route=%2Fwp%2Fv2%2Ftags&post=566645"}],"curies":[{"name":"wp","href":"https:\/\/api.w.org\/{rel}","templated":true}]}}