{"id":566643,"date":"2024-10-15T21:30:59","date_gmt":"2024-10-16T01:30:59","guid":{"rendered":"https:\/\/diariodominicano.com\/?p=566643"},"modified":"2024-10-15T21:31:01","modified_gmt":"2024-10-16T01:31:01","slug":"fundacion-francina-y-caf-realizaran-congreso-internacional-sobre-choques-climaticos","status":"publish","type":"post","link":"https:\/\/diariodominicano.com\/?p=566643","title":{"rendered":"Fundaci\u00f3n Francina y CAF Realizar\u00e1n Congreso Internacional Sobre Choques Clim\u00e1ticos"},"content":{"rendered":"\n<p>El evento cierra la campa\u00f1a Bast\u00f3n Blanco 2024, reuniendo m\u00e1s de 12 figuras locales e internacionales en torno al desarrollo de las ciudades <\/p>\n\n\n\n<p>Santo Domingo. La Fundaci\u00f3n Francina llevar\u00e1 a cabo el IV Congreso Internacional de Accesibilidad Urbana, el pr\u00f3ximo 17 de octubre en el Hotel Embassy Suites By Hilton, Santo Domingo. El evento, que marca el cierre de la campa\u00f1a Bast\u00f3n Blanco 2024, abordar\u00e1 el tema \u201cImpacto de los choques clim\u00e1ticos en la resiliencia de las ciudades\u201d.<\/p>\n\n\n\n<p>A lo largo del evento, los participantes discutir\u00e1n c\u00f3mo los fen\u00f3menos clim\u00e1ticos afectan de manera desproporcionada a las poblaciones m\u00e1s vulnerables, incluyendo personas con discapacidad y mujeres, y se presentar\u00e1n propuestas para integrar a estas comunidades en las pol\u00edticas p\u00fablicas de desarrollo urbano.<\/p>\n\n\n\n<figure class=\"wp-block-image\"><img decoding=\"async\" src=\"https:\/\/diariodominicano.com\/wp-content\/uploads\/2024\/10\/Conferenciastas-1024x1024.png\" alt=\"\"\/><\/figure>\n\n\n\n<p>\u00abEste congreso es una oportunidad para generar un di\u00e1logo profundo sobre c\u00f3mo nuestras ciudades pueden ser m\u00e1s accesibles y resilientes frente a los fen\u00f3menos clim\u00e1ticos\u00bb, indic\u00f3 Francina Hungr\u00eda, al referirse a la importancia de unir esfuerzos multisectoriales para abordar este tema. \u00abLa accesibilidad no es solo un tema de infraestructura; es un tema de derechos que afecta a toda la ciudadan\u00eda\u00bb.<\/p>\n\n\n\n<figure class=\"wp-block-image\"><img decoding=\"async\" src=\"https:\/\/diariodominicano.com\/wp-content\/uploads\/2024\/10\/INVITACON-CONGRESO-ACCESIBILIDAD-URBANA-BASTON-BLANCO-1024x1024.jpg\" alt=\"\"\/><\/figure>\n\n\n\n<p>Por su parte, Daniel Cabrales, Representante de CAF -banco de desarrollo de Am\u00e9rica Latina y el Caribe- en Rep\u00fablica Dominicana, destac\u00f3 la relevancia de la participaci\u00f3n del Banco como coorganizador del evento. \u00abEn la regi\u00f3n tenemos grandes desaf\u00edos en cuanto a g\u00e9nero e inclusi\u00f3n, y colaborar con la Fundaci\u00f3n Francina en esta iniciativa nos permite fortalecer nuestro compromiso con el desarrollo sostenible y la accesibilidad en las ciudades\u00bb, afirm\u00f3.<\/p>\n\n\n\n<p>Uno de los paneles principales, titulado \u201cResiliencia ante el cambio clim\u00e1tico: una mirada desde la competitividad, la protecci\u00f3n social y los compromisos globales\u201d, contar\u00e1 con la participaci\u00f3n de Juana Barcel\u00f3, presidenta de Barrick Pueblo Viejo; Gabriela Alvarado, directora del Programa Mundial de Alimentos; I\u00f1aki Regueiro, ejecutivo principal de la Coordinaci\u00f3n de Inclusi\u00f3n de Personas con Discapacidad de CAF; y Max Puig, vicepresidente ejecutivo del Consejo Nacional para el Cambio Clim\u00e1tico y Mecanismo de Desarrollo Limpio. Este panel ofrecer\u00e1 una visi\u00f3n integral sobre c\u00f3mo el sector privado y las instituciones p\u00fablicas pueden contribuir a la resiliencia de las ciudades ante el cambio clim\u00e1tico. El mismo estar\u00e1 moderado por Eduardo Valc\u00e1rcel, Socio director de Newlink Group.<\/p>\n\n\n\n<p>El congreso tambi\u00e9n incluir\u00e1 la conferencia magistral \u201cMecanismos de garant\u00eda de derechos ante los riesgos clim\u00e1ticos de las ciudades\u201d, a cargo del Profesor S\u00e9bastien Jodoin, catedr\u00e1tico de la Universidad McGill de Canad\u00e1, quien abordar\u00e1 estrategias para integrar a las poblaciones vulnerables en las pol\u00edticas de acci\u00f3n clim\u00e1tica. Jodoin tambi\u00e9n presentar\u00e1 los resultados de un estudio que ha estado realizando, en el marco de este evento, respecto a las respuestas de los pa\u00edses del Caribe ante situaciones de emergencia, compromisos internacionales y grupos poblacionales en condici\u00f3n de vulnerabilidad.<\/p>\n\n\n\n<p>Asimismo, se desarrollar\u00e1 un panel sobre la \u201cParticipaci\u00f3n igualitaria de la mujer en contextos de retos clim\u00e1ticos\u201d, con la participaci\u00f3n de Ana Mar\u00eda Baiardi Quesnel, gerente de G\u00e9nero, Inclusi\u00f3n y Diversidad de CAF; Ana Mar\u00eda D\u00edaz, representante residente del PNUD en Rep\u00fablica Dominicana; Jacqueline DeLima Baril, embajadora de Canad\u00e1 en el pa\u00eds; Gloria Reyes, directora del programa Sup\u00e9rate; y Elizabeth Mateo &#8211; secretaria general del Ayuntamiento del Distrito Nacional.<\/p>\n\n\n\n<p>El congreso cuenta con la colaboraci\u00f3n de aliados como Asociaci\u00f3n Popular de Ahorros y Pr\u00e9stamos (APAP), Embassy Suites by Hilton Santo Domingo, Banreservas, Voluntariado Banreservas, Senasa, Banco BHD, Induveca, Inabie, Superintendencia de Bancos, Fundaci\u00f3n Popular, Fondos Canada, Grupo Ramos, Inespre, Idoppril, Ministerio de la Juventud, ProDominicana, Central Romana, BON, Brugal, CDN, El Caribe, Fundaci\u00f3n Eugenio Mar\u00eda de Hostos, JCDecaux, Diario Libre, Newlink, Nuevo Diario, Arajet, Puros de Hostos y Reptcom.<\/p>\n\n\n\n<p>Maireni P\u00e9rez &lt;mairenicperez@gmail.com&gt;<\/p>\n","protected":false},"excerpt":{"rendered":"<p>El evento cierra la campa\u00f1a Bast\u00f3n Blanco 2024, reuniendo m\u00e1s de 12 figuras locales e internacionales en torno al desarrollo de las ciudades Santo Domingo. La Fundaci\u00f3n Francina llevar\u00e1 a cabo el IV Congreso Internacional de Accesibilidad Urbana, el pr\u00f3ximo 17 de octubre en el Hotel Embassy Suites By Hilton, Santo Domingo. El evento, que [&hellip;]<\/p>\n","protected":false},"author":7,"featured_media":566649,"comment_status":"closed","ping_status":"closed","sticky":false,"template":"","format":"standard","meta":{"footnotes":""},"categories":[36],"tags":[474,473],"class_list":["post-566643","post","type-post","status-publish","format-standard","has-post-thumbnail","hentry","category-hombresmujeresycosas","tag-caf","tag-fundacion-francina"],"_links":{"self":[{"href":"https:\/\/diariodominicano.com\/index.php?rest_route=\/wp\/v2\/posts\/566643","targetHints":{"allow":["GET"]}}],"collection":[{"href":"https:\/\/diariodominicano.com\/index.php?rest_route=\/wp\/v2\/posts"}],"about":[{"href":"https:\/\/diariodominicano.com\/index.php?rest_route=\/wp\/v2\/types\/post"}],"author":[{"embeddable":true,"href":"https:\/\/diariodominicano.com\/index.php?rest_route=\/wp\/v2\/users\/7"}],"replies":[{"embeddable":true,"href":"https:\/\/diariodominicano.com\/index.php?rest_route=%2Fwp%2Fv2%2Fcomments&post=566643"}],"version-history":[{"count":1,"href":"https:\/\/diariodominicano.com\/index.php?rest_route=\/wp\/v2\/posts\/566643\/revisions"}],"predecessor-version":[{"id":566652,"href":"https:\/\/diariodominicano.com\/index.php?rest_route=\/wp\/v2\/posts\/566643\/revisions\/566652"}],"wp:featuredmedia":[{"embeddable":true,"href":"https:\/\/diariodominicano.com\/index.php?rest_route=\/wp\/v2\/media\/566649"}],"wp:attachment":[{"href":"https:\/\/diariodominicano.com\/index.php?rest_route=%2Fwp%2Fv2%2Fmedia&parent=566643"}],"wp:term":[{"taxonomy":"category","embeddable":true,"href":"https:\/\/diariodominicano.com\/index.php?rest_route=%2Fwp%2Fv2%2Fcategories&post=566643"},{"taxonomy":"post_tag","embeddable":true,"href":"https:\/\/diariodominicano.com\/index.php?rest_route=%2Fwp%2Fv2%2Ftags&post=566643"}],"curies":[{"name":"wp","href":"https:\/\/api.w.org\/{rel}","templated":true}]}}