{"id":566617,"date":"2024-10-15T18:59:15","date_gmt":"2024-10-15T22:59:15","guid":{"rendered":"https:\/\/diariodominicano.com\/?p=566617"},"modified":"2024-10-15T19:04:22","modified_gmt":"2024-10-15T23:04:22","slug":"alex-ponce-el-fenomeno-musical-de-ecuador-que-llego-a-traves-de-tiktok","status":"publish","type":"post","link":"https:\/\/diariodominicano.com\/?p=566617","title":{"rendered":"Alex Ponce, el fen\u00f3meno musical de Ecuador que lleg\u00f3 a trav\u00e9s de TikTok"},"content":{"rendered":"\n<p>Hoy colabora con Juanes, Lasso o Camilo.<\/p>\n\n\n\n<p>Alex Ponce recibi\u00f3 varios \u201cno\u201d en 2020, mientras la pandemia trastocaba la vida de millones de personas y obligaba a convertirse (a\u00fan m\u00e1s) en digital. En su natal Cuenca (Ecuador) no hab\u00eda estudios para grabar, otro obst\u00e1culo m\u00e1s para su incipiente carrera. Pero la luz rompi\u00f3 el muro y el talento se impuso a las dificultades hasta convertir a Alex Ponce en el mayor fen\u00f3meno musical de Ecuador.<\/p>\n\n\n\n<p>\u201cMi manager Woody envi\u00f3 mi material a varias personas, porque ve\u00eda el potencial, pero las respuestas fueron negativas. Me tuvo que comprar en Chicago micr\u00f3fonos e instrumentos para montar un estudio. As\u00ed empezamos\u201d, cuenta Alex.<\/p>\n\n\n\n<p>Gan\u00f3 un concurso al video con m\u00e1s likes y comentarios. Su debut en redes se sald\u00f3 con aproximadamente 20 mil comentarios<\/p>\n\n\n\n<p>\u201cMientras los productores terminaban la m\u00fasica, se me ocurri\u00f3 subir la m\u00fasica a TikTok en 2021. Como estudi\u00e9 Marketing, sab\u00eda c\u00f3mo manejar las estad\u00edsticas. Gan\u00e9 100 mil followers inmediatamente\u201d, a\u00f1ade el artista.<\/p>\n\n\n\n<p>Luego lleg\u00f3 el mill\u00f3n de streams en un mes y el salto a la radio en Ecuador por la puerta grande, con el tercer hit m\u00e1s escuchado.<\/p>\n\n\n\n<p>Tras presentar la canci\u00f3n \u201cPlan\u201d, Le\u00f3n Leiden los invita a cantar juntos. Desde ese momento prueban en M\u00e9xico, y result\u00f3 que las personas se sab\u00edan la canci\u00f3n y funcionaba perfectamente.<\/p>\n\n\n\n<p>Alex Ponce acaba de hacer tour en M\u00e9xico y Ecuador. Lasso escuch\u00f3 \u201cVe y diles\u201d, una de las canciones virales de TikTok, y empezaron a hablar. Una semana despu\u00e9s, ya estaba listo el remix. La lista de colaboraciones con otras estrellas empez\u00f3 a crecer. En Ecuador, abrir\u00e1 los shows de Juanes, y antes hizo lo mismo en dos conciertos de Camilo.<\/p>\n\n\n\n<p>Es el primer artista ecuatoriano que entra en los Billboard Charts, en el puesto 17, junto a Karol G. y Feid. Tambi\u00e9n lleg\u00f3 a los charts virales de Spotify. Su \u00e1lbum debut, \u201cSer Humano\u201d, ya sobrepasa los 140 millones de streams, y su n\u00famero total de seguidores en redes alcanza los cuatro millones y medio. El nuevo \u00e1lbum, pr\u00f3ximo a salir, se divide en tres partes: Ruido, Silencio y El ruido, el silencio y yo.<\/p>\n\n\n\n<p>La historia personal de Alex Ponce no es el resultado de un golpe de suerte en redes sociales, sino de la pasi\u00f3n y el esfuerzo desde los 14 a\u00f1os, cuando empez\u00f3 a incursionar en la m\u00fasica. Aficionado a la guitarra, el ukelele, y el bajo, era un adolescente muy t\u00edmido y disciplinado. Hoy se desenvuelve con total soltura como el artista ecuatoriano m\u00e1s famoso de las Am\u00e9ricas.<\/p>\n\n\n\n<figure class=\"wp-block-embed\"><div class=\"wp-block-embed__wrapper\">\nhttps:\/\/www.instagram.com\/alexponcemusica\n<\/div><\/figure>\n\n\n\n<figure class=\"wp-block-embed is-type-rich is-provider-tiktok wp-block-embed-tiktok\"><div class=\"wp-block-embed__wrapper\">\n<blockquote class=\"tiktok-embed\" cite=\"https:\/\/www.tiktok.com\/@alexponcemusica\" data-unique-id=\"alexponcemusica\" data-embed-from=\"oembed\" data-embed-type=\"creator\" style=\"max-width:780px; min-width:288px;\"> <section> <a target=\"_blank\" href=\"https:\/\/www.tiktok.com\/@alexponcemusica?refer=creator_embed\">@alexponcemusica<\/a> <\/section> <\/blockquote> <script async src=\"https:\/\/www.tiktok.com\/embed.js\"><\/script>\n<\/div><\/figure>\n\n\n\n<p>EB Public Relations esther@ebmanagement.io<\/p>\n","protected":false},"excerpt":{"rendered":"<p>Hoy colabora con Juanes, Lasso o Camilo. Alex Ponce recibi\u00f3 varios \u201cno\u201d en 2020, mientras la pandemia trastocaba la vida de millones de personas y obligaba a convertirse (a\u00fan m\u00e1s) en digital. En su natal Cuenca (Ecuador) no hab\u00eda estudios para grabar, otro obst\u00e1culo m\u00e1s para su incipiente carrera. Pero la luz rompi\u00f3 el muro [&hellip;]<\/p>\n","protected":false},"author":7,"featured_media":566623,"comment_status":"closed","ping_status":"closed","sticky":false,"template":"","format":"standard","meta":{"footnotes":""},"categories":[25],"tags":[],"class_list":["post-566617","post","type-post","status-publish","format-standard","has-post-thumbnail","hentry","category-gente"],"_links":{"self":[{"href":"https:\/\/diariodominicano.com\/index.php?rest_route=\/wp\/v2\/posts\/566617","targetHints":{"allow":["GET"]}}],"collection":[{"href":"https:\/\/diariodominicano.com\/index.php?rest_route=\/wp\/v2\/posts"}],"about":[{"href":"https:\/\/diariodominicano.com\/index.php?rest_route=\/wp\/v2\/types\/post"}],"author":[{"embeddable":true,"href":"https:\/\/diariodominicano.com\/index.php?rest_route=\/wp\/v2\/users\/7"}],"replies":[{"embeddable":true,"href":"https:\/\/diariodominicano.com\/index.php?rest_route=%2Fwp%2Fv2%2Fcomments&post=566617"}],"version-history":[{"count":1,"href":"https:\/\/diariodominicano.com\/index.php?rest_route=\/wp\/v2\/posts\/566617\/revisions"}],"predecessor-version":[{"id":566624,"href":"https:\/\/diariodominicano.com\/index.php?rest_route=\/wp\/v2\/posts\/566617\/revisions\/566624"}],"wp:featuredmedia":[{"embeddable":true,"href":"https:\/\/diariodominicano.com\/index.php?rest_route=\/wp\/v2\/media\/566623"}],"wp:attachment":[{"href":"https:\/\/diariodominicano.com\/index.php?rest_route=%2Fwp%2Fv2%2Fmedia&parent=566617"}],"wp:term":[{"taxonomy":"category","embeddable":true,"href":"https:\/\/diariodominicano.com\/index.php?rest_route=%2Fwp%2Fv2%2Fcategories&post=566617"},{"taxonomy":"post_tag","embeddable":true,"href":"https:\/\/diariodominicano.com\/index.php?rest_route=%2Fwp%2Fv2%2Ftags&post=566617"}],"curies":[{"name":"wp","href":"https:\/\/api.w.org\/{rel}","templated":true}]}}