{"id":566601,"date":"2024-10-15T10:29:55","date_gmt":"2024-10-15T14:29:55","guid":{"rendered":"https:\/\/diariodominicano.com\/?p=566601"},"modified":"2024-10-15T10:30:03","modified_gmt":"2024-10-15T14:30:03","slug":"alrededor-de-100-facultades-tomadas-por-profesores-y-estudiantes-en-protesta-tras-veto-de-milei-en-argentina","status":"publish","type":"post","link":"https:\/\/diariodominicano.com\/?p=566601","title":{"rendered":"Alrededor de 100 facultades tomadas por profesores y estudiantes en protesta,  tras veto de Milei en Argentina"},"content":{"rendered":"\n<p>diariodominicano.com<\/p>\n\n\n\n<p>Buenos Aires, 15 oct (Prensa Latina) Alrededor de un centenar de facultades y rectorados de universidades p\u00fablicas argentinas permanecen hoy tomados por sus estudiantes y profesores, en protesta contra el veto presidencial a una ley de financiamiento educativo, inform\u00f3 el diario P\u00e1gina 12.<\/p>\n\n\n\n<p>El 3 de este mes, un d\u00eda despu\u00e9s de una multitudinaria marcha en defensa de la ense\u00f1anza, el mandatario Javier Milei bloque\u00f3 la normativa y su recurso fue respaldado por la C\u00e1mara de Diputados el 9, lo cual provoc\u00f3 fuertes cr\u00edticas y el rechazo de organizaciones de alumnos, sindicales y sociales.<\/p>\n\n\n\n<p>En varias provincias de este pa\u00eds tienen lugar clases p\u00fablicas y marchas de las antorchas desde hace varios d\u00edas y se alistan los detalles de un paro previsto para el jueves.<\/p>\n\n\n\n<p>Entre los centros donde se realizan las protestas se encuentran la Universidad de Buenos Aires (UBA); de La Plata, C\u00f3rdoba, San Luis, Tucum\u00e1n, Mar del Plata, Comahue, Salta, San Juan, Luj\u00e1n, General Sarmiento, Avellaneda y Jos\u00e9 C. Paz, entre otras.<\/p>\n\n\n\n<p>P\u00e1gina 12 y otros medios de prensa como el canal de televisi\u00f3n C5N destacaron que en la UBA fueron tomadas las facultades de Ciencias Exactas, Medicina, Arquitectura, Dise\u00f1o y Urbanismo, Ingenier\u00eda, Ciencias Sociales, Psicolog\u00eda, Filosof\u00eda y Letras (FyL-UBA) y Derecho.<\/p>\n\n\n\n<p>En el caso de esa \u00faltima, el hecho fue calificado de hist\u00f3rico.<\/p>\n\n\n\n<p>Por otra parte, estudiantes de Quilmes denunciaron que militantes de La Libertad Avanza irrumpieron en una asamblea y les lanzaron gas lacrim\u00f3geno.<\/p>\n\n\n\n<p>En declaraciones a la radio local, el secretario general del Centro de Estudiantes de FyL-UBA, Luca Bonfante, asegur\u00f3 que las manifestaciones continuar\u00e1n durante los pr\u00f3ximos d\u00edas.<\/p>\n\n\n\n<p>Habr\u00e1 acciones el mi\u00e9rcoles y el jueves. El movimiento estudiantil a nivel nacional se puso de pie porque no tenemos m\u00e1s alternativas. Las tomas son con clases p\u00fablicas y son decididas por mayor\u00eda o unanimidad. Es la \u00fanica manera de visibilizar nuestro reclamo porque la situaci\u00f3n salarial de los docentes es insostenible, se\u00f1al\u00f3.<\/p>\n\n\n\n<p>mem\/gas<\/p>\n","protected":false},"excerpt":{"rendered":"<p>diariodominicano.com Buenos Aires, 15 oct (Prensa Latina) Alrededor de un centenar de facultades y rectorados de universidades p\u00fablicas argentinas permanecen hoy tomados por sus estudiantes y profesores, en protesta contra el veto presidencial a una ley de financiamiento educativo, inform\u00f3 el diario P\u00e1gina 12. El 3 de este mes, un d\u00eda despu\u00e9s de una multitudinaria [&hellip;]<\/p>\n","protected":false},"author":5,"featured_media":566602,"comment_status":"closed","ping_status":"closed","sticky":true,"template":"","format":"standard","meta":{"footnotes":""},"categories":[23,27],"tags":[],"class_list":["post-566601","post","type-post","status-publish","format-standard","has-post-thumbnail","hentry","category-internacional","category-portada"],"_links":{"self":[{"href":"https:\/\/diariodominicano.com\/index.php?rest_route=\/wp\/v2\/posts\/566601","targetHints":{"allow":["GET"]}}],"collection":[{"href":"https:\/\/diariodominicano.com\/index.php?rest_route=\/wp\/v2\/posts"}],"about":[{"href":"https:\/\/diariodominicano.com\/index.php?rest_route=\/wp\/v2\/types\/post"}],"author":[{"embeddable":true,"href":"https:\/\/diariodominicano.com\/index.php?rest_route=\/wp\/v2\/users\/5"}],"replies":[{"embeddable":true,"href":"https:\/\/diariodominicano.com\/index.php?rest_route=%2Fwp%2Fv2%2Fcomments&post=566601"}],"version-history":[{"count":1,"href":"https:\/\/diariodominicano.com\/index.php?rest_route=\/wp\/v2\/posts\/566601\/revisions"}],"predecessor-version":[{"id":566603,"href":"https:\/\/diariodominicano.com\/index.php?rest_route=\/wp\/v2\/posts\/566601\/revisions\/566603"}],"wp:featuredmedia":[{"embeddable":true,"href":"https:\/\/diariodominicano.com\/index.php?rest_route=\/wp\/v2\/media\/566602"}],"wp:attachment":[{"href":"https:\/\/diariodominicano.com\/index.php?rest_route=%2Fwp%2Fv2%2Fmedia&parent=566601"}],"wp:term":[{"taxonomy":"category","embeddable":true,"href":"https:\/\/diariodominicano.com\/index.php?rest_route=%2Fwp%2Fv2%2Fcategories&post=566601"},{"taxonomy":"post_tag","embeddable":true,"href":"https:\/\/diariodominicano.com\/index.php?rest_route=%2Fwp%2Fv2%2Ftags&post=566601"}],"curies":[{"name":"wp","href":"https:\/\/api.w.org\/{rel}","templated":true}]}}