{"id":56654,"date":"2020-02-06T00:40:22","date_gmt":"2020-02-06T00:40:22","guid":{"rendered":"http:\/\/diariodominicano.ddns.net\/?p=56654"},"modified":"2020-02-06T00:40:22","modified_gmt":"2020-02-06T00:40:22","slug":"camara-representantes-ee-uu-reconoce-consul-rd-ny-por-su-labor-en-favor-comunidad","status":"publish","type":"post","link":"https:\/\/diariodominicano.com\/?p=56654","title":{"rendered":"C\u00e1mara Representantes EE.UU. reconoce c\u00f3nsul RD-NY por su labor en favor comunidad"},"content":{"rendered":"<p><body><\/p>\n<p><img decoding=\"async\" src=\"img3\/camara00.jpg.jpg\" \/>  <\/p>\n<p><strong>C\u00e1mara Representantes EE.UU. reconoce c\u00f3nsul RD-NY por su labor en favor comunidad<\/strong><\/p>\n<p><strong> <\/strong><\/p>\n<p><strong>Por Ram\u00f3n Mercedes<\/strong><\/p>\n<p><strong> <\/strong><\/p>\n<p><strong>NUEVA YORK.- <\/strong>La C\u00e1mara de Representantes de los Estados Unidos reconoci\u00f3 en Washington DC al c\u00f3nsul general dominicano en esta ciudad, Carlos Castillo, por su excelente labor a favor de la comunidad quisqueyana bajo su jurisdicci\u00f3n, Nueva York, Nueva Jersey, Connecticut y Pensilvania, donde hay m\u00e1s de un mill\u00f3n de connacionales.<\/p>\n<\/p>\n<\/p>\n<p>El congresista por Nueva York, Adriano Espaillat, al conmemorarse el mes de la Herencia Dominicana, entreg\u00f3 dicho reconocimiento a Castillo este mi\u00e9rcoles en el Woolly Mammoth Theater, expresando, \u00abhe tenido problemas cuando hablo de \u00e9l de que ha sido el mejor c\u00f3nsul dominicano que ha pasado por NY\u00bb.<\/p>\n<\/p>\n<\/p>\n<p>\u00abY nosotros, porque la envidia no mata pero mortifica, los otros se ponen celosos, pero es la verdad, y lo digo porque siento que es as\u00ed, y \u00e9l lleg\u00f3 al consulado y uniform\u00f3 el personal, diciendo los que no trabajan para fuera, los que trabajan adentro, con su horario\u00bb, especific\u00f3 el congresista.<\/p>\n<\/p>\n<\/p>\n<p>\u00abHa hecho un buen trabajo con la comunidad, visita los presos dominicanos en las c\u00e1rceles, le da reconocimiento a miles de estudiantes de origen dominicano, sigue haciendo un excelente trabajo como lo dije ante y lo digo ahora\u00bb, precis\u00f3 Espaillat.<\/p>\n<\/p>\n<\/p>\n<p>Manifest\u00f3, ante notables personalidades quisqueyanas que asistieron al Congreso, \u00abque se unan a \u00e9l porque quiere darle la bienvenida a quien ha sido el mejor c\u00f3nsul dominicano en NY en toda su historia\u00bb.<\/p>\n<\/p>\n<\/p>\n<p>Por su parte, el c\u00f3nsul al principio se dirigi\u00f3 a los presentes en ingl\u00e9s y luego en espa\u00f1ol diciendo \u00abAdriano, estoy aqu\u00ed y me siento muy orgulloso de estar al lado tuyo.<\/p>\n<\/p>\n<\/p>\n<p>\u00abT\u00fa has hecho historia para la comunidad dominicana, por ser nuestro primer y \u00fanico congresista. Tus concejos me han servidos  para manejarme con nuestra comunidad, nuestra comunidad en NY que pas\u00f3 de ser la primera minor\u00eda  a la segunda mayor\u00eda\u00bb, precis\u00f3 Castillo.<\/p>\n<\/p>\n<\/p>\n<p>\u00abVer los oficiales electos con el esfuerzo que hiciste el a\u00f1o pasado de unir a todos los oficiales electos de or\u00edgenes y descendencias dominicanas, con un gran foro de trabajo que se sentir\u00e1 a nivel familiar y tener a un Fausto Pichardo como jefe de Patrulleros de la Polic\u00eda de NY\u00bb, a\u00f1adi\u00f3.<\/p>\n<\/p>\n<\/p>\n<p>\u00abAsimismo, al juez Rolando Acosta, me pone demasiado emocionado porque  digo y acierto con estos \u00faltimos tres a\u00f1os de experiencia en NY, qu\u00e9 grande es la comunidad dominicana en el exterior\u00bb, puntualiz\u00f3 el c\u00f3nsul.<\/p>\n<\/p>\n<\/p>\n<p>Otros dominicanos que fueron reconocidos por sus trabajos a favor de los dominicanos fueron el prominente m\u00e9dico Rafael Lantigua, vice decano de la escuela de medicina de la universidad de Columbia y quien dirige los programas cl\u00ednicos y de investigaci\u00f3n en el Norte de Manhattan (Harlem, Washington Heights, Inwood y partes de El Bronx) y el concejal por Boston, Julia Mej\u00eda.<\/p>\n<\/p>\n<\/p>\n<p>Asimismo a Luis Guzm\u00e1n, jefe de la Polic\u00eda de la ciudad de Passaic-Nueva Jersey, con m\u00e1s de 70 mil habitantes.<\/p>\n<\/p>\n<h6> 2020-02-06 00:40:22 <\/h6>\n<p><!--\n<link rel=\"stylesheet\" href=\"css\/bootstrap.min.css\">\n\n\n<ul class=\"pagination\">\n\t    \n\t\n\n<li >\n\t<a href='?page_no=855'>Previous<\/a>\n\t<\/li>\n\n\n       \n    \n\n<li><a href='?page_no=1'>1<\/a><\/li>\n\n\n\n<li><a href='?page_no=2'>2<\/a><\/li>\n\n\n\n<li><a>...<\/a><\/li>\n\n\n\n<li><a href='?page_no=854'>854<\/a><\/li>\n\n\n\n<li><a href='?page_no=855'>855<\/a><\/li>\n\n\n\n<li class='active'><a>856<\/a><\/li>\n\n\n\n<li><a href='?page_no=857'>857<\/a><\/li>\n\n\n\n<li><a href='?page_no=858'>858<\/a><\/li>\n\n\n\n<li><a>...<\/a><\/li>\n\n\n\n<li><a href='?page_no=22911'>22911<\/a><\/li>\n\n\n\n<li><a href='?page_no=22912'>22912<\/a><\/li>\n\n    \n\t\n\n<li >\n\t<a href='?page_no=857'>Next<\/a>\n\t<\/li>\n\n\n    \n\n<li><a href='?page_no=22912'>Last &rsaquo;&rsaquo;<\/a><\/li>\n\n<\/ul>\n\n\n--><br \/>\n<\/body><\/p>\n","protected":false},"excerpt":{"rendered":"<p>C\u00e1mara Representantes EE.UU. reconoce c\u00f3nsul RD-NY por su labor en favor comunidad Por Ram\u00f3n Mercedes NUEVA YORK.- La C\u00e1mara de Representantes de los Estados Unidos reconoci\u00f3 en Washington DC al c\u00f3nsul general dominicano en esta ciudad, Carlos Castillo, por su excelente labor a favor de la comunidad quisqueyana bajo su jurisdicci\u00f3n, Nueva York, Nueva Jersey, [&hellip;]<\/p>\n","protected":false},"author":3,"featured_media":0,"comment_status":"open","ping_status":"open","sticky":false,"template":"","format":"standard","meta":{"footnotes":""},"categories":[21],"tags":[],"class_list":["post-56654","post","type-post","status-publish","format-standard","hentry","category-cultura"],"_links":{"self":[{"href":"https:\/\/diariodominicano.com\/index.php?rest_route=\/wp\/v2\/posts\/56654","targetHints":{"allow":["GET"]}}],"collection":[{"href":"https:\/\/diariodominicano.com\/index.php?rest_route=\/wp\/v2\/posts"}],"about":[{"href":"https:\/\/diariodominicano.com\/index.php?rest_route=\/wp\/v2\/types\/post"}],"author":[{"embeddable":true,"href":"https:\/\/diariodominicano.com\/index.php?rest_route=\/wp\/v2\/users\/3"}],"replies":[{"embeddable":true,"href":"https:\/\/diariodominicano.com\/index.php?rest_route=%2Fwp%2Fv2%2Fcomments&post=56654"}],"version-history":[{"count":0,"href":"https:\/\/diariodominicano.com\/index.php?rest_route=\/wp\/v2\/posts\/56654\/revisions"}],"wp:attachment":[{"href":"https:\/\/diariodominicano.com\/index.php?rest_route=%2Fwp%2Fv2%2Fmedia&parent=56654"}],"wp:term":[{"taxonomy":"category","embeddable":true,"href":"https:\/\/diariodominicano.com\/index.php?rest_route=%2Fwp%2Fv2%2Fcategories&post=56654"},{"taxonomy":"post_tag","embeddable":true,"href":"https:\/\/diariodominicano.com\/index.php?rest_route=%2Fwp%2Fv2%2Ftags&post=56654"}],"curies":[{"name":"wp","href":"https:\/\/api.w.org\/{rel}","templated":true}]}}