{"id":566492,"date":"2024-10-14T23:17:42","date_gmt":"2024-10-15T03:17:42","guid":{"rendered":"https:\/\/diariodominicano.com\/?p=566492"},"modified":"2024-10-14T23:19:20","modified_gmt":"2024-10-15T03:19:20","slug":"embajada-de-rd-en-espana-realizara-homenaje-postumo-en-honor-a-la-vida-de-bernarda-jimenez-clemente","status":"publish","type":"post","link":"https:\/\/diariodominicano.com\/?p=566492","title":{"rendered":"Embajada de RD en Espa\u00f1a realizar\u00e1 homenaje p\u00f3stumo en honor a la vida de Bernarda Jim\u00e9nez Clemente"},"content":{"rendered":"\n<p>Bernarda Jim\u00e9nez Clemente <\/p>\n\n\n\n<h2 class=\"wp-block-heading\"><em>Durante m\u00e1s de tres d\u00e9cadas presidi\u00f3 el Voluntariado de Madres Dominicanas en Espa\u00f1a, que asisti\u00f3 y ayud\u00f3 a regularizar su estatus en Espa\u00f1a a m\u00e1s de 52 mil inmigrantes dominicanos que viv\u00edan en la pobreza<\/em><\/h2>\n\n\n\n<p><strong>Madrid, Espa\u00f1a &#8211;<\/strong>\u00a0La Embajada de la Rep\u00fablica Dominicana ante el Reino de Espa\u00f1a inform\u00f3 el lunes la realizaci\u00f3n de un acto de homenaje p\u00f3stumo para recordar la vida y aportes de la destacada m\u00e9dica dominicana y defensora de los derechos de los inmigrantes en Espa\u00f1a, Bernarda Jim\u00e9nez Clemente que se llevar\u00e1 a cabo este pr\u00f3ximo s\u00e1bado 19 de octubre en Madrid.<\/p>\n\n\n\n<p>El homenaje tendr\u00e1 lugar en la sede de la Uni\u00f3n General de Trabajadores (UGT) ubicada Av. de Am\u00e9rica No. 25, Prosperidad, Madrid a las 18:00 h. Para el acto se espera la asistencia, tanto de destacadas figuras de la pol\u00edtica en Espa\u00f1a, as\u00ed como tambi\u00e9n la participaci\u00f3n de la di\u00e1spora dominicana radicada en esta comunidad.<\/p>\n\n\n\n<figure class=\"wp-block-image size-large\"><img loading=\"lazy\" decoding=\"async\" width=\"1024\" height=\"1024\" src=\"https:\/\/diariodominicano.com\/wp-content\/uploads\/2024\/10\/Invitacion-homenaje-Bernarda-Jimenez-Clemente-1024x1024.jpg\" alt=\"\" class=\"wp-image-566495\" srcset=\"https:\/\/diariodominicano.com\/wp-content\/uploads\/2024\/10\/Invitacion-homenaje-Bernarda-Jimenez-Clemente-1024x1024.jpg 1024w, https:\/\/diariodominicano.com\/wp-content\/uploads\/2024\/10\/Invitacion-homenaje-Bernarda-Jimenez-Clemente-300x300.jpg 300w, https:\/\/diariodominicano.com\/wp-content\/uploads\/2024\/10\/Invitacion-homenaje-Bernarda-Jimenez-Clemente-150x150.jpg 150w, https:\/\/diariodominicano.com\/wp-content\/uploads\/2024\/10\/Invitacion-homenaje-Bernarda-Jimenez-Clemente-768x768.jpg 768w, https:\/\/diariodominicano.com\/wp-content\/uploads\/2024\/10\/Invitacion-homenaje-Bernarda-Jimenez-Clemente-88x88.jpg 88w, https:\/\/diariodominicano.com\/wp-content\/uploads\/2024\/10\/Invitacion-homenaje-Bernarda-Jimenez-Clemente-816x816.jpg 816w, https:\/\/diariodominicano.com\/wp-content\/uploads\/2024\/10\/Invitacion-homenaje-Bernarda-Jimenez-Clemente.jpg 1080w\" sizes=\"auto, (max-width: 1024px) 100vw, 1024px\" \/><\/figure>\n\n\n\n<p>Se recuerda que durante m\u00e1s de tres d\u00e9cadas Bernarda presidi\u00f3 el Voluntariado de Madres Dominicanas en Espa\u00f1a que asisti\u00f3 y ayud\u00f3 a regularizar su estatus en Espa\u00f1a a m\u00e1s de 52 mil inmigrantes dominicanos que viv\u00edan en la pobreza. Adem\u00e1s, entre otros importantes aportes, desde hace dos a\u00f1os presid\u00eda la Fundaci\u00f3n Dominicana para Prevenir la Violencia Juvenil, de la que fue co-fundadora.<\/p>\n\n\n\n<p>El fallecimiento de Jim\u00e9nez Clemente se produjo el pasado 03 de septiembre,&nbsp; 15 d\u00edas despu\u00e9s de haber sufrido un accidente cerebrovascular (ACV) mientras pasaba unas vacaciones en Santo Domingo junto a su esposo don Pedro \u00c1lvarez Pastor.<\/p>\n\n\n\n<p><strong>14 de octubre del 2024<\/strong><\/p>\n\n\n\n<p><strong>Secci\u00f3n de comunicaci\u00f3n y prensa,<\/strong><\/p>\n\n\n\n<p><strong>Embajada de la Rep\u00fablica Dominicana ante el Reino de Espa\u00f1a.<\/strong>&#8212;<\/p>\n\n\n\n<p>Embajada de la Rep\u00fablica Dominicana<\/p>\n\n\n\n<p>Embajada de la Rep\u00fablica Dominicana ()<\/p>\n\n\n\n<p><a target=\"_blank\" href=\"mailto:embajada@embajadadominicana.es\" rel=\"noreferrer noopener\">embajada@embajadadominica<\/a><\/p>\n","protected":false},"excerpt":{"rendered":"<p>Bernarda Jim\u00e9nez Clemente Durante m\u00e1s de tres d\u00e9cadas presidi\u00f3 el Voluntariado de Madres Dominicanas en Espa\u00f1a, que asisti\u00f3 y ayud\u00f3 a regularizar su estatus en Espa\u00f1a a m\u00e1s de 52 mil inmigrantes dominicanos que viv\u00edan en la pobreza Madrid, Espa\u00f1a &#8211;\u00a0La Embajada de la Rep\u00fablica Dominicana ante el Reino de Espa\u00f1a inform\u00f3 el lunes la [&hellip;]<\/p>\n","protected":false},"author":28,"featured_media":566493,"comment_status":"closed","ping_status":"closed","sticky":false,"template":"","format":"standard","meta":{"footnotes":""},"categories":[36,20,25],"tags":[],"class_list":["post-566492","post","type-post","status-publish","format-standard","has-post-thumbnail","hentry","category-hombresmujeresycosas","category-dominicana-hoy","category-gente"],"_links":{"self":[{"href":"https:\/\/diariodominicano.com\/index.php?rest_route=\/wp\/v2\/posts\/566492","targetHints":{"allow":["GET"]}}],"collection":[{"href":"https:\/\/diariodominicano.com\/index.php?rest_route=\/wp\/v2\/posts"}],"about":[{"href":"https:\/\/diariodominicano.com\/index.php?rest_route=\/wp\/v2\/types\/post"}],"author":[{"embeddable":true,"href":"https:\/\/diariodominicano.com\/index.php?rest_route=\/wp\/v2\/users\/28"}],"replies":[{"embeddable":true,"href":"https:\/\/diariodominicano.com\/index.php?rest_route=%2Fwp%2Fv2%2Fcomments&post=566492"}],"version-history":[{"count":2,"href":"https:\/\/diariodominicano.com\/index.php?rest_route=\/wp\/v2\/posts\/566492\/revisions"}],"predecessor-version":[{"id":566496,"href":"https:\/\/diariodominicano.com\/index.php?rest_route=\/wp\/v2\/posts\/566492\/revisions\/566496"}],"wp:featuredmedia":[{"embeddable":true,"href":"https:\/\/diariodominicano.com\/index.php?rest_route=\/wp\/v2\/media\/566493"}],"wp:attachment":[{"href":"https:\/\/diariodominicano.com\/index.php?rest_route=%2Fwp%2Fv2%2Fmedia&parent=566492"}],"wp:term":[{"taxonomy":"category","embeddable":true,"href":"https:\/\/diariodominicano.com\/index.php?rest_route=%2Fwp%2Fv2%2Fcategories&post=566492"},{"taxonomy":"post_tag","embeddable":true,"href":"https:\/\/diariodominicano.com\/index.php?rest_route=%2Fwp%2Fv2%2Ftags&post=566492"}],"curies":[{"name":"wp","href":"https:\/\/api.w.org\/{rel}","templated":true}]}}