{"id":566431,"date":"2024-10-14T19:06:41","date_gmt":"2024-10-14T23:06:41","guid":{"rendered":"https:\/\/diariodominicano.com\/?p=566431"},"modified":"2024-10-14T19:06:43","modified_gmt":"2024-10-14T23:06:43","slug":"karina-alarcon-celebra-logros-de-su-programa-de-cerca-en-un-encuentro-con-la-prensa","status":"publish","type":"post","link":"https:\/\/diariodominicano.com\/?p=566431","title":{"rendered":"Karina Alarc\u00f3n celebra logros de su programa \u2018De Cerca\u2019 en un encuentro con la prensa"},"content":{"rendered":"\n<p><em>Desde el 7 de septiembre se retransmite la segunda producci\u00f3n de \u201cDe cerca\u201d por Telesistema<\/em><br><strong>SANTO DOMINGO.-<\/strong>&nbsp;La comunicadora Karina Alarc\u00f3n sostuvo un \u00edntimo encuentro con la prensa donde comparti\u00f3 los logros de su &nbsp;programa \u201cDe Cerca con Karina Alarc\u00f3n\u00bb.<\/p>\n\n\n\n<p>Acompa\u00f1ada por los principales editores sociales del pa\u00eds, Alarc\u00f3n repas\u00f3 los momentos m\u00e1s memorables de su trayectoria y el impacto que ha tenido su espacio en la audiencia.<\/p>\n\n\n\n<figure class=\"wp-block-image\"><img decoding=\"async\" src=\"https:\/\/diariodominicano.com\/wp-content\/uploads\/2024\/10\/Karina-Alarcon-celebra-logros-de-su-programa-%E2%80%98De-Cerca-en-un-encuentro-con-la-prensa-1024x683.jpeg\" alt=\"\"\/><\/figure>\n\n\n\n<p>Durante la conversaci\u00f3n, la comunicadora destac\u00f3 el crecimiento del programa, que ha logrado consolidarse como uno de los m\u00e1s vistos en su g\u00e9nero, ofreciendo entrevistas profundas y aut\u00e9nticas con figuras influyentes de diversos \u00e1mbitos.<\/p>\n\n\n\n<p>\u201cDe Cerca\u00bb, conocido por su enfoque humano y cercano, ha permitido a los televidentes conocer el lado m\u00e1s personal de sus invitados, desde artistas y empresarios hasta l\u00edderes pol\u00edticos y sociales.<\/p>\n\n\n\n<p>Karina tambi\u00e9n aprovech\u00f3 la oportunidad para expresar su agradecimiento por el apoyo recibido por parte de su equipo y del p\u00fablico, asegurando que las pr\u00f3ximas temporadas traer\u00e1n m\u00e1s sorpresas y conversaciones reveladoras.<\/p>\n\n\n\n<p>El encuentro se llev\u00f3 a cabo en el restaurante Chalet Bol\u00edvar con un espacio \u00edntimo y ameno, donde la prensa pudo compartir impresiones y expectativas sobre el futuro de \u00abDe Cerca con Karina Alarc\u00f3n\u00bb.<\/p>\n","protected":false},"excerpt":{"rendered":"<p>Desde el 7 de septiembre se retransmite la segunda producci\u00f3n de \u201cDe cerca\u201d por TelesistemaSANTO DOMINGO.-&nbsp;La comunicadora Karina Alarc\u00f3n sostuvo un \u00edntimo encuentro con la prensa donde comparti\u00f3 los logros de su &nbsp;programa \u201cDe Cerca con Karina Alarc\u00f3n\u00bb. Acompa\u00f1ada por los principales editores sociales del pa\u00eds, Alarc\u00f3n repas\u00f3 los momentos m\u00e1s memorables de su trayectoria [&hellip;]<\/p>\n","protected":false},"author":7,"featured_media":566441,"comment_status":"closed","ping_status":"closed","sticky":false,"template":"","format":"standard","meta":{"footnotes":""},"categories":[25],"tags":[463],"class_list":["post-566431","post","type-post","status-publish","format-standard","has-post-thumbnail","hentry","category-gente","tag-karina-alarcon"],"_links":{"self":[{"href":"https:\/\/diariodominicano.com\/index.php?rest_route=\/wp\/v2\/posts\/566431","targetHints":{"allow":["GET"]}}],"collection":[{"href":"https:\/\/diariodominicano.com\/index.php?rest_route=\/wp\/v2\/posts"}],"about":[{"href":"https:\/\/diariodominicano.com\/index.php?rest_route=\/wp\/v2\/types\/post"}],"author":[{"embeddable":true,"href":"https:\/\/diariodominicano.com\/index.php?rest_route=\/wp\/v2\/users\/7"}],"replies":[{"embeddable":true,"href":"https:\/\/diariodominicano.com\/index.php?rest_route=%2Fwp%2Fv2%2Fcomments&post=566431"}],"version-history":[{"count":1,"href":"https:\/\/diariodominicano.com\/index.php?rest_route=\/wp\/v2\/posts\/566431\/revisions"}],"predecessor-version":[{"id":566443,"href":"https:\/\/diariodominicano.com\/index.php?rest_route=\/wp\/v2\/posts\/566431\/revisions\/566443"}],"wp:featuredmedia":[{"embeddable":true,"href":"https:\/\/diariodominicano.com\/index.php?rest_route=\/wp\/v2\/media\/566441"}],"wp:attachment":[{"href":"https:\/\/diariodominicano.com\/index.php?rest_route=%2Fwp%2Fv2%2Fmedia&parent=566431"}],"wp:term":[{"taxonomy":"category","embeddable":true,"href":"https:\/\/diariodominicano.com\/index.php?rest_route=%2Fwp%2Fv2%2Fcategories&post=566431"},{"taxonomy":"post_tag","embeddable":true,"href":"https:\/\/diariodominicano.com\/index.php?rest_route=%2Fwp%2Fv2%2Ftags&post=566431"}],"curies":[{"name":"wp","href":"https:\/\/api.w.org\/{rel}","templated":true}]}}