{"id":56642,"date":"2020-02-06T12:02:21","date_gmt":"2020-02-06T12:02:21","guid":{"rendered":"http:\/\/diariodominicano.ddns.net\/?p=56642"},"modified":"2020-02-06T12:02:21","modified_gmt":"2020-02-06T12:02:21","slug":"bibliofilos-podran-a-circular-obras-completas-de-tomas-hernandez-franco","status":"publish","type":"post","link":"https:\/\/diariodominicano.com\/?p=56642","title":{"rendered":"Bibli\u00f3filos podr\u00e1n a circular \u00abObras Completas\u00bb de Tom\u00e1s Hern\u00e1ndez Franco"},"content":{"rendered":"<p><body><\/p>\n<p><img decoding=\"async\" src=\"img3\/bib13.jpg\" \/>  <\/p>\n<p>Santo Domingo, RD.- La Sociedad Dominicana de Bibli\u00f3filos (SDB) pondr\u00e1 en circulaci\u00f3n el pr\u00f3ximo jueves 13 de febrero, los tomos I y II del libro Obras Completas de Tom\u00e1s Hern\u00e1ndez Franco, poeta, cuentista, ensayista, orador, periodista y diplom\u00e1tico, que integr\u00f3 junto a los notables poetas Manuel del Cabral, H\u00e9ctor Inch\u00e1ustegui Cabral y Pedro Mir, la generaci\u00f3n de \u00abLos Independientes del 40\u00bb.<\/p>\n<\/p>\n<p>El acto ser\u00e1 iniciado a las 8 de la noche, en la Capilla de los Remedios, en la calle Las Damas esquina Mercedes, en la Ciudad Colonial, con las palabras del presidente de la SDB, Dennis Sim\u00f3 y ser\u00e1n presentados ambos tomos por el embajador dominicano en el Reino de los Pa\u00edses Bajos, Guillermo Pi\u00f1a Contreras, quien tuvo a su cargo los trabajos recopilaci\u00f3n y edici\u00f3n de este libro.<\/p>\n<\/p>\n<p>Pi\u00f1a Contreras es un periodista y traductor con tiene amplia experiencia en el \u00e1rea literaria, actual miembro de n\u00famero de la Academia Dominicana de la Lengua y correspondiente de la Real Academia espa\u00f1ola, y fue articulista del peri\u00f3dico El Caribe, jefe de edici\u00f3n de Diario Libre y Rumbo, y ex director del departamento de espa\u00f1ol de la Universidad Apec.<\/p>\n<\/p>\n<p>A la actividad est\u00e1n siendo invitados funcionarios del Ministerio de Cultura, diplom\u00e1ticos, directivos y miembros de los Bibli\u00f3filos, de las academias, escritores, intelectuales, periodistas, representantes de instituciones culturales y personalidades vinculadas al \u00e1rea literaria.<\/p>\n<\/p>\n<p>En Obras Completas, su autor Tom\u00e1s Hern\u00e1ndez Franco, se consolida como uno de los poetas fundamentales del siglo XX dominicano, al estructurar sus poemas, carg\u00e1ndolos con las misteriosas connotaciones de dos culturas opuestas, e ilustra el conflicto en que viven los pueblos de Am\u00e9rica en su fusi\u00f3n y entrecruzamiento de razas.<\/p>\n<\/p>\n<p>En el primer tomo de los dos que componen las Obras Completas se incluye la obra po\u00e9tica y narrativa de Tom\u00e1s Hern\u00e1ndez Franco, algunos de los estudios de escritores dominicanos y extranjeros que dan constancia de la amplia recepci\u00f3n que ha tenido en el medio literario el poema Yelid\u00e1, cuya fuerza, ocup\u00f3 totalmente los otros poemarios de Hern\u00e1ndez Franco.<\/p>\n<\/p>\n<p>El segundo tomo aborda el pensamiento de Hern\u00e1ndez Franco en el marco te\u00f3rico de su obra literaria que tuvo la influencia, antes de su salida de Rep\u00fablica Dominicana, del modernismo liderado por Rub\u00e9n Dar\u00edo y, al llegar a Par\u00eds con la finalidad de realizar estudios de derecho, recibi\u00f3 la influencia cultural de la Francia post Primera Guerra Mundial en la que surgieron el dada\u00edsmo de Tristan Tzara y el surrealismo de Andr\u00e9 Breton.<\/p>\n<\/p>\n<p>Estos movimientos de manera impl\u00edcita tendr\u00edan mucha influencia en la obra literaria del entonces joven escritor dominicano como se puede observar en los cuentos y cr\u00f3nicas de Capitulario (1921) y en los textos de El hombre que hab\u00eda perdido su eje (1923).<\/p>\n<\/p>\n<p>Estos libros pueden ser adquiridos en la sede la SDB, ubicada en la calle Las Damas n\u00famero 106, en la Ciudad Colonial.<\/p>\n<\/p>\n<p>La SDB fue creada en 1973 con car\u00e1cter privado no lucrativa, con el objetivo de promover, preservar y divulgar la bibliograf\u00eda y cultura dominicana. Actualmente es la instituci\u00f3n cultural del pa\u00eds que m\u00e1s obras cl\u00e1sicas ha editado de la literatura criolla, incluso un gran porcentaje de ellas se hab\u00eda agotado.<\/p>\n<\/p>\n<p>Los Bibli\u00f3filos poseen en su sede la Biblioteca Enrique Apolinar Henr\u00edquez, la \u00fanica del pa\u00eds y una de las principales de la regi\u00f3n especializada exclusivamente en temas dominicanos y caribe\u00f1os, con m\u00e1s de 15 mil vol\u00famenes.<\/p>\n<\/p>\n<p>Desde 1978, la biblioteca ha sido una importante fuente de consulta de investigadores, periodistas, escritores y acad\u00e9micos nacionales y extranjeros, y siempre ha operado en el segundo piso de la SDB, en la calle Las Damas n\u00famero 106, en la Ciudad Colonial.<\/p>\n<\/p>\n<p>Adem\u00e1s de Dennis Sim\u00f3, el consejo directivo de la Sociedad est\u00e1 integrado por Edwin Espinal, vicepresidente; Bernardo Vega, tesorero; Jaime Read, secretario; S\u00f3crates Olivo \u00c1lvarez, comisario de cuentas y son vocales Frank Moya Pons, Jos\u00e9 Alfredo Rizek, Eugenio P\u00e9rez Mont\u00e1s, Eleanor Grimaldi Sili\u00e9, Juan de la Rosa, Antonio Morel, Juan Tom\u00e1s Tavares, Mariano Mella, Mar\u00eda Filomena Gonz\u00e1lez, Raymundo Gonz\u00e1lez y Jos\u00e9 Chez Checo.<\/p>\n<\/p>\n<p>Son sus ex presidentes Enrique Apolinar Henr\u00edquez, Frank Moya Pons, Juan Tom\u00e1s Tavares, Bernardo Vega, Jos\u00e9 Chez Checo, Juan Daniel Balc\u00e1cer y Mariano Mella.<\/p>\n<\/p>\n<p>Pies de fotos:<\/p>\n<\/p>\n<p>Foto 1:<\/p>\n<p>Dennis Sim\u00f3, presidente Sociedad Dom. de Bibli\u00f3filos.<\/p>\n<\/p>\n<p>Foto 4:<\/p>\n<p>Obras de la literatura cl\u00e1sica que han sido reeditadas por los Bibli\u00f3filos.<\/p>\n<\/p>\n<p>Contacto de relaciones p\u00fablicas y medios:<\/p>\n<\/p>\n<p>Enver L\u00f3pez Milander  l  enver@publimercadeord.com  l  <\/p>\n<h6> 2020-02-06 12:02:21 <\/h6>\n<p><!--\n<link rel=\"stylesheet\" href=\"css\/bootstrap.min.css\">\n\n\n<ul class=\"pagination\">\n\t    \n\t\n\n<li >\n\t<a href='?page_no=854'>Previous<\/a>\n\t<\/li>\n\n\n       \n    \n\n<li><a href='?page_no=1'>1<\/a><\/li>\n\n\n\n<li><a href='?page_no=2'>2<\/a><\/li>\n\n\n\n<li><a>...<\/a><\/li>\n\n\n\n<li><a href='?page_no=853'>853<\/a><\/li>\n\n\n\n<li><a href='?page_no=854'>854<\/a><\/li>\n\n\n\n<li class='active'><a>855<\/a><\/li>\n\n\n\n<li><a href='?page_no=856'>856<\/a><\/li>\n\n\n\n<li><a href='?page_no=857'>857<\/a><\/li>\n\n\n\n<li><a>...<\/a><\/li>\n\n\n\n<li><a href='?page_no=22911'>22911<\/a><\/li>\n\n\n\n<li><a href='?page_no=22912'>22912<\/a><\/li>\n\n    \n\t\n\n<li >\n\t<a href='?page_no=856'>Next<\/a>\n\t<\/li>\n\n\n    \n\n<li><a href='?page_no=22912'>Last &rsaquo;&rsaquo;<\/a><\/li>\n\n<\/ul>\n\n\n--><br \/>\n<\/body><\/p>\n","protected":false},"excerpt":{"rendered":"<p>Santo Domingo, RD.- La Sociedad Dominicana de Bibli\u00f3filos (SDB) pondr\u00e1 en circulaci\u00f3n el pr\u00f3ximo jueves 13 de febrero, los tomos I y II del libro Obras Completas de Tom\u00e1s Hern\u00e1ndez Franco, poeta, cuentista, ensayista, orador, periodista y diplom\u00e1tico, que integr\u00f3 junto a los notables poetas Manuel del Cabral, H\u00e9ctor Inch\u00e1ustegui Cabral y Pedro Mir, la [&hellip;]<\/p>\n","protected":false},"author":3,"featured_media":0,"comment_status":"open","ping_status":"open","sticky":false,"template":"","format":"standard","meta":{"footnotes":""},"categories":[21],"tags":[],"class_list":["post-56642","post","type-post","status-publish","format-standard","hentry","category-cultura"],"_links":{"self":[{"href":"https:\/\/diariodominicano.com\/index.php?rest_route=\/wp\/v2\/posts\/56642","targetHints":{"allow":["GET"]}}],"collection":[{"href":"https:\/\/diariodominicano.com\/index.php?rest_route=\/wp\/v2\/posts"}],"about":[{"href":"https:\/\/diariodominicano.com\/index.php?rest_route=\/wp\/v2\/types\/post"}],"author":[{"embeddable":true,"href":"https:\/\/diariodominicano.com\/index.php?rest_route=\/wp\/v2\/users\/3"}],"replies":[{"embeddable":true,"href":"https:\/\/diariodominicano.com\/index.php?rest_route=%2Fwp%2Fv2%2Fcomments&post=56642"}],"version-history":[{"count":0,"href":"https:\/\/diariodominicano.com\/index.php?rest_route=\/wp\/v2\/posts\/56642\/revisions"}],"wp:attachment":[{"href":"https:\/\/diariodominicano.com\/index.php?rest_route=%2Fwp%2Fv2%2Fmedia&parent=56642"}],"wp:term":[{"taxonomy":"category","embeddable":true,"href":"https:\/\/diariodominicano.com\/index.php?rest_route=%2Fwp%2Fv2%2Fcategories&post=56642"},{"taxonomy":"post_tag","embeddable":true,"href":"https:\/\/diariodominicano.com\/index.php?rest_route=%2Fwp%2Fv2%2Ftags&post=56642"}],"curies":[{"name":"wp","href":"https:\/\/api.w.org\/{rel}","templated":true}]}}