{"id":566340,"date":"2024-10-14T11:32:08","date_gmt":"2024-10-14T15:32:08","guid":{"rendered":"https:\/\/diariodominicano.com\/?p=566340"},"modified":"2024-10-14T11:32:11","modified_gmt":"2024-10-14T15:32:11","slug":"ministerio-publico-imparte-charla-sobre-trata-de-personas-y-trafico-ilicito-de-migrantes-a-976-aspirantes-a-rasos-pn","status":"publish","type":"post","link":"https:\/\/diariodominicano.com\/?p=566340","title":{"rendered":"Ministerio P\u00fablico imparte charla sobre trata de personas y tr\u00e1fico il\u00edcito de migrantes a 976 aspirantes a rasos PN"},"content":{"rendered":"\n<p><strong>Espaillat (RD).<\/strong>\u00a0El Ministerio P\u00fablico, a trav\u00e9s de la Procuradur\u00eda Especializada contra el Tr\u00e1fico Il\u00edcito de Migrantes y Trata de Personas (PETT), imparti\u00f3 una charla sobre esos delitos a 976 aspirantes a rasos de la Polic\u00eda Nacional.<\/p>\n\n\n\n<p>Estuvo dirigida a la promoci\u00f3n 143 \u00abFrancisco del Rosario S\u00e1nchez\u00bb del cuerpo del orden y se desarroll\u00f3 por grupos, recibiendo los participantes la capacitaci\u00f3n necesaria en temas claves relacionados con la trata de personas, el tr\u00e1fico il\u00edcito de migrantes y las investigaciones en torno a estos delitos.<\/p>\n\n\n\n<figure class=\"wp-block-gallery has-nested-images columns-default is-cropped wp-block-gallery-1 is-layout-flex wp-block-gallery-is-layout-flex\">\n<figure class=\"wp-block-image size-large\"><img loading=\"lazy\" decoding=\"async\" width=\"1024\" height=\"691\" data-id=\"566379\" src=\"https:\/\/diariodominicano.com\/wp-content\/uploads\/2024\/10\/Ministerio-Publico-imparte-charla-sobre-trata-de-personas-y-trafico-ilicito-de-migrantes-a-976-aspirantes-rasos-PN-1024x691.jpg\" alt=\"\" class=\"wp-image-566379\" srcset=\"https:\/\/diariodominicano.com\/wp-content\/uploads\/2024\/10\/Ministerio-Publico-imparte-charla-sobre-trata-de-personas-y-trafico-ilicito-de-migrantes-a-976-aspirantes-rasos-PN-1024x691.jpg 1024w, https:\/\/diariodominicano.com\/wp-content\/uploads\/2024\/10\/Ministerio-Publico-imparte-charla-sobre-trata-de-personas-y-trafico-ilicito-de-migrantes-a-976-aspirantes-rasos-PN-300x203.jpg 300w, https:\/\/diariodominicano.com\/wp-content\/uploads\/2024\/10\/Ministerio-Publico-imparte-charla-sobre-trata-de-personas-y-trafico-ilicito-de-migrantes-a-976-aspirantes-rasos-PN-768x518.jpg 768w, https:\/\/diariodominicano.com\/wp-content\/uploads\/2024\/10\/Ministerio-Publico-imparte-charla-sobre-trata-de-personas-y-trafico-ilicito-de-migrantes-a-976-aspirantes-rasos-PN-1536x1037.jpg 1536w, https:\/\/diariodominicano.com\/wp-content\/uploads\/2024\/10\/Ministerio-Publico-imparte-charla-sobre-trata-de-personas-y-trafico-ilicito-de-migrantes-a-976-aspirantes-rasos-PN-816x551.jpg 816w, https:\/\/diariodominicano.com\/wp-content\/uploads\/2024\/10\/Ministerio-Publico-imparte-charla-sobre-trata-de-personas-y-trafico-ilicito-de-migrantes-a-976-aspirantes-rasos-PN.jpg 1600w\" sizes=\"auto, (max-width: 1024px) 100vw, 1024px\" \/><\/figure>\n<\/figure>\n\n\n\n<p>Igualmente, se abordaron otros temas relacionados a las funciones del Ministerio P\u00fablico y se compartieron testimonios valiosos de los investigadores, proporcionando a los asistentes una visi\u00f3n integral de estos fen\u00f3menos.<\/p>\n\n\n\n<p>El programa de formaci\u00f3n se imparti\u00f3 bajo la coordinaci\u00f3n de la directora de la PETT, magistrada Yoanna Bejar\u00e1n \u00c1lvarez, en colaboraci\u00f3n con la Fiscal\u00eda de Puerto Plata, representada por su titular, el magistrado Kelmin Duncan, y la fiscal Carmelina Soto, enlace de la PETT.<\/p>\n\n\n\n<figure class=\"wp-block-gallery has-nested-images columns-default is-cropped wp-block-gallery-2 is-layout-flex wp-block-gallery-is-layout-flex\">\n<figure class=\"wp-block-image size-large\"><img loading=\"lazy\" decoding=\"async\" width=\"1024\" height=\"681\" data-id=\"566378\" src=\"https:\/\/diariodominicano.com\/wp-content\/uploads\/2024\/10\/Ministerio-Publico-imparte-charla-sobre-trata-de-personas-y-trafico-ilicito-migrantes-a-976-aspirantes-a-rasos-PN-1024x681.jpg\" alt=\"\" class=\"wp-image-566378\" srcset=\"https:\/\/diariodominicano.com\/wp-content\/uploads\/2024\/10\/Ministerio-Publico-imparte-charla-sobre-trata-de-personas-y-trafico-ilicito-migrantes-a-976-aspirantes-a-rasos-PN-1024x681.jpg 1024w, https:\/\/diariodominicano.com\/wp-content\/uploads\/2024\/10\/Ministerio-Publico-imparte-charla-sobre-trata-de-personas-y-trafico-ilicito-migrantes-a-976-aspirantes-a-rasos-PN-300x200.jpg 300w, https:\/\/diariodominicano.com\/wp-content\/uploads\/2024\/10\/Ministerio-Publico-imparte-charla-sobre-trata-de-personas-y-trafico-ilicito-migrantes-a-976-aspirantes-a-rasos-PN-768x511.jpg 768w, https:\/\/diariodominicano.com\/wp-content\/uploads\/2024\/10\/Ministerio-Publico-imparte-charla-sobre-trata-de-personas-y-trafico-ilicito-migrantes-a-976-aspirantes-a-rasos-PN-1536x1021.jpg 1536w, https:\/\/diariodominicano.com\/wp-content\/uploads\/2024\/10\/Ministerio-Publico-imparte-charla-sobre-trata-de-personas-y-trafico-ilicito-migrantes-a-976-aspirantes-a-rasos-PN-816x543.jpg 816w, https:\/\/diariodominicano.com\/wp-content\/uploads\/2024\/10\/Ministerio-Publico-imparte-charla-sobre-trata-de-personas-y-trafico-ilicito-migrantes-a-976-aspirantes-a-rasos-PN.jpg 1600w\" sizes=\"auto, (max-width: 1024px) 100vw, 1024px\" \/><\/figure>\n<\/figure>\n\n\n\n<p>La charla taller se desarroll\u00f3 de manera presencial en el Campus Gaspar Hern\u00e1ndez, de la Escuela de Entrenamiento Policial Mayor General (r) Eulogio Benito Monci\u00f3n Leonardo, en la provincia Espaillat.<\/p>\n\n\n\n<p>Fue impartida por las fiscales Mar\u00eda del Carmen De Le\u00f3n, Noelia Taveras, la abogada Loresky Bivieca, y el capit\u00e1n de la Polic\u00eda Nacional, Salvador D\u00edaz, encargado de Investigaciones, y el equipo de investigadores judiciales a su cargo.<\/p>\n\n\n\n<figure class=\"wp-block-gallery has-nested-images columns-default is-cropped wp-block-gallery-3 is-layout-flex wp-block-gallery-is-layout-flex\">\n<figure class=\"wp-block-image size-large\"><img loading=\"lazy\" decoding=\"async\" width=\"1024\" height=\"685\" data-id=\"566380\" src=\"https:\/\/diariodominicano.com\/wp-content\/uploads\/2024\/10\/Ministerio-Publico-imparte-charla-sobre-trata-de-personas-y-trafico-ilicito-de-migrantes-976-aspirantes-a-rasos-PN-1024x685.jpg\" alt=\"\" class=\"wp-image-566380\" srcset=\"https:\/\/diariodominicano.com\/wp-content\/uploads\/2024\/10\/Ministerio-Publico-imparte-charla-sobre-trata-de-personas-y-trafico-ilicito-de-migrantes-976-aspirantes-a-rasos-PN-1024x685.jpg 1024w, https:\/\/diariodominicano.com\/wp-content\/uploads\/2024\/10\/Ministerio-Publico-imparte-charla-sobre-trata-de-personas-y-trafico-ilicito-de-migrantes-976-aspirantes-a-rasos-PN-300x201.jpg 300w, https:\/\/diariodominicano.com\/wp-content\/uploads\/2024\/10\/Ministerio-Publico-imparte-charla-sobre-trata-de-personas-y-trafico-ilicito-de-migrantes-976-aspirantes-a-rasos-PN-768x514.jpg 768w, https:\/\/diariodominicano.com\/wp-content\/uploads\/2024\/10\/Ministerio-Publico-imparte-charla-sobre-trata-de-personas-y-trafico-ilicito-de-migrantes-976-aspirantes-a-rasos-PN-1536x1027.jpg 1536w, https:\/\/diariodominicano.com\/wp-content\/uploads\/2024\/10\/Ministerio-Publico-imparte-charla-sobre-trata-de-personas-y-trafico-ilicito-de-migrantes-976-aspirantes-a-rasos-PN-816x546.jpg 816w, https:\/\/diariodominicano.com\/wp-content\/uploads\/2024\/10\/Ministerio-Publico-imparte-charla-sobre-trata-de-personas-y-trafico-ilicito-de-migrantes-976-aspirantes-a-rasos-PN.jpg 1600w\" sizes=\"auto, (max-width: 1024px) 100vw, 1024px\" \/><\/figure>\n<\/figure>\n\n\n\n<p>Este esfuerzo educativo se realiz\u00f3 bajo la direcci\u00f3n del coronel Gerald Pilarte Brea, junto al teniente coronel Dionis Smith S\u00e1nchez, subdirector administrativo de la instituci\u00f3n, siguiendo las directrices del mayor general Ram\u00f3n A. Guzm\u00e1n Peralta, director general de la Polic\u00eda Nacional.<\/p>\n\n\n\n<p><strong>Direcci\u00f3n General de Comunicaci\u00f3n, Prensa y RRPP&nbsp;<\/strong><strong><\/strong><\/p>\n\n\n\n<p><strong>Ministerio P\u00fablico RD<\/strong><\/p>\n","protected":false},"excerpt":{"rendered":"<p>Espaillat (RD).\u00a0El Ministerio P\u00fablico, a trav\u00e9s de la Procuradur\u00eda Especializada contra el Tr\u00e1fico Il\u00edcito de Migrantes y Trata de Personas (PETT), imparti\u00f3 una charla sobre esos delitos a 976 aspirantes a rasos de la Polic\u00eda Nacional. Estuvo dirigida a la promoci\u00f3n 143 \u00abFrancisco del Rosario S\u00e1nchez\u00bb del cuerpo del orden y se desarroll\u00f3 por grupos, [&hellip;]<\/p>\n","protected":false},"author":7,"featured_media":566377,"comment_status":"closed","ping_status":"closed","sticky":false,"template":"","format":"standard","meta":{"footnotes":""},"categories":[24],"tags":[171],"class_list":["post-566340","post","type-post","status-publish","format-standard","has-post-thumbnail","hentry","category-justicia-y-derecho","tag-ministerio-publico"],"_links":{"self":[{"href":"https:\/\/diariodominicano.com\/index.php?rest_route=\/wp\/v2\/posts\/566340","targetHints":{"allow":["GET"]}}],"collection":[{"href":"https:\/\/diariodominicano.com\/index.php?rest_route=\/wp\/v2\/posts"}],"about":[{"href":"https:\/\/diariodominicano.com\/index.php?rest_route=\/wp\/v2\/types\/post"}],"author":[{"embeddable":true,"href":"https:\/\/diariodominicano.com\/index.php?rest_route=\/wp\/v2\/users\/7"}],"replies":[{"embeddable":true,"href":"https:\/\/diariodominicano.com\/index.php?rest_route=%2Fwp%2Fv2%2Fcomments&post=566340"}],"version-history":[{"count":1,"href":"https:\/\/diariodominicano.com\/index.php?rest_route=\/wp\/v2\/posts\/566340\/revisions"}],"predecessor-version":[{"id":566382,"href":"https:\/\/diariodominicano.com\/index.php?rest_route=\/wp\/v2\/posts\/566340\/revisions\/566382"}],"wp:featuredmedia":[{"embeddable":true,"href":"https:\/\/diariodominicano.com\/index.php?rest_route=\/wp\/v2\/media\/566377"}],"wp:attachment":[{"href":"https:\/\/diariodominicano.com\/index.php?rest_route=%2Fwp%2Fv2%2Fmedia&parent=566340"}],"wp:term":[{"taxonomy":"category","embeddable":true,"href":"https:\/\/diariodominicano.com\/index.php?rest_route=%2Fwp%2Fv2%2Fcategories&post=566340"},{"taxonomy":"post_tag","embeddable":true,"href":"https:\/\/diariodominicano.com\/index.php?rest_route=%2Fwp%2Fv2%2Ftags&post=566340"}],"curies":[{"name":"wp","href":"https:\/\/api.w.org\/{rel}","templated":true}]}}