{"id":56631,"date":"2020-02-06T12:33:19","date_gmt":"2020-02-06T12:33:19","guid":{"rendered":"http:\/\/diariodominicano.ddns.net\/?p=56631"},"modified":"2020-02-06T12:33:19","modified_gmt":"2020-02-06T12:33:19","slug":"convocan-a-participar-en-premio-joven-feria-del-libro-2020-en-categorias-poesia-cuento-y-periodismo","status":"publish","type":"post","link":"https:\/\/diariodominicano.com\/?p=56631","title":{"rendered":"Convocan a participar en Premio Joven Feria del Libro 2020 en categor\u00edas Poes\u00eda, Cuento y Periodismo"},"content":{"rendered":"<p><body><\/p>\n<p><img decoding=\"async\" src=\"img3\/convp.jpg\" \/>  <\/p>\n<p><strong>Diariodominicano.com<\/strong><\/p>\n<p><strong>Santo Domingo.-<\/strong> El Ministerio de Cultura y la Direcci\u00f3n General de la Feria del Libro convocan a participar en el Premio Joven Feria del Libro 2020, en las categor\u00edas de Poes\u00eda, Cuento y Periodismo, a celebrarse en el marco de la 23\u00aa Feria Internacional del Libro y la Cultura Santo Domingo 2020.<\/p>\n<\/p>\n<p>El Premio Joven de Poes\u00eda Feria del Libro 2020 se propone reconocer la calidad y aportes de la producci\u00f3n po\u00e9tica de los j\u00f3venes dominicanos.<\/p>\n<\/p>\n<p>El reconocimiento tiene una dotaci\u00f3n \u00fanica consistente en RD$75,000.00 y diploma de reconocimiento. La obra ganadora ser\u00e1 publicada en la 24\u00aa Feria Internacional del Libro y la Cultura Santo Domingo 2021, bajo el cuidado de la Editora Nacional.<\/p>\n<\/p>\n<p>Cada concursante podr\u00e1 participar con un libro original in\u00e9dito de no menos de 50 p\u00e1ginas, a doble espacio. Deber\u00e1 entregarse un original y tres copias impresas, as\u00ed como una versi\u00f3n digital. El original ir\u00e1 firmado en la primera p\u00e1gina con seud\u00f3nimo.<\/p>\n<\/p>\n<p>El Premio Joven de Cuento Feria del Libro 2020 reconoce la calidad y creatividad en la producci\u00f3n de narrativa corta de los j\u00f3venes dominicanos.  Cada concursante podr\u00e1 enviar un m\u00e1ximo de dos cuentos originales, estrictamente in\u00e9ditos, y que no hayan sido premiados en otro concurso. Los cuentos tendr\u00e1n una extensi\u00f3n no menor de tres (3) p\u00e1ginas ni mayor de quince (15), escritos a doble espacio en papel tama\u00f1o 8.5 por 11 pulgadas.<\/p>\n<\/p>\n<p>Se entregar\u00e1 un Gran Premio dotado de RD$50,000.00 y siete menciones de honor que recibir\u00e1 cada una RD$10,000.00, con su diploma correspondiente. Los cuentos seleccionados ser\u00e1n publicados en un solo volumen durante la 24\u00aa Feria Internacional del Libro y la Cultura 2021.<\/p>\n<\/p>\n<p>Por su lado, el Premio Joven de Periodismo Feria del Libro 2020 tiene el objetivo de resaltar la responsabilidad y la labor de los periodistas j\u00f3venes en el pa\u00eds. El lauro tiene una dotaci\u00f3n \u00fanica de RD$40,000.00 y diploma de reconocimiento.<\/p>\n<\/p>\n<p>Se podr\u00e1 presentar hasta tres trabajos en cualquiera de estos subg\u00e9neros: reportaje, entrevista-perfil o cr\u00f3nica, con las siguientes tem\u00e1ticas: libros y lectura, literatura, y cultura general.<\/p>\n<\/p>\n<p>La extensi\u00f3n y estilo ser\u00e1n adecuados al enfoque y tema abordado y los trabajos sometidos a concurso deben haber sido publicados en peri\u00f3dicos y revistas impresos o digitales, o portales entre el 1 de marzo de 2019 y el 1 de marzo de 2020.<\/p>\n<\/p>\n<p>En todos los casos los textos participantes deber\u00e1n depositarse en las oficinas de la Direcci\u00f3n General de la Feria del Libro, Paraboloide de la Plaza de la Cultura Juan Pablo Duarte.<\/p>\n<\/p>\n<p>De acuerdo a las bases, podr\u00e1n participar los escritores, periodistas y comunicadores dominicanos menores de 35 a\u00f1os de edad, residentes en el pa\u00eds o el extranjero, excepto que sean empleados del Ministerio de Cultura.<\/p>\n<\/p>\n<p>El veredicto se dar\u00e1 a conocer en un acto a celebrarse el viernes 1 de mayo de 2020, a las 5:00 p.m., en la Sala Espacio Joven, en el marco del magno evento ferial que se efectuar\u00e1 del 24 de abril al 3 de mayo en la Ciudad Colonial de Santo Domingo. Ser\u00e1 dedicado a las prominentes escritoras dominicanas Camila Henr\u00edquez Ure\u00f1a y Abigail Mej\u00eda.<\/p>\n<\/p>\n<\/p>\n<p>Para m\u00e1s informaci\u00f3n sobre las bases, consultar :www.cultura.gob.do.<\/p>\n<\/p>\n<p>Direcci\u00f3n de Comunicaciones<\/p>\n<p>Ministerio de Cultura de la Rep\u00fablica Dominicana<\/p>\n<h6> 2020-02-06 12:33:19 <\/h6>\n<p><!--\n<link rel=\"stylesheet\" href=\"css\/bootstrap.min.css\">\n\n\n<ul class=\"pagination\">\n\t    \n\t\n\n<li >\n\t<a href='?page_no=853'>Previous<\/a>\n\t<\/li>\n\n\n       \n    \n\n<li><a href='?page_no=1'>1<\/a><\/li>\n\n\n\n<li><a href='?page_no=2'>2<\/a><\/li>\n\n\n\n<li><a>...<\/a><\/li>\n\n\n\n<li><a href='?page_no=852'>852<\/a><\/li>\n\n\n\n<li><a href='?page_no=853'>853<\/a><\/li>\n\n\n\n<li class='active'><a>854<\/a><\/li>\n\n\n\n<li><a href='?page_no=855'>855<\/a><\/li>\n\n\n\n<li><a href='?page_no=856'>856<\/a><\/li>\n\n\n\n<li><a>...<\/a><\/li>\n\n\n\n<li><a href='?page_no=22911'>22911<\/a><\/li>\n\n\n\n<li><a href='?page_no=22912'>22912<\/a><\/li>\n\n    \n\t\n\n<li >\n\t<a href='?page_no=855'>Next<\/a>\n\t<\/li>\n\n\n    \n\n<li><a href='?page_no=22912'>Last &rsaquo;&rsaquo;<\/a><\/li>\n\n<\/ul>\n\n\n--><br \/>\n<\/body><\/p>\n","protected":false},"excerpt":{"rendered":"<p>Diariodominicano.com Santo Domingo.- El Ministerio de Cultura y la Direcci\u00f3n General de la Feria del Libro convocan a participar en el Premio Joven Feria del Libro 2020, en las categor\u00edas de Poes\u00eda, Cuento y Periodismo, a celebrarse en el marco de la 23\u00aa Feria Internacional del Libro y la Cultura Santo Domingo 2020. El Premio [&hellip;]<\/p>\n","protected":false},"author":3,"featured_media":0,"comment_status":"open","ping_status":"open","sticky":false,"template":"","format":"standard","meta":{"footnotes":""},"categories":[21],"tags":[],"class_list":["post-56631","post","type-post","status-publish","format-standard","hentry","category-cultura"],"_links":{"self":[{"href":"https:\/\/diariodominicano.com\/index.php?rest_route=\/wp\/v2\/posts\/56631","targetHints":{"allow":["GET"]}}],"collection":[{"href":"https:\/\/diariodominicano.com\/index.php?rest_route=\/wp\/v2\/posts"}],"about":[{"href":"https:\/\/diariodominicano.com\/index.php?rest_route=\/wp\/v2\/types\/post"}],"author":[{"embeddable":true,"href":"https:\/\/diariodominicano.com\/index.php?rest_route=\/wp\/v2\/users\/3"}],"replies":[{"embeddable":true,"href":"https:\/\/diariodominicano.com\/index.php?rest_route=%2Fwp%2Fv2%2Fcomments&post=56631"}],"version-history":[{"count":0,"href":"https:\/\/diariodominicano.com\/index.php?rest_route=\/wp\/v2\/posts\/56631\/revisions"}],"wp:attachment":[{"href":"https:\/\/diariodominicano.com\/index.php?rest_route=%2Fwp%2Fv2%2Fmedia&parent=56631"}],"wp:term":[{"taxonomy":"category","embeddable":true,"href":"https:\/\/diariodominicano.com\/index.php?rest_route=%2Fwp%2Fv2%2Fcategories&post=56631"},{"taxonomy":"post_tag","embeddable":true,"href":"https:\/\/diariodominicano.com\/index.php?rest_route=%2Fwp%2Fv2%2Ftags&post=56631"}],"curies":[{"name":"wp","href":"https:\/\/api.w.org\/{rel}","templated":true}]}}