{"id":566187,"date":"2024-10-14T00:08:08","date_gmt":"2024-10-14T04:08:08","guid":{"rendered":"https:\/\/diariodominicano.com\/?p=566187"},"modified":"2024-10-14T00:16:24","modified_gmt":"2024-10-14T04:16:24","slug":"expomovil-banreservas-con-record-de-financiamientos-por-mas-de-rd7800-millones-aprobados","status":"publish","type":"post","link":"https:\/\/diariodominicano.com\/?p=566187","title":{"rendered":"Expom\u00f3vil Banreservas con r\u00e9cord de financiamientos por m\u00e1s de RD$7,800 millones aprobados"},"content":{"rendered":"\n<p>El presidente ejecutivo de Banreservas, Samuel Pereyra, y Reynaldo M\u00e9ndez le entrega las llaves de su veh\u00edculo a Priena Almonte. Los acompa\u00f1an Pablo de la Rosa, Ysidro Garc\u00eda, Paula Gonz\u00e1lez y Patricia Rivera.<\/p>\n\n\n\n<p><em>Pereyra afirma que el \u00e9xito de la feria automovil\u00edstica es producto de la confianza <\/em>del mercado en la pol\u00edtica econ\u00f3mica que encabeza el presidente Luis Abinader.<\/p>\n\n\n\n<p>Expom\u00f3vil Banreservas 2024 super\u00f3 este a\u00f1o todos sus r\u00e9cords de financiamientos, solicitudes y entrega de veh\u00edculos, por un monto superior a los RR$7,800 millones de cr\u00e9ditos aprobados, mientras que las solicitudes sumaban m\u00e1s de RD$23,000 millones.<\/p>\n\n\n\n<figure class=\"wp-block-image size-large\"><img loading=\"lazy\" decoding=\"async\" width=\"1024\" height=\"681\" src=\"https:\/\/diariodominicano.com\/wp-content\/uploads\/2024\/10\/3-1024x681.jpg\" alt=\"\" class=\"wp-image-566204\" srcset=\"https:\/\/diariodominicano.com\/wp-content\/uploads\/2024\/10\/3-1024x681.jpg 1024w, https:\/\/diariodominicano.com\/wp-content\/uploads\/2024\/10\/3-300x200.jpg 300w, https:\/\/diariodominicano.com\/wp-content\/uploads\/2024\/10\/3-768x511.jpg 768w, https:\/\/diariodominicano.com\/wp-content\/uploads\/2024\/10\/3-1536x1022.jpg 1536w, https:\/\/diariodominicano.com\/wp-content\/uploads\/2024\/10\/3-2048x1362.jpg 2048w, https:\/\/diariodominicano.com\/wp-content\/uploads\/2024\/10\/3-816x543.jpg 816w\" sizes=\"auto, (max-width: 1024px) 100vw, 1024px\" \/><\/figure>\n\n\n\n<p>Los datos preliminares al cierre de la feria automovil\u00edstica indican que las unidades adquiridas de diferentes marcas y categor\u00edas sumaban un total de unas 11,000, con un incremento en la demanda de veh\u00edculos el\u00e9ctricos e h\u00edbridos (144 unidades); y comerciales otras 1,377, equivalente a RD$3,218 millones.<\/p>\n\n\n\n<p>Samuel Pereyra, presidente ejecutivo de la instituci\u00f3n financiera, afirm\u00f3 que el gran movimiento generado por esta feria contribuye a dinamizar la econom\u00eda del pa\u00eds, porque incide en todos los segmentos de consumo, adem\u00e1s de facilitar al comercio y la industria renovar su parque vehicular.<\/p>\n\n\n\n<p>\u201cLa demanda de financiamiento que hemos recibido ha superado todas nuestras estimaciones, seg\u00fan las cifras reportadas desde nuestras oficinas y las unidades de negocios instaladas en los concesionarios y dealers, donde se celebr\u00f3 la feria de manera simult\u00e1nea\u201d, expres\u00f3.<\/p>\n\n\n\n<p>Agreg\u00f3 que ese dinamismo tambi\u00e9n es producto de la confianza del mercado en la pol\u00edtica econ\u00f3mica que se aplica en la Rep\u00fablica Dominicana, encabezada por el presidente Luis Abinader.<\/p>\n\n\n\n<p>Pereyra dijo que durante los cuatro d\u00edas que dur\u00f3 la feria, el equipo de negocios y \u00e9l personalmente estuvieron en contacto con ejecutivos de las casas importadoras y distribuidores de veh\u00edculos de las distintas marcas, quienes les manifestaron que las bajas tasas y las facilidades ofertadas han sido sin duda un gran est\u00edmulo para mover el parque vehicular a nivel nacional.<\/p>\n\n\n\n<p>\u201cNo hay ninguna duda que cada a\u00f1o, y en esta ocasi\u00f3n en particular, Expom\u00f3vil Banreservas ha generado una inusitada expectativa entre adquirientes y distribuidores del mercado automotriz, adem\u00e1s de que es una oportunidad para que el pa\u00eds vaya renovando paulatinamente su parque vehicular, hacia un modelo m\u00e1s sostenible y amigable con el medioambiente\u201d, manifest\u00f3 el presidente ejecutivo de Banreservas.<\/p>\n\n\n\n<p><strong>Beneficios y tasas<\/strong><\/p>\n\n\n\n<p>Este a\u00f1o las tasas de financiamiento en la Expom\u00f3vil, que se mantuvo abierta desde el jueves 10 hasta la anoche del domingo, comenzaban en 5.83% para veh\u00edculos el\u00e9ctricos e h\u00edbridos, y financiamientos de hasta el 90% del valor de los veh\u00edculos, con la posibilidad de empezar a pagar en febrero de 2025.<\/p>\n\n\n\n<p>Para veh\u00edculos el\u00e9ctricos e h\u00edbridos se ofertaron tasas de 5.83% a seis meses, 8.83% a un a\u00f1o, 10.83% a tres a\u00f1os, y 13.83% a cinco a\u00f1os.<\/p>\n\n\n\n<p>En tanto, las unidades nuevas para uso personal las tasas eran de 7.83% a seis meses; 9.83% a un a\u00f1o; 12.83% a tres a\u00f1os; y 13.83% a cinco a\u00f1os. Para los veh\u00edculos usados, estaban fijas en 13.83% a un a\u00f1o; y 14.83% a dos a\u00f1os. El plazo para este tipo de pr\u00e9stamos es de hasta 7 a\u00f1os.&nbsp;<\/p>\n\n\n\n<p>Mientras que los veh\u00edculos comerciales ten\u00edan tasas de 11.83% a un a\u00f1o; y 12.83% a dos a\u00f1os, y un plazo de hasta 5 a\u00f1os. Al igual que los dem\u00e1s financiamientos, los adquirientes disponen de una p\u00f3liza de veh\u00edculo durante la vida del pr\u00e9stamo, as\u00ed como otros amplios Beneficios.<\/p>\n\n\n\n<p><strong>Dealers y concesionarios<\/strong><\/p>\n\n\n\n<p>Clientes, concesionarios y dealers consultados expresaron su satisfacci\u00f3n con las tasas, facilidades y agilidad en el proceso de aprobaci\u00f3n de los cr\u00e9ditos. As\u00ed lo manifestaron Radelkys Tejada, quien&nbsp; adquiri\u00f3 una Nissan Frontier en Santo Domingo Motors; mientras que Mar\u00eda Alejandra Urdaneta, gerente de ventas de ese concesionario, dijo que las expectativas de las ventas se mantuvieron bastante altas durante toda la feria: \u201cHemos tenido muchos casos sometidos en el Banco, esperando ya la parte de los cierres, aprobaciones y dem\u00e1s. Los clientes estuvieron muy, muy complacidos con las tasas que ofrecieron\u201d.<\/p>\n\n\n\n<p>Alejandro Rodr\u00edguez, vicepresidente ejecutivo de Autobrit\u00e1nica, calific\u00f3 como excelentes los resultados de la Expom\u00f3vil.&nbsp; \u201cHemos recibido un gran apoyo del grupo Banreservas, con gente del banco aqu\u00ed fija, ayud\u00e1ndonos con los clientes y con los pr\u00e9stamos. Realmente nosotros ten\u00edamos muchos clientes que estaban ansiosos esperando la feria; y la tasa, que ha sido bastante agresiva, nos ha ayudado mucho en cruzar las ventas en este mes de octubre\u201d, subray\u00f3.<\/p>\n\n\n\n<p>Similares testimonios se recibieron de otras empresas distribuidoras en el Gran Santo Domingo y en las provincias sobre la demanda y el volumen de aprobaciones de cr\u00e9ditos para veh\u00edculos de las diversas marcas y categor\u00edas de uso, ya sea personal o comercial.<\/p>\n\n\n\n<p>Lissette Carolina Rojas Berroa<\/p>\n\n\n\n<p>Lissette Carolina Rojas Berroa (De tus contactos de Google)<\/p>\n\n\n\n<p><a target=\"_blank\" href=\"mailto:LCRojas@banreservas.com\" rel=\"noreferrer noopener\">LCRojas@banreservas.com<\/a><\/p>\n\n\n\n<p><strong>Vicepresidencia de Relaciones P\u00fablicas. 13 de octubre, 2024.<\/strong><\/p>\n","protected":false},"excerpt":{"rendered":"<p>El presidente ejecutivo de Banreservas, Samuel Pereyra, y Reynaldo M\u00e9ndez le entrega las llaves de su veh\u00edculo a Priena Almonte. Los acompa\u00f1an Pablo de la Rosa, Ysidro Garc\u00eda, Paula Gonz\u00e1lez y Patricia Rivera. Pereyra afirma que el \u00e9xito de la feria automovil\u00edstica es producto de la confianza del mercado en la pol\u00edtica econ\u00f3mica que encabeza [&hellip;]<\/p>\n","protected":false},"author":28,"featured_media":566201,"comment_status":"closed","ping_status":"closed","sticky":false,"template":"","format":"standard","meta":{"footnotes":""},"categories":[18,27],"tags":[],"class_list":["post-566187","post","type-post","status-publish","format-standard","has-post-thumbnail","hentry","category-economia","category-portada"],"_links":{"self":[{"href":"https:\/\/diariodominicano.com\/index.php?rest_route=\/wp\/v2\/posts\/566187","targetHints":{"allow":["GET"]}}],"collection":[{"href":"https:\/\/diariodominicano.com\/index.php?rest_route=\/wp\/v2\/posts"}],"about":[{"href":"https:\/\/diariodominicano.com\/index.php?rest_route=\/wp\/v2\/types\/post"}],"author":[{"embeddable":true,"href":"https:\/\/diariodominicano.com\/index.php?rest_route=\/wp\/v2\/users\/28"}],"replies":[{"embeddable":true,"href":"https:\/\/diariodominicano.com\/index.php?rest_route=%2Fwp%2Fv2%2Fcomments&post=566187"}],"version-history":[{"count":3,"href":"https:\/\/diariodominicano.com\/index.php?rest_route=\/wp\/v2\/posts\/566187\/revisions"}],"predecessor-version":[{"id":566207,"href":"https:\/\/diariodominicano.com\/index.php?rest_route=\/wp\/v2\/posts\/566187\/revisions\/566207"}],"wp:featuredmedia":[{"embeddable":true,"href":"https:\/\/diariodominicano.com\/index.php?rest_route=\/wp\/v2\/media\/566201"}],"wp:attachment":[{"href":"https:\/\/diariodominicano.com\/index.php?rest_route=%2Fwp%2Fv2%2Fmedia&parent=566187"}],"wp:term":[{"taxonomy":"category","embeddable":true,"href":"https:\/\/diariodominicano.com\/index.php?rest_route=%2Fwp%2Fv2%2Fcategories&post=566187"},{"taxonomy":"post_tag","embeddable":true,"href":"https:\/\/diariodominicano.com\/index.php?rest_route=%2Fwp%2Fv2%2Ftags&post=566187"}],"curies":[{"name":"wp","href":"https:\/\/api.w.org\/{rel}","templated":true}]}}